{"id":6143,"date":"2022-12-19T13:19:36","date_gmt":"2022-12-19T10:19:36","guid":{"rendered":"https:\/\/marmarayerelhizmet.com\/?p=6143"},"modified":"2022-12-19T13:19:37","modified_gmt":"2022-12-19T10:19:37","slug":"her-mevsimin-karesi","status":"publish","type":"post","link":"https:\/\/marmarayerelhizmet.com\/index.php\/2022\/12\/19\/her-mevsimin-karesi\/","title":{"rendered":"Her Mevsimin Karesi"},"content":{"rendered":"\n<p>Karesi Belediyesi taraf\u0131ndan bu y\u0131l 2.s\u0131 d\u00fczenlenen \u2018Her Mevsimin Karesi\u2019 temal\u0131 Ulusal<br>Foto\u011fraf Yar\u0131\u015fmas\u0131\u2019nda dereceye giren foto\u011fraflar sergilenecek. Karesi Belediyesi K\u00fclt\u00fcr ve<br>Sanat Evi\u2019ndeki sergi 19 Aral\u0131k Pazartesi g\u00fcn\u00fc saat 14.00\u2019da a\u00e7\u0131lacak.<br>\u2018Her Mevsimin Karesi\u2019 temas\u0131yla d\u00fczenlenen Karesi Belediyesi 6. Ulusal Foto\u011fraf Yar\u0131\u015fmas\u0131<br>sonu\u00e7land\u0131. T\u00fcrkiye Foto\u011fraf Sanat\u0131 Federasyonu (TFSF) ve Bal\u0131kesir Foto\u011fraf Sanat\u0131<br>Derne\u011fi (BASAF) i\u015f birli\u011fi ile ger\u00e7ekle\u015fen, T\u00fcrkiye\u2019den 145 yar\u0131\u015fmac\u0131n\u0131n ba\u015fvuru yapt\u0131\u011f\u0131 6.<br>Karesi Ulusal Foto\u011fraf Yar\u0131\u015fmas\u0131\u2019nda toplam 542 foto\u011fraf j\u00fcri \u00fcyeleri taraf\u0131ndan<br>de\u011ferlendirmeye al\u0131nd\u0131. Yap\u0131lan de\u011ferlendirme sonucunda dereceye giren 3 foto\u011fraf\u0131n d\u0131\u015f\u0131nda<br>3 foto\u011frafa Mansiyon \u00f6d\u00fcl\u00fc, 1 foto\u011frafa ise Karesi Belediyesi \u00d6zel \u00d6d\u00fcl\u00fc verildi. 30 foto\u011fraf<br>sergileme kategorisine se\u00e7ilirken 10 foto\u011fraf ise sat\u0131n alma kategorisinde yer ald\u0131.<br>Foto\u011fraflar 19 Aral\u0131k G\u00fcn\u00fc saat 14.00\u2019da Karesi Belediyesi K\u00fclt\u00fcr ve Sanat Evi\u2019nde<br>(Y\u0131ld\u0131r\u0131m Bayezid Han \u0130marethanesi) a\u00e7\u0131lacak sergi ile be\u011feniye sunulacak. Sergi 22 Aral\u0131k<br>tarihine kadar gezilebilecek.<br>K\u0130MLER DERECEYE G\u0130RD\u0130?<br>Yar\u0131\u015fmada 1.li\u011fi \u2018Sis\u2019 isimli foto\u011fraf\u0131yla Serkan \u00c7olak, 2.li\u011fi \u2018\u00c7ayp\u0131nar Mahallesi\u2019<br>foto\u011fraf\u0131yla Caner Ba\u015fer, 2.l\u00fc\u011f\u00fc ise \u2018S\u00fcp\u00fcrgeci\u2019 foto\u011fraf\u0131 ile Nuri \u00c7oban ald\u0131. Eseng\u00fcl Al\u0131c\u0131,<br>Salih Ku\u015f ve Seyit Konyal\u0131 TFSF Mansiyon \u00f6d\u00fcl\u00fcne lay\u0131k g\u00f6r\u00fcl\u00fcrken, Yahya Engin ise<br>Karesi Belediyesi \u00d6zel \u00d6d\u00fcl\u00fc ald\u0131.<\/p>\n","protected":false},"excerpt":{"rendered":"<p>Karesi Belediyesi taraf\u0131ndan bu y\u0131l 2.s\u0131 d\u00fczenlenen \u2018Her Mevsimin Karesi\u2019 temal\u0131 UlusalFoto\u011fraf Yar\u0131\u015fmas\u0131\u2019nda dereceye giren foto\u011fraflar sergilenecek. Karesi Belediyesi K\u00fclt\u00fcr<\/p>\n","protected":false},"author":2,"featured_media":6144,"comment_status":"open","ping_status":"closed","sticky":false,"template":"","format":"standard","meta":{"colormag_page_container_layout":"default_layout","colormag_page_sidebar_layout":"default_layout","footnotes":""},"categories":[1,5,6,8],"tags":[],"class_list":["post-6143","post","type-post","status-publish","format-standard","has-post-thumbnail","hentry","category-genel","category-gundem","category-kultur-sanat","category-siyaset"],"_links":{"self":[{"href":"https:\/\/marmarayerelhizmet.com\/index.php\/wp-json\/wp\/v2\/posts\/6143","targetHints":{"allow":["GET"]}}],"collection":[{"href":"https:\/\/marmarayerelhizmet.com\/index.php\/wp-json\/wp\/v2\/posts"}],"about":[{"href":"https:\/\/marmarayerelhizmet.com\/index.php\/wp-json\/wp\/v2\/types\/post"}],"author":[{"embeddable":true,"href":"https:\/\/marmarayerelhizmet.com\/index.php\/wp-json\/wp\/v2\/users\/2"}],"replies":[{"embeddable":true,"href":"https:\/\/marmarayerelhizmet.com\/index.php\/wp-json\/wp\/v2\/comments?post=6143"}],"version-history":[{"count":0,"href":"https:\/\/marmarayerelhizmet.com\/index.php\/wp-json\/wp\/v2\/posts\/6143\/revisions"}],"wp:featuredmedia":[{"embeddable":true,"href":"https:\/\/marmarayerelhizmet.com\/index.php\/wp-json\/wp\/v2\/media\/6144"}],"wp:attachment":[{"href":"https:\/\/marmarayerelhizmet.com\/index.php\/wp-json\/wp\/v2\/media?parent=6143"}],"wp:term":[{"taxonomy":"category","embeddable":true,"href":"https:\/\/marmarayerelhizmet.com\/index.php\/wp-json\/wp\/v2\/categories?post=6143"},{"taxonomy":"post_tag","embeddable":true,"href":"https:\/\/marmarayerelhizmet.com\/index.php\/wp-json\/wp\/v2\/tags?post=6143"}],"curies":[{"name":"wp","href":"https:\/\/api.w.org\/{rel}","templated":true}]}}