{"id":6139,"date":"2022-12-19T13:14:42","date_gmt":"2022-12-19T10:14:42","guid":{"rendered":"https:\/\/marmarayerelhizmet.com\/?p=6139"},"modified":"2022-12-19T13:14:42","modified_gmt":"2022-12-19T10:14:42","slug":"unutulmaz-gece","status":"publish","type":"post","link":"https:\/\/marmarayerelhizmet.com\/index.php\/2022\/12\/19\/unutulmaz-gece\/","title":{"rendered":"Unutulmaz Gece"},"content":{"rendered":"\n<p>Alt\u0131eyl\u00fcl Belediyesinin sosyal ve k\u00fclt\u00fcrel belediyecilik faaliyetleri kapsam\u0131nda d\u00fczenledi\u011fi Y\u00fccel Arzen ve Orkestras\u0131 konserine vatanda\u015flar yo\u011fun ilgi g\u00f6sterdi. Hasan Can K\u00fclt\u00fcr Merkezinde d\u00fczenlenen konserde dinleyiciler Y\u00fccel Arzen\u2019in besteledi\u011fi eserler ile unutulmaz bir m\u00fczik gecesi ya\u015fad\u0131lar.<\/p>\n\n\n\n<p>YO\u011eUN KATILIM<\/p>\n\n\n\n<p>Alt\u0131eyl\u00fcl\u2019\u00fc sosyal ve k\u00fclt\u00fcrel anlamda \u00e7ok daha geli\u015fmi\u015f bir kent haline getirmek istediklerini s\u00f6yleyen Alt\u0131eyl\u00fcl Belediye Ba\u015fkan\u0131 Hasan Avc\u0131: Hasan Can K\u00fclt\u00fcr Merkezimizin Bal\u0131kesir\u2019imizde k\u00fclt\u00fcr-sanat faaliyetlerinin geli\u015fmesi ve artmas\u0131 noktas\u0131nda \u00e7ok b\u00fcy\u00fck bir etkisi oldu. Buda bizi \u00e7ok mutlu ediyor. Bug\u00fcn burada yine \u00e7ok de\u011ferli bir m\u00fczik adam\u0131n\u0131, \u00e7ok k\u0131ymetli bir bestekar\u0131 a\u011f\u0131rlaman\u0131n mutlulu\u011funu ya\u015fad\u0131k. Kendisi pop\u00fcler bestelerinin yan\u0131nda edebiyat\u0131m\u0131z\u0131n \u00e7ok de\u011ferli \u015fiirlerini besteleyerek yeniden yorumlamas\u0131 bizleri \u00e7ok etkilemi\u015fti. Kendisini buraya davet ettik ve bizleri k\u0131rmayarak Hasan Can K\u00fclt\u00fcr Merkezimizi dolduran misafirlerimize unutulmaz bir ak\u015fam ya\u015fatm\u0131\u015f oldu. Tekrardan kendisine \u00e7ok te\u015fekk\u00fcr ediyoruz. Dedi.<\/p>\n\n\n\n<p>M\u00dcZ\u0130KSEVERLERDEN TAM NOT ALDI<\/p>\n\n\n\n<p>Birbirinden g\u00fczel eserlerin m\u00fczikseverlerin be\u011fenisine sunuldu\u011fu konser b\u00fcy\u00fck bir be\u011feni ve ilgiyle izlendi. Necip Faz\u0131l K\u0131sak\u00fcrek&#8217;in eserleri, &#8216;Surda Bir Gedik A\u00e7t\u0131k&#8217; ve &#8216;Sakarya&#8217; t\u00fcrk\u00fcs\u00fcn\u00fc ve T\u00fcrkiye Y\u00fczy\u0131l\u0131n\u0131 da seslendiren Y\u00fccel Arzen, vatanda\u015flardan da tam not ald\u0131.<\/p>\n\n\n\n<p>Program sonunda sahneye \u00e7\u0131kan B\u00fcy\u00fck\u015fehir Belediyesi Ba\u015fkan Vekili Mehmet Birol \u015eahin ve Alt\u0131eyl\u00fcl Belediye Ba\u015fkan\u0131 Hasan Avc\u0131, Y\u00fccel Arzen ve ekibini g\u00f6stermi\u015f olduklar\u0131 m\u00fcthi\u015f performanstan dolay\u0131 tebrik ederek kendilerine \u00e7i\u00e7ek&nbsp;takdim&nbsp;etti.<\/p>\n","protected":false},"excerpt":{"rendered":"<p>Alt\u0131eyl\u00fcl Belediyesinin sosyal ve k\u00fclt\u00fcrel belediyecilik faaliyetleri kapsam\u0131nda d\u00fczenledi\u011fi Y\u00fccel Arzen ve Orkestras\u0131 konserine vatanda\u015flar yo\u011fun ilgi g\u00f6sterdi. Hasan Can<\/p>\n","protected":false},"author":2,"featured_media":6140,"comment_status":"open","ping_status":"closed","sticky":false,"template":"","format":"standard","meta":{"colormag_page_container_layout":"default_layout","colormag_page_sidebar_layout":"default_layout","footnotes":""},"categories":[1,5,6,8],"tags":[],"class_list":["post-6139","post","type-post","status-publish","format-standard","has-post-thumbnail","hentry","category-genel","category-gundem","category-kultur-sanat","category-siyaset"],"_links":{"self":[{"href":"https:\/\/marmarayerelhizmet.com\/index.php\/wp-json\/wp\/v2\/posts\/6139","targetHints":{"allow":["GET"]}}],"collection":[{"href":"https:\/\/marmarayerelhizmet.com\/index.php\/wp-json\/wp\/v2\/posts"}],"about":[{"href":"https:\/\/marmarayerelhizmet.com\/index.php\/wp-json\/wp\/v2\/types\/post"}],"author":[{"embeddable":true,"href":"https:\/\/marmarayerelhizmet.com\/index.php\/wp-json\/wp\/v2\/users\/2"}],"replies":[{"embeddable":true,"href":"https:\/\/marmarayerelhizmet.com\/index.php\/wp-json\/wp\/v2\/comments?post=6139"}],"version-history":[{"count":0,"href":"https:\/\/marmarayerelhizmet.com\/index.php\/wp-json\/wp\/v2\/posts\/6139\/revisions"}],"wp:featuredmedia":[{"embeddable":true,"href":"https:\/\/marmarayerelhizmet.com\/index.php\/wp-json\/wp\/v2\/media\/6140"}],"wp:attachment":[{"href":"https:\/\/marmarayerelhizmet.com\/index.php\/wp-json\/wp\/v2\/media?parent=6139"}],"wp:term":[{"taxonomy":"category","embeddable":true,"href":"https:\/\/marmarayerelhizmet.com\/index.php\/wp-json\/wp\/v2\/categories?post=6139"},{"taxonomy":"post_tag","embeddable":true,"href":"https:\/\/marmarayerelhizmet.com\/index.php\/wp-json\/wp\/v2\/tags?post=6139"}],"curies":[{"name":"wp","href":"https:\/\/api.w.org\/{rel}","templated":true}]}}