{"id":6126,"date":"2022-11-20T13:43:17","date_gmt":"2022-11-20T10:43:17","guid":{"rendered":"https:\/\/marmarayerelhizmet.com\/?p=6126"},"modified":"2022-11-20T13:43:18","modified_gmt":"2022-11-20T10:43:18","slug":"yasayan-mekan","status":"publish","type":"post","link":"https:\/\/marmarayerelhizmet.com\/index.php\/2022\/11\/20\/yasayan-mekan\/","title":{"rendered":"Ya\u015fayan Mekan"},"content":{"rendered":"\n<p>Karesi Belediyesi&#8217;nce Gazi Mustafa Kemal Atat\u00fcrk&#8217;\u00fcn Selanik&#8217;te do\u011fdu\u011fu evin benzeri olarak in\u015fa ettirilen Karesi Atat\u00fcrk Evi&#8217;ni, bir y\u0131lda ziyaret eden ki\u015fi say\u0131s\u0131 70 bini ge\u00e7ti. Ayr\u0131ca 10 Kas\u0131m nedeniyle ziyaret edenlere ise Atat\u00fcrk\u2019\u00fcn kaleme ald\u0131\u011f\u0131 Nutuk hediye edildi.&nbsp;<\/p>\n\n\n\n<p>Karesi Belediye Ba\u015fkan\u0131 Din\u00e7er Orkan\u2019\u0131n vizyon projelerinden olan Karesi Atat\u00fcrk Evi ziyaret\u00e7i ak\u0131n\u0131na u\u011fruyor. 2021 y\u0131l\u0131 10 Kas\u0131m\u2019\u0131nda hizmete a\u00e7\u0131lan ve Gazi Mustafa Kemal Atat\u00fcrk&#8217;\u00fcn Selanik&#8217;te do\u011fdu\u011fu evin benzeri olan Karesi Atat\u00fcrk Evi&#8217;ni bir y\u0131lda 73 bin ki\u015fi ziyaret etti. Atat\u00fcrk\u2019\u00fcn ebediyete intikal edi\u015finin y\u0131ld\u00f6n\u00fcm\u00fc olan 10 Kas\u0131m nedeniyle Karesi Atat\u00fcrk Evi\u2019nde anaokulu \u00f6\u011frencilerinin kat\u0131l\u0131m\u0131yla anma t\u00f6reni d\u00fczenlenirken, g\u00fcnboyunca ziyaret edenlere ise Gazi Mustafa Kemal Atat\u00fcrk\u2019\u00fcn kaleme ald\u0131\u011f\u0131 Nutuk adl\u0131 eseri hediye edildi.<\/p>\n\n\n\n<figure class=\"wp-block-image size-large\"><img decoding=\"async\" width=\"1024\" height=\"620\" src=\"https:\/\/marmarayerelhizmet.com\/wp-content\/uploads\/2022\/11\/ata1-1024x620.jpg\" alt=\"\" class=\"wp-image-6127\" srcset=\"https:\/\/marmarayerelhizmet.com\/wp-content\/uploads\/2022\/11\/ata1-1024x620.jpg 1024w, https:\/\/marmarayerelhizmet.com\/wp-content\/uploads\/2022\/11\/ata1-300x182.jpg 300w, https:\/\/marmarayerelhizmet.com\/wp-content\/uploads\/2022\/11\/ata1-768x465.jpg 768w, https:\/\/marmarayerelhizmet.com\/wp-content\/uploads\/2022\/11\/ata1.jpg 1311w\" sizes=\"(max-width: 1024px) 100vw, 1024px\" \/><figcaption><\/figcaption><\/figure>\n\n\n\n<p>YA\u015eAYAN CANLI B\u0130R MEKAN&nbsp;<\/p>\n\n\n\n<p>Atat\u00fcrk Evi&#8217;nin Karesi\u2019ye kazand\u0131rmas\u0131n\u0131n pek \u00e7ok a\u00e7\u0131dan \u00f6nemli oldu\u011funu belirten Karesi Belediye Ba\u015fkan\u0131 Din\u00e7er Orkan, evin ge\u00e7mi\u015f ku\u015faklar ile gelecek ku\u015faklar aras\u0131nda bir ba\u011f olu\u015fturmas\u0131 a\u00e7\u0131s\u0131ndan \u00f6nemine de\u011findi. Karesi Atat\u00fcrk Evi\u2019ne toplumun t\u00fcm kesimlerinin ilgi g\u00f6sterdi\u011fini ifade eden Ba\u015fkan Orkan, \u201cT\u00fcrkiye Cumhuriyetinin Kurulu\u015f ko\u015fullar\u0131na ve Atat\u00fcrk \u00fcn m\u00fccadelesine duyulan ilgi bizi mutlu etti. Karesi Atat\u00fcrk Evi\u2019ni kuruldu\u011fu g\u00fcnden buyana, yani 1 y\u0131lda ziyaret eden ki\u015fi say\u0131s\u0131 70 bini ge\u00e7ti. \u0130nan\u0131yoruz ki Karesi Atat\u00fcrk Evi ya\u015fayan, canl\u0131 bir mekan olacakt\u0131r. Dilerim Karesi Atat\u00fcrk Evi sayesinde Bal\u0131kesirimize ve Karesimize de\u011fer katmay\u0131 ba\u015farm\u0131\u015f olduk ve vatanda\u015flar\u0131m\u0131z\u0131n tevecc\u00fch\u00fcne nail olmu\u015f oluruz\u201d dedi.<\/p>\n\n\n\n<p>KARES\u0130 ATAT\u00dcRK EV\u0130\u2019NDE NELER VAR?&nbsp;<\/p>\n\n\n\n<p>Karesi Atat\u00fcrk Evi\u2019nin bah\u00e7esinin \u00f6\u011frencilerin etkinlik ve t\u00f6renleri i\u00e7in uygun planlanmas\u0131 ile birlikte, i\u00e7erisinde: Atat\u00fcrk ve Milli M\u00fccadele ve Devrimleri, Atat\u00fcrk \u00fcn Do\u011fa Sevgisi, Atat\u00fcrk ve \u00c7ocuk, Atat\u00fcrk \u00fcn Bal\u0131kesir Ziyaretleri, \u015eehitler An\u0131 Alan\u0131, Z\u00fcbeyde Han\u0131m An\u0131 Alan\u0131, Son Kur\u015fun Koleksiyonu Sergisi, Bal\u0131kesir ve Kuva-yi Milliye Odas\u0131, G\u00f6sterim Odas\u0131, K\u00fct\u00fcphane ve \u00d6z\u00e7ekim Odas\u0131 gibi b\u00f6l\u00fcmler bulunuyor.<\/p>\n","protected":false},"excerpt":{"rendered":"<p>Karesi Belediyesi&#8217;nce Gazi Mustafa Kemal Atat\u00fcrk&#8217;\u00fcn Selanik&#8217;te do\u011fdu\u011fu evin benzeri olarak in\u015fa ettirilen Karesi Atat\u00fcrk Evi&#8217;ni, bir y\u0131lda ziyaret eden<\/p>\n","protected":false},"author":2,"featured_media":6128,"comment_status":"open","ping_status":"closed","sticky":false,"template":"","format":"standard","meta":{"colormag_page_container_layout":"default_layout","colormag_page_sidebar_layout":"default_layout","footnotes":""},"categories":[5,6,8],"tags":[],"class_list":["post-6126","post","type-post","status-publish","format-standard","has-post-thumbnail","hentry","category-gundem","category-kultur-sanat","category-siyaset"],"_links":{"self":[{"href":"https:\/\/marmarayerelhizmet.com\/index.php\/wp-json\/wp\/v2\/posts\/6126","targetHints":{"allow":["GET"]}}],"collection":[{"href":"https:\/\/marmarayerelhizmet.com\/index.php\/wp-json\/wp\/v2\/posts"}],"about":[{"href":"https:\/\/marmarayerelhizmet.com\/index.php\/wp-json\/wp\/v2\/types\/post"}],"author":[{"embeddable":true,"href":"https:\/\/marmarayerelhizmet.com\/index.php\/wp-json\/wp\/v2\/users\/2"}],"replies":[{"embeddable":true,"href":"https:\/\/marmarayerelhizmet.com\/index.php\/wp-json\/wp\/v2\/comments?post=6126"}],"version-history":[{"count":0,"href":"https:\/\/marmarayerelhizmet.com\/index.php\/wp-json\/wp\/v2\/posts\/6126\/revisions"}],"wp:featuredmedia":[{"embeddable":true,"href":"https:\/\/marmarayerelhizmet.com\/index.php\/wp-json\/wp\/v2\/media\/6128"}],"wp:attachment":[{"href":"https:\/\/marmarayerelhizmet.com\/index.php\/wp-json\/wp\/v2\/media?parent=6126"}],"wp:term":[{"taxonomy":"category","embeddable":true,"href":"https:\/\/marmarayerelhizmet.com\/index.php\/wp-json\/wp\/v2\/categories?post=6126"},{"taxonomy":"post_tag","embeddable":true,"href":"https:\/\/marmarayerelhizmet.com\/index.php\/wp-json\/wp\/v2\/tags?post=6126"}],"curies":[{"name":"wp","href":"https:\/\/api.w.org\/{rel}","templated":true}]}}