{"id":6075,"date":"2022-09-07T11:58:24","date_gmt":"2022-09-07T08:58:24","guid":{"rendered":"https:\/\/marmarayerelhizmet.com\/?p=6075"},"modified":"2022-09-07T11:58:26","modified_gmt":"2022-09-07T08:58:26","slug":"uysal-sordu-comez-yanitladi","status":"publish","type":"post","link":"https:\/\/marmarayerelhizmet.com\/index.php\/2022\/09\/07\/uysal-sordu-comez-yanitladi\/","title":{"rendered":"Uysal Sordu, \u00c7\u00f6mez Yan\u0131tlad\u0131"},"content":{"rendered":"\n<p>K\u00fc\u00e7\u00fck bir Anadolu k\u00f6y\u00fcnde ba\u015flayan m\u00fctevazi bir hayat, \u201c\u0130mam\u201d olmak \u00fczere \u00e7\u0131k\u0131lan bir yolculuk, hekimlikle devam eden bir kariyer, f\u0131rt\u0131nal\u0131 siyaset ya\u015fam\u0131, m\u00fccadeleci bir tav\u0131r ve ard\u0131ndan gelen 12 y\u0131ll\u0131k s\u00fcrg\u00fcn d\u00f6nemi. Ve belki de yeniden siyasete d\u00f6n\u00fc\u015f. Marmara Yerel Hizmet Dergisi\u2019nin bu say\u0131da konu\u011fu Op. Dr. Turhan \u00c7\u00f6mez.<\/p>\n\n\n\n<figure class=\"wp-block-image size-large\"><img decoding=\"async\" width=\"768\" height=\"1024\" src=\"https:\/\/marmarayerelhizmet.com\/wp-content\/uploads\/2022\/09\/kapakkk-768x1024.jpg\" alt=\"\" class=\"wp-image-6076\" srcset=\"https:\/\/marmarayerelhizmet.com\/wp-content\/uploads\/2022\/09\/kapakkk-768x1024.jpg 768w, https:\/\/marmarayerelhizmet.com\/wp-content\/uploads\/2022\/09\/kapakkk-225x300.jpg 225w, https:\/\/marmarayerelhizmet.com\/wp-content\/uploads\/2022\/09\/kapakkk-1152x1536.jpg 1152w, https:\/\/marmarayerelhizmet.com\/wp-content\/uploads\/2022\/09\/kapakkk-1536x2048.jpg 1536w, https:\/\/marmarayerelhizmet.com\/wp-content\/uploads\/2022\/09\/kapakkk.jpg 1698w\" sizes=\"(max-width: 768px) 100vw, 768px\" \/><figcaption><\/figcaption><\/figure>\n\n\n\n<p><\/p>\n\n\n\n<p><strong>Say\u0131n \u00c7\u00f6mez, Bal\u0131kesir sizi milletvekili oldu\u011funuz d\u00f6nemde tan\u0131d\u0131. K\u0131saca \u00e7ocuklu\u011funuz, gen\u00e7li\u011finiz, mesleki kariyeriniz ve siyasete uzanan ya\u015fant\u0131n\u0131zdan bize kesitler anlat\u0131r m\u0131s\u0131n\u0131z?<\/strong><\/p>\n\n\n\n<p>\u00c7ok te\u015fekk\u00fcr ediyorum. Ben bu co\u011frafyan\u0131n \u00e7ocu\u011fuyum. Bal\u0131kesirliyim ve Bal\u0131kesirli olmaktan da hep gurur duydum. Bal\u0131kesir, Kuvay-i Milliye ruhunun filizlendi\u011fi bir co\u011frafyad\u0131r, T\u00fcrkiye&#8217;nin temelleri bu topraklarda at\u0131lm\u0131\u015ft\u0131r. Yi\u011fit insanlar\u0131n, kahraman insanlar\u0131n, \u00e7al\u0131\u015fkan ve fedak\u00e2r insanlar\u0131n bulundu\u011fu bir memlekettir. Asl\u0131nda ben G\u00fcney Marmaral\u0131y\u0131m diyebilirim \u00e7\u00fcnk\u00fc do\u011fum yerim Band\u0131rma, G\u00f6nen&#8217;in bir k\u00f6y\u00fcnde b\u00fcy\u00fcd\u00fcm ve anne taraf\u0131ndan da Manyasl\u0131y\u0131m. \u00c7ocuklu\u011fum G\u00f6nen\u2019in Pa\u015fa\u00e7iftlik k\u00f6y\u00fcnde ge\u00e7ti. \u0130lk y\u0131llar\u0131nda elektri\u011fi, suyu olmayan son derece iptidai \u015fartlarda insanlar\u0131n ya\u015fant\u0131s\u0131n\u0131 s\u00fcrd\u00fcrd\u00fc\u011f\u00fc k\u00fc\u00e7\u00fck bir k\u00f6yd\u00fc ama san\u0131yorum hayat\u0131m\u0131n en g\u00fczel, en mutlu, en huzurlu y\u0131llar\u0131yd\u0131 desem yanl\u0131\u015f bir \u015fey s\u00f6ylemi\u015f olmam. \u00c7ift\u00e7i bir ailenin \u00e7ocu\u011fu olarak b\u00fcy\u00fcd\u00fcm. \u0130lkokulu birka\u00e7 s\u0131n\u0131f bir arada okumak zorunda kald\u0131k, ancak orada hayata tutunmay\u0131, sevgiyi, arkada\u015fl\u0131\u011f\u0131, sorumlulu\u011fu, payla\u015fmay\u0131, tabiat\u0131, \u00e7evre bilincini, d\u00fcr\u00fcst ve ahlakl\u0131 olmay\u0131, vatan\u0131 sevmeyi, yoklu\u011fun k\u0131ymetini, varl\u0131\u011f\u0131n de\u011ferini \u00f6\u011frenme f\u0131rsat\u0131 yakalad\u0131k. Hi\u00e7 oyunca\u011f\u0131m\u0131z olmad\u0131 desem yalan s\u00f6ylemi\u015f olmam. Yokluk y\u0131llar\u0131yd\u0131 o y\u0131llar. Mesela okulun sobas\u0131na herkes d\u00f6n\u00fc\u015f\u00fcml\u00fc olarak odun ta\u015f\u0131rd\u0131. Yine beslenme saatinde herkes s\u0131ras\u0131na g\u00f6re evde annelerinin eldeki imk\u00e2nlarla pi\u015firebildi\u011fi ufak tefek \u015feyleri getirir yap\u0131lan kurabiyelere po\u011fa\u00e7alar\u0131 hep birlikte yerdik.\u00a0 Tabii iki s\u0131n\u0131f bir ara okuman\u0131n getirdi\u011fi zorluklar da vard\u0131, ancak \u00fcst s\u0131n\u0131ftayken alt s\u0131n\u0131ftakilere abilik yapmak, onlar\u0131 korumak kollamak; alt s\u0131n\u0131ftayken de \u00fcst s\u0131n\u0131ftakilere bak\u0131p kendinize rol model aramak, onlar\u0131 taklit etmek, benimsemek g\u00fczeldi. K\u00f6yde ailemizin ge\u00e7im kayna\u011f\u0131 \u00e7ift\u00e7ilikti. Bizlerde bo\u015f zamanlar\u0131m\u0131zda babamla birlikte tarlaya gider, ekime, dikime ve hasada kat\u0131l\u0131rd\u0131k. \u00d6zellikle yaz d\u00f6nemlerinde ay\u00e7i\u00e7ek ve bu\u011fday tarlalar\u0131nda vakit ge\u00e7irirdik. \u0130lgin\u00e7 an\u0131lar\u0131mdan bir tanesi annem sabahlar\u0131 bah\u00e7edeki inekleri sa\u011far, onlar\u0131n s\u00fct\u00fcn\u00fc hemen bize kaynat\u0131r, taze bir \u015fekilde i\u00e7irir ve okula g\u00f6nderirdi. K\u00f6y\u00fcn suyu yoktu. K\u00f6yde bulunan birka\u00e7 tane su kuyusundan b\u00fcy\u00fckler evlere, bize su getirir, annem uzak\u00e7a bir mesafeden su ta\u015f\u0131r ve evin ihtiya\u00e7lar\u0131 bu \u015fekilde giderilirdi. Ak\u015famlar\u0131 gaz lambas\u0131n-da ders \u00e7al\u0131\u015f\u0131rd\u0131k. Televizyon ve elektrik yoktu ama mutluluk vard\u0131, sevgi vard\u0131. Bu \u015fartlar alt\u0131nda okuduk. \u0130lkokulu bitirdikten sonra ne yapaca\u011f\u0131m konusunda hi\u00e7bir fikrim yoktu. Babam bir ak\u015fam eve geldi\u011finde dedi ki; \u2018Band\u0131rma&#8217;da \u0130mam Hatip Lisesi varm\u0131\u015f, seni oraya verece\u011fiz\u2019. O g\u00fcn\u00fcn \u015fartlar\u0131nda geleneksel olarak \u00e7ocuklar\u0131n fikir beyan etme imk\u00e2n\u0131 yoktu. Bizlerde \u201cPeki\u201d dedik. Oray\u0131 bitirince \u2018Ben seni hoca yapaca\u011f\u0131m, imam olacaks\u0131n\u2019 dedi. Bu benim \u00e7ok da arzu etti\u011fim bir \u015fey de\u011fildi ancak itiraz etme \u015fans\u0131m da yoktu o d\u00f6nem. Band\u0131rma Ulu Camii&#8217;nin bah\u00e7esinde bodrum kat\u0131nda k\u00fc\u00e7\u00fck birka\u00e7 s\u0131n\u0131ftan olu\u015fan \u0130mam Hatip Lisesi vard\u0131. \u00c7ok \u00e7al\u0131\u015fkan ve ba\u015far\u0131l\u0131 bir \u00f6\u011frenciydim. Ancak o d\u00f6nemde \u0130mam Hatip Lisesi\u2019ni bitirenlerin T\u0131p Fak\u00fcltesi\u2019ne gitmesi hemen hemen imk\u00e2ns\u0131zd\u0131. Fakat buna ra\u011fmen hekim olmay\u0131 \u00e7ok istiyordum. M\u00fcthi\u015f bir istek vard\u0131 i\u00e7imde. Babamla bunu payla\u015ft\u0131\u011f\u0131nda m\u00fcsaade etti, \u2018Kazan\u0131rsan gidersin\u2019 dedi. Ve ben o d\u00f6nem \u0130mam Hatip Lisesi\u2019nde olmayan dersleri de \u00e7al\u0131\u015farak, \u00e7ok yo\u011fun bir tempoda haz\u0131rlanarak olduk\u00e7a y\u00fcksek bir puanla \u0130stanbul T\u0131p Fak\u00fcltesi&#8217;ne ilk tercihim olarak girdim. Burada da olduk\u00e7a g\u00fczel ve ba\u015far\u0131l\u0131 bir \u00f6\u011frencilik hayat\u0131m ge\u00e7ti. \u00c7ok yo\u011fun bir tempoda ge\u00e7en 6 y\u0131l\u0131n ard\u0131ndan okulu bitirip mecburi hizmet olarak kura ile Erzurum&#8217;a tayinim oldu. Burada bir y\u0131l hekimlik yapt\u0131m. T\u00fcrkiye&#8217;nin ba\u015fka bir co\u011frafyas\u0131n\u0131, ba\u015fka k\u00fclt\u00fcrlerini tan\u0131ma f\u0131rsat\u0131m oldu. Merkezdeki olduk\u00e7a eski bir binada olan Filiz Dolunay Sa\u011fl\u0131k Oca\u011f\u0131\u2019nda g\u00f6reve ba\u015flad\u0131m. Ancak ortaya koydu\u011fum performans olduk\u00e7a dikkat \u00e7ekici olmu\u015f ki, d\u00f6nemin siyasileri ve yetkilileri beni \u0130l Sa\u011fl\u0131k M\u00fcd\u00fcrl\u00fc\u011f\u00fcne almak istediler, ben de hizmetlerimi daha iyi yapabilmek, mevzuat\u0131 daha iyi tan\u0131mak ad\u0131na \u0130l Sa\u011fl\u0131k M\u00fcd\u00fcr Yard\u0131mc\u0131s\u0131 olarak g\u00f6reve ba\u015flad\u0131m. \u00c7ok gen\u00e7 ya\u015fta Erzurum&#8217;un b\u00fct\u00fcn sa\u011fl\u0131k hizmetlerinde sorumluluk ald\u0131m. Benim i\u00e7in iyi bir deneyim oldu. Y\u00f6netim becerisi kazand\u0131m. O ya\u015flarda farkl\u0131 bir co\u011frafyada yepyeni bir d\u00fcnyay\u0131 g\u00f6rmek, bilmek, T\u00fcrkiye&#8217;yi tan\u0131mak, devletin i\u015fleyi\u015fini \u00f6\u011frenmek ad\u0131na b\u00fcy\u00fck bir kazan\u0131md\u0131 benim i\u00e7in. Mecburi hizmet s\u00fcremin sonunda tayin isteyerek memleketime geri d\u00f6nd\u00fcm ve Band\u0131rma Devlet Hastanesi&#8217;nin Acil Servisi\u2019nde hekim olarak g\u00f6reve ba\u015flad\u0131m. Bir taraftan da uzman hekim olmak istiyordum. Hem acilde yo\u011fun bir tempoda g\u00f6rev yaparken di\u011fer taraftan da s\u0131navlara haz\u0131rlanmak i\u00e7in ders \u00e7al\u0131\u015fmay\u0131 ihmal etmedim. \u0130lk y\u0131l girdi\u011fim s\u0131navda da \u0130stanbul Vak\u0131f Gureba Hastanesi Genel Cerrahi Klini\u011fi\u2019ni kazand\u0131m. Yakla\u015f\u0131k 7-8 ay\u0131n ard\u0131ndan Band\u0131rma\u2019dan ayr\u0131ld\u0131m, \u0130stanbul&#8217;a tayin oldum ve orada ihtisas hayat\u0131m ba\u015flam\u0131\u015f oldu. \u00c7ok zorlu ge\u00e7en 4,5 y\u0131ll\u0131k e\u011fitimin ard\u0131ndan Genel Cerrahi Uzman\u0131 oldum. O y\u0131llarda kazand\u0131\u011f\u0131m deneyimle \u0130ngiltere&#8217;de de \u00e7ok b\u00fcy\u00fck ameli-yatlar yapma f\u0131rsat\u0131m oldu. Asistanl\u0131k y\u0131llar\u0131m\u0131n ilk d\u00f6neminde Erdo\u011fan&#8217;la tan\u0131\u015ft\u0131m. Gen\u00e7lik y\u0131llar\u0131mdan itibaren siyasete yak\u0131n bir ilgim vard\u0131. K\u00f6yde babam haftada bir g\u00fcn gitti\u011fi G\u00f6nen\u2019de Sal\u0131 Pazar\u0131\u2019ndan Terc\u00fcman Gazetesi al\u0131p geldi\u011finde, o gazetenin her sat\u0131r\u0131n\u0131 dikkat ve titiz bir \u015fekilde okur anlamaya \u00e7al\u0131\u015f\u0131rd\u0131m. O zamanlar ajans denilirdi, mutlaka haberleri dinler, olup bitenleri alg\u0131lamaya \u00e7al\u0131\u015f\u0131r, kafa yorard\u0131m. Babama siyasetle ilgili \u00e7ok sorular sorard\u0131m. Erdo\u011fan&#8217;la ilk tan\u0131\u015fmam hen\u00fcz kendisinin \u0130l Ba\u015fkan\u0131 oldu\u011fu 1992 y\u0131llar\u0131na dayan\u0131r. Sonra da kendisi ile hukukumuz devam etti. Uzman olduktan sonra \u00e7al\u0131\u015fmaya devam etti\u011fim o b\u00fcy\u00fck hastanede, bir s\u00fcre sonra ba\u015fhekim muavini olarak g\u00f6rev ald\u0131m. Yine o d\u00f6nemde hem hastane y\u00f6netimi hem b\u00fcy\u00fck organizasyon konusunda b\u00fcy\u00fck kazan\u0131mlar\u0131m oldu ve ard\u0131ndan kendisinin talebi, ricas\u0131 ve teklifi \u00fczerine Erdo\u011fan&#8217;la birlikte AKP&#8217;nin kurulu\u015fu i\u00e7in yola \u00e7\u0131kt\u0131k. O\u2019nun hem \u00f6zel kalem m\u00fcd\u00fcr\u00fc hem siyasi dan\u0131\u015fman\u0131 oldum. Daha sonra da AKP ile siyaset hayat\u0131 ba\u015flam\u0131\u015f oldu. \u00c7ocukluk y\u0131llar\u0131nda ba\u015flayan ilgi ve merak, daha sonra profesyonel olarak siyaset hayat\u0131na evrildi. Partinin kurulu\u015f a\u015famas\u0131ndan iktidara geli\u015f noktas\u0131na kadar her evresinde bulundum. Daha sonra da bildi\u011finiz gibi 2002\u2019de Bal\u0131kesir&#8217;den milletvekili se\u00e7ildim ve o d\u00f6nemde gururla, mutlulukla, severek kendi insan\u0131ma, kendi topraklar\u0131ma hizmet etmeye \u00e7al\u0131\u015ft\u0131m. Tabii bu arada \u00fclkemi de ihmal etmedim. Benim siyaset anlay\u0131\u015f\u0131m ve tarz\u0131m hem yerel siyasette aktif olmak yani b\u00f6lgeye hizmet etmek hem de ulusal siyasette de etkili olup T\u00fcrkiye&#8217;nin kaderine y\u00f6n verecek kararlar\u0131n alt\u0131nda katk\u0131m\u0131n bulunmas\u0131 \u015feklindeydi. O y\u00fczden b\u00f6yle bir siyaset modelim vard\u0131. \u015eikayet\u00e7i de\u011filim. Dolay\u0131s\u0131yla benim; k\u00fc\u00e7\u00fck bir Anadolu k\u00f6y\u00fcnde ba\u015flayan yolculu\u011fumun Ankara&#8217;ya ta\u015f\u0131nd\u0131\u011f\u0131 d\u00f6neme kadar ki k\u0131sm\u0131n\u0131 sizlerle bu vesileyle payla\u015fm\u0131\u015f oldum.<\/p>\n\n\n\n<figure class=\"wp-block-image size-large\"><img decoding=\"async\" width=\"1024\" height=\"793\" src=\"https:\/\/marmarayerelhizmet.com\/wp-content\/uploads\/2022\/09\/coculuk-1024x793.jpg\" alt=\"\" class=\"wp-image-6077\" srcset=\"https:\/\/marmarayerelhizmet.com\/wp-content\/uploads\/2022\/09\/coculuk-1024x793.jpg 1024w, https:\/\/marmarayerelhizmet.com\/wp-content\/uploads\/2022\/09\/coculuk-300x232.jpg 300w, https:\/\/marmarayerelhizmet.com\/wp-content\/uploads\/2022\/09\/coculuk-768x595.jpg 768w, https:\/\/marmarayerelhizmet.com\/wp-content\/uploads\/2022\/09\/coculuk.jpg 1291w\" sizes=\"(max-width: 1024px) 100vw, 1024px\" \/><figcaption><\/figcaption><\/figure>\n\n\n\n<p><strong>Siyasetle ilk tan\u0131\u015f\u0131kl\u0131\u011f\u0131n\u0131z nas\u0131l oldu, Erdo\u011fan&#8217;la yolculu\u011funuz nas\u0131l ba\u015flad\u0131, yollar ne zaman kesi\u015fti? Bu konuda biraz bize bilgi verir misiniz?<\/strong><\/p>\n\n\n\n<p>Az \u00f6nce de ifade etti\u011fim gibi \u00e7ocuklu\u011fumdan beri siyasete yak\u0131n ilgi duyuyordum. \u0130mk\u00e2nlar\u0131n \u00f6l\u00e7\u00fcs\u00fcnde hep g\u00fcndemi takip etmeye, siyasetin i\u00e7inde olmaya gayret g\u00f6sterdim. \u00dclkemde ve d\u00fcnyadaki olup bitenleri anlamaya, geli\u015fmeleri s\u00fcrekli de\u011ferlendirmeye \u00e7al\u0131\u015ft\u0131m. T\u0131p Fak\u00fcltesi\u2019nde \u00f6\u011frencilik d\u00f6neminde derslerin a\u011f\u0131rl\u0131\u011f\u0131ndan ve yo\u011fun tempodan dolay\u0131 bir siyasi faaliyet i\u00e7inde olma imk\u00e2n\u0131m yoktu elbette ancak hekim olarak ilk g\u00f6reve ba\u015flad\u0131\u011f\u0131m Erzurum&#8217;dan itibaren siyaseti \u00e7ok yak\u0131ndan takip ettim. O d\u00f6nem Anavatan Partisi iktidardayd\u0131, g\u00fcn\u00fcn siyasileriyle irtibatlar\u0131m ve dostluklar\u0131m olu\u015ftu. Sonras\u0131nda Band\u0131rma ve \u0130stanbul&#8217;daki d\u00f6neminde de siyaset\u00e7ilerle \u00e7ok yo\u011fun ili\u015fkilerim ve diyaloglar\u0131m devam etti. Erdo\u011fan\u2019la kar\u015f\u0131la\u015fmam yakla\u015f\u0131k 30 y\u0131l \u00f6ncesine dayan\u0131r. Bir arkada\u015f\u0131m\u0131n evinde birlikte yemek yedik. Ondan sonra da temas\u0131m\u0131z ve bir anlamda da dostlu\u011fumuz s\u00fcrd\u00fc. Daha sonras\u0131nda o Belediye Ba\u015fkan\u0131 se\u00e7ildi, ben de Vak\u0131f Gureba Hastanesi&#8217;ndeki kariyerime devam ettim. Ancak g\u00f6r\u00fc\u015fmelerimiz ve irtibat\u0131m\u0131z hi\u00e7 kesilmedi. Hekim olarak bana dan\u0131\u015ft\u0131\u011f\u0131 ya da g\u00fcncel konularda de\u011ferlendirmelerimizin oldu\u011fu bulu\u015fmalar\u0131m\u0131z devam etti. Tabii ki bu profesyonel bir birliktelik de\u011fildi. Sonras\u0131nda okudu\u011fu bir \u015fiir y\u00fcz\u00fcnden siyasi yasak getirilmesi ve bir ma\u011fduriyete u\u011framas\u0131 \u00f6nemli bir olayd\u0131. Ben buna \u015fiddetle kar\u015f\u0131 \u00e7\u0131kt\u0131m ve o d\u00f6nemden sonra daha da fazla destek vermeye ba\u015flad\u0131m. P\u0131narhisar\u2019daki cezaevi s\u00fcrecinde haftan\u0131n 2-3 g\u00fcn\u00fc en az kendisini gidip ziyaret ederdim. Hatta cezaevine giri\u015fi Fatih Camisi&#8217;nde k\u0131l\u0131nan namazdan sonra benim muayenehaneme geldik, oradaki birka\u00e7 arkada\u015fla birlikte oturup sohbet edip daha sonra yola \u00e7\u0131kt\u0131k. Tabii cezaevi sonras\u0131nda daha fazla temaslar\u0131m\u0131z oldu. Parti kurulu\u015f a\u015famas\u0131nda da benimle birlikte \u00e7al\u0131\u015fmak istedi\u011fini s\u00f6yledi. Ben de b\u00fct\u00fcn kariyerimi, b\u00fcy\u00fck emek harcayarak yapt\u0131\u011f\u0131m \u00e7al\u0131\u015fmalar\u0131, hekimli\u011fimi bir kenara koyup, ailemi \u0130stanbul&#8217;da b\u0131rakarak yollara d\u00fc\u015ft\u00fcm ve kendisine destek olmak i\u00e7in partide \u00e7al\u0131\u015fmaya ba\u015flad\u0131m. Parti kurulup iktidara gelene kadar kendisine hem \u00f6zel kalem m\u00fcd\u00fcr\u00fc hem siyasi dan\u0131\u015fman olarak hizmet ettim. Partinin program\u0131na, faaliyetlerine katk\u0131 sa\u011flad\u0131m. Planlamalar\u0131na, organizasyonlar\u0131na destek verdim, bir\u00e7ok yurt d\u0131\u015f\u0131 seyahatine kat\u0131ld\u0131m, yurt i\u00e7indeki bir\u00e7ok mitingin hem organizasyonu hem de faaliyetlerinde bulundum ve se\u00e7im g\u00fcn\u00fcne kadar da partiye ve Erdo\u011fan&#8217;a bu \u015fekilde destek vermi\u015f oldum. Tabii adayl\u0131k s\u00f6z konusu oldu\u011funda aram\u0131zda \u015f\u00f6yle bir olay ge\u00e7ti. 2002 se\u00e7imleri \u00f6ncesinde Bal\u0131kesir&#8217;de bir \u00f6n se\u00e7im yap\u0131ld\u0131. Bu \u00f6n se\u00e7ime ben kendi \u00f6zg\u00fcr irademle girdim. Bu \u00f6n se\u00e7im s\u00fcrecinde de \u00f6zellikle te\u015fkilatlar\u0131n b\u00fcy\u00fck bir tevecc\u00fch\u00fcyle, b\u00f6lgenin b\u00fcy\u00fck bir katk\u0131s\u0131 ve deste\u011fi ile oylar\u0131n neredeyse tamam\u0131n\u0131 alarak birinci \u00e7\u0131kt\u0131m. Fakat bu s\u00fcre\u00e7ten Erdo\u011fan&#8217;\u0131n bilgisi yoktu. Ben bu \u00f6n se\u00e7im ile birlikte milletvekilli\u011fi aday adayl\u0131\u011f\u0131na m\u00fcracaat ettim ancak kendisi bu durumdan belli ki rahats\u0131z olmu\u015f. Ancak ben demokrasiden, insan haklar\u0131ndan, \u00f6zg\u00fcrl\u00fcklerden yanayday\u0131m ve bireyin kendi kaderiyle ilgili kendi karar vermesi gerekti\u011fine inanan birisiyim. Ve parti i\u00e7inde de demokrasinin tam anlam\u0131yla uygulanabilmesi i\u00e7in \u00e7aba sarf eden biriyim. o bak\u0131mdan, o d\u00f6nem Erdo\u011fan&#8217;\u0131n hep s\u00f6yledi\u011fi \u015fuydu. \u2018Bizde liderlik e\u015fitler aras\u0131nda birincidir, liderlik ortak akl\u0131n temsilcisidir, biz parti i\u00e7i demokrasiyle en g\u00fc\u00e7l\u00fc bir \u015fekilde uygulayacak olan bir kadroyuz\u2019. Bu anlamda benim i\u00e7in bu bir test oldu. Onu s\u00f6ylemlerinin ne kadar samimi ve ger\u00e7ek\u00e7i oldu\u011funu anlayabilmek i\u00e7in test olmu\u015f oldu. Erdo\u011fan benim bu milletvekilli\u011fi m\u00fcracaat\u0131mdan rahats\u0131z olmu\u015f. Tabii ben bunlar\u0131 sonradan \u00f6\u011frendim, bu konuda baz\u0131 tart\u0131\u015fmalar ya\u015fanm\u0131\u015f. Tart\u0131\u015fmalar benim kula\u011f\u0131ma gelince ben bu i\u015fin daha fazla y\u00fcr\u00fcmeyece\u011fine inand\u0131\u011f\u0131m i\u00e7in kendisine bir istifa mektubu g\u00f6ndererek milletvekili aday adaylar\u0131ndan \u00e7ekildim, e\u015fyalar\u0131m\u0131 da toplayarak b\u00f6lgeme d\u00f6nd\u00fcm. Genel Merkezi terk etmi\u015f oldum. Fakat yine daha sonra \u00f6\u011freniyorum ki bu parti i\u00e7inde de b\u00fcy\u00fck tart\u0131\u015fmalara yol a\u00e7m\u0131\u015f. \u00d6zellikle Abdulkadir Aksu ve onun gibi mak\u00fbl d\u00fc\u015f\u00fcnenler benim aday adayl\u0131\u011f\u0131ndan istifa etmem ve adayl\u0131ktan \u00e7ekilmemin parti i\u00e7erisinde ve toplum \u00fczerinde de negatif etki yapabilece\u011fini ortaya koymu\u015f ve \u2018Bunu topluma izah edemeyiz..\u2019 tarz\u0131nda g\u00f6r\u00fc\u015f ve de\u011ferlendirmeler olu\u015fmu\u015f. Bunun \u00fczerine Bal\u0131kesir&#8217;e bir anket firmas\u0131 g\u00f6ndererek Bal\u0131kesir&#8217;deki durumun analiz edilmesine karar verilmi\u015f. O atmosferde yap\u0131lan anketlere g\u00f6re de Bal\u0131kesir&#8217;-den 3 milletvekili \u00e7\u0131kabiliyormu\u015f. Bunun \u00fczerine heyet uzun ve derin isti\u015farelerden sonra beni d\u00f6rd\u00fcnc\u00fc s\u0131raya aday olarak koymaya karar vermi\u015f ki; buradaki ama\u00e7; bu \u015fartlar alt\u0131nda se\u00e7ilemez ve siyaset sahnesinden tasfiye olur\u2019 diye d\u00fc\u015f\u00fcn\u00fclm\u00fc\u015f. Tabii bunlardan hi\u00e7birinden benim haberim yok. Yani ben istifa ettim, d\u00f6nd\u00fcm. Benim i\u00e7in siyaset defteri kapanm\u0131\u015ft\u0131 ve ben bu konuda kararl\u0131yd\u0131m.\u00a0 Fakat aday listelerinin YSK taraf\u0131ndan a\u00e7\u0131klanmas\u0131na yakla\u015f\u0131k 1 saat kala rahmetli Erol Ol\u00e7ok beni arad\u0131. \u2018Bal\u0131kesir listesinde sen de vars\u0131n\u2019 dedi, ben de dedim ki \u201c\u015eaka yap\u0131yorsun, ben istifa ettim, o defteri kapatt\u0131m\u201d. Tabii inanmad\u0131m bu s\u00f6yledi\u011fine ancak listeler a\u00e7\u0131klanmaya ba\u015flad\u0131\u011f\u0131nda g\u00f6rd\u00fcm ki; Bal\u0131kesir 4. s\u0131radan AKP aday\u0131 yap\u0131lm\u0131\u015f\u0131m. Bu saatten sonra tart\u0131\u015fmay\u0131 uzatman\u0131n, spek\u00fclasyonlara yol a\u00e7man\u0131n bir anlam\u0131 olmad\u0131\u011f\u0131n\u0131 g\u00f6rd\u00fcm ve yola devam etmeye karar verdim ve Erdo\u011fan&#8217;\u0131 arayarak \u201cB\u00f6yle bir d\u00fc\u015f\u00fcnceniz olmu\u015f, belki se\u00e7ilemez d\u00fc\u015f\u00fcncesi ya da temennisiyle beni listeye koymu\u015fsunuz ama Bal\u0131kesir&#8217;den 5 tane milletvekili gelecek ve sizinle parlamento\u2019da tekrar kar\u015f\u0131la\u015faca\u011f\u0131z\u201d diyerek telefonu kapatt\u0131m ve benim maceral\u0131 bu siyasi yolculu\u011fum ve adayl\u0131k s\u00fcrecim ba\u015flam\u0131\u015f oldu. Zaten sonra ya\u015fad\u0131klar\u0131m t\u00fcm \u00fclkenin g\u00f6z\u00fc \u00f6n\u00fcnde ya\u015fand\u0131 ve bunlara \u015fahitlik ettiniz.<\/p>\n\n\n\n<figure class=\"wp-block-image size-full\"><img decoding=\"async\" width=\"712\" height=\"446\" src=\"https:\/\/marmarayerelhizmet.com\/wp-content\/uploads\/2022\/09\/anna.jpg\" alt=\"\" class=\"wp-image-6078\" srcset=\"https:\/\/marmarayerelhizmet.com\/wp-content\/uploads\/2022\/09\/anna.jpg 712w, https:\/\/marmarayerelhizmet.com\/wp-content\/uploads\/2022\/09\/anna-300x188.jpg 300w\" sizes=\"(max-width: 712px) 100vw, 712px\" \/><figcaption><\/figcaption><\/figure>\n\n\n\n<p><\/p>\n\n\n\n<p><strong>Biraz sonra g\u00fcncel siyasi konulara dair sorular soraca\u011f\u0131m ama \u015funu merak ediyorum. K\u0131rg\u0131n m\u0131s\u0131n\u0131z? K\u0131zg\u0131n m\u0131s\u0131n\u0131z?<\/strong><\/p>\n\n\n\n<p>\u00dclkem ad\u0131na elbette hem \u00fczg\u00fcn\u00fcm, hem de k\u0131zg\u0131n\u0131m AKP\u2019nin yapt\u0131klar\u0131na. Ama kendimle ilgili bir duygu ta\u015f\u0131m\u0131yorum onlara kar\u015f\u0131. K\u0131zg\u0131nl\u0131k ya da k\u0131rg\u0131nl\u0131k kadar bile bir duygumu hakettiklerini d\u00fc\u015f\u00fcnm\u00fcyorum. 20 y\u0131ll\u0131k bir d\u00f6nemin sonunda kendim i\u00e7in de\u011fil \u00fclkem i\u00e7in tek beklentim, ya\u015fananlardan hepimizin bir ders \u00e7\u0131kartmas\u0131 ve bir\u015feyler \u00f6\u011frenmesi. T\u00fcrkiye\u2019nin nutuklarla, hamasi duygularla, g\u00fcn\u00fcbirlik politikalarla y\u00f6netilemeyece\u011finin anla\u015f\u0131lmas\u0131. Ve y\u00f6neten ve denetleyen demokrasinin, hukuk d\u00fczeninin, insan haklar\u0131n\u0131n, \u00f6zg\u00fcrl\u00fcklerin, \u015feffafl\u0131\u011f\u0131n, farkl\u0131l\u0131klar\u0131n T\u00fcrkiye i\u00e7in ne kadar de\u011ferli, \u00f6nemli ve vazge\u00e7ilmez oldu\u011funun bilincine var\u0131lmas\u0131. Bana kin, \u00f6fke ve nefretle her t\u00fcrl\u00fc zulm\u00fc yapmak istediler ama ben t\u00fcm bunlara direndim ve dimdik ayakta kald\u0131m, kendimi yeti\u015ftirdim, deneyim kazand\u0131m ve hem Bal\u0131kesir&#8217;e hem de \u00fclkeme yepyeni birikim ve vizyonla hizmet edebilecek f\u0131rsatlar elde ettim.<\/p>\n\n\n\n<figure class=\"wp-block-image size-full\"><img decoding=\"async\" width=\"712\" height=\"446\" src=\"https:\/\/marmarayerelhizmet.com\/wp-content\/uploads\/2022\/09\/coez-34.jpg\" alt=\"\" class=\"wp-image-6079\" srcset=\"https:\/\/marmarayerelhizmet.com\/wp-content\/uploads\/2022\/09\/coez-34.jpg 712w, https:\/\/marmarayerelhizmet.com\/wp-content\/uploads\/2022\/09\/coez-34-300x188.jpg 300w\" sizes=\"(max-width: 712px) 100vw, 712px\" \/><figcaption><\/figcaption><\/figure>\n\n\n\n<p><strong>Bu macera dolu s\u00fcrecin ard\u0131ndan vekil oldunuz ve Bal\u0131kesir&#8217;de olduk\u00e7a dinamik \u00e7al\u0131\u015fkan bir portre \u00e7izdiniz. Bu d\u00f6nemden biraz bahseder misiniz?<\/strong><\/p>\n\n\n\n<p>Ben milletvekilli\u011fini kendime \u00f6zg\u00fc bir tarzda yapt\u0131m. Se\u00e7ildi\u011fim yeri hi\u00e7bir zaman unutmad\u0131m, hi\u00e7bir zaman ihmal etmedim. Halk\u0131n problemleri ile \u00e7al\u0131\u015fma arkada\u015f\u0131mla birlikte birebir \u00e7ok yak\u0131ndan ilgilendim. Gelen b\u00fct\u00fcn sorunlarla teke tek ilgilendim ve elimden geldi\u011fi kadar da \u00e7\u00f6z\u00fcm \u00fcretmek i\u00e7in \u00e7aba harcad\u0131m. B\u00f6lgeye gelecek her bir yat\u0131r\u0131m i\u00e7in \u00f6zel gayret g\u00f6sterdim, u\u011fra\u015ft\u0131m. \u0130nsanlar\u0131n sorunlar\u0131 ile ilgilendim, asla ve asla \u00e7al\u0131\u015fmalar\u0131ma siyaseti katmad\u0131m ve sadece b\u00f6lgenin ve insanlar\u0131m\u0131z\u0131n menfaati i\u00e7in elimden geldi\u011fi kadar gayret ettim. \u00d6te yandan genel siyasette de her ne kadar etkin bir rol\u00fcm, aktif bir g\u00f6revim olmasa da \u00e7ok ciddi \u00e7al\u0131\u015fmalar yapt\u0131m. \u00d6zellikle d\u0131\u015f politikada Irak&#8217;ta, Suriye&#8217;de, Uzak Do\u011fu\u2019da, Avrupa&#8217;da hatta Brezilya Dostluk Grubu Ba\u015fkan\u0131 olarak Latin Amerika&#8217;da \u00f6nemli faaliyetler yapt\u0131m ve bunlar da bana asl\u0131nda \u00e7ok ciddi deneyimler kazand\u0131rd\u0131. Di\u011fer taraftan \u00fclkenin genel meseleleri ile ilgili bir\u00e7ok \u00e7abam oldu. Ekonomi konular\u0131nda yo\u011fun ara\u015ft\u0131rmalar, \u00e7al\u0131\u015fmalar yapt\u0131m. Bununla ilgili yanl\u0131\u015f buldu\u011fum \u015feyleri ele\u015ftirdim, yolsuzluklar konusunda T\u00fcrkiye&#8217;de ilk tav\u0131r koyan ve parti i\u00e7erisinde isyan eden, bayrak a\u00e7an ve bunlar\u0131n yanl\u0131\u015fl\u0131\u011f\u0131na de\u011finerek d\u00fczeltilmesi konusunda ba\u015fta Erdo\u011fan olmak \u00fczere t\u00fcm AKP\u2019lileri uyaran ki\u015fiyim. Parti Grubu\u2019nda o kadar yo\u011fun bir milletvekili kat\u0131l\u0131m\u0131n\u0131n oldu\u011fu bir atmosferde, tek ba\u015f\u0131ma \u00e7\u0131karak yolsuzluklar konusunda a\u011f\u0131r ele\u015ftiriler y\u00f6neltmi\u015f bir ki\u015fiyim. \u00c7ok say\u0131da sonra \u00f6nergesi vermi\u015f birisiyim. Gelen b\u00fct\u00fcn yolsuzluk ihbarlar\u0131n\u0131 yetkililere ve en sonunda da ba\u015fbakana resmi olarak ula\u015ft\u0131rarak, bunlar\u0131n \u00fczerine gidilmesi konusunda ciddi ikazlar yapm\u0131\u015f birisiyim. Tabii bunlar\u0131n hi\u00e7birisi ile ilgili \u00f6nemli ad\u0131mlar at\u0131lmad\u0131 ve maalesef bug\u00fcn g\u00f6rd\u00fc\u011f\u00fcm\u00fcz son derece kirli, koku\u015fmu\u015f bir d\u00fczene T\u00fcrkiye&#8217;ye teslim edildi. \u00c7ok dinamik bir d\u00f6nemdi benim i\u00e7in. Hem i\u00e7 hem d\u0131\u015f politikada aktif olarak tecr\u00fcbe kazand\u0131m ve \u00fclkeme katk\u0131 sa\u011flamaya \u00e7al\u0131\u015ft\u0131\u011f\u0131m bir d\u00f6nemdi. Do\u011frular\u0131 alk\u0131\u015flay\u0131p, yanl\u0131\u015flar\u0131n \u00fczerine gitmeye \u00e7al\u0131\u015ft\u0131\u011f\u0131m bir d\u00f6nemdi. B\u00f6lgeye de b\u00fcy\u00fck bir emek harcayarak, geldi\u011fim yeri de unutmadan b\u00f6lge insanlar\u0131na da hizmetk\u00e2r olmak i\u00e7in b\u00fcy\u00fck fedak\u00e2rl\u0131klar, \u00e7abalar g\u00f6sterdi\u011fim bir d\u00f6nemdi. A\u00e7\u0131k\u00e7as\u0131 ilk 5 y\u0131ll\u0131k milletvekilli\u011fi d\u00f6neminde \u00e7ok \u015fey \u00f6\u011frendim. Siyaseti yak\u0131ndan tecr\u00fcbe etme f\u0131rsat\u0131m oldu. T\u00fcrkiye&#8217;yi tan\u0131ma ve anlama f\u0131rsat\u0131m\u0131 oldu. D\u0131\u015f politikay\u0131, T\u00fcrkiye&#8217;nin i\u00e7inde bulundu\u011fu co\u011frafyan\u0131n b\u00fct\u00fcn koordinatlar\u0131n\u0131, denklemini, dengesini tan\u0131ma ve anlama f\u0131rsat\u0131m\u0131 oldu. Bu bak\u0131mdan zor ve me\u015fakkatli, ayn\u0131 zamanda s\u0131k\u0131nt\u0131l\u0131 fakat bir yandan da tecr\u00fcbe dolu bir d\u00f6nem oldu benim i\u00e7in. Tabii \u00fclkenin kaderini de\u011fi\u015ftirecek baz\u0131 \u00f6nemli olaylara da katk\u0131m oldu, dahlim oldu, etkim oldu. Bunu da burada vurgulamak istiyorum. Sizin de bildi\u011finiz gibi, 1 Mart tezkeresi \u00f6rne\u011fi \u00f6n\u00fcm\u00fczde. Erdo\u011fan ekipleri Amerika&#8217;ya gidip pazarl\u0131klar yapt\u0131lar ve 1 Mart tezkeresinin ge\u00e7irilece\u011fine dair kapal\u0131 kap\u0131lar ard\u0131nda Amerika&#8217;da s\u00f6zler verdiler ve bunun \u00fczerine Amerika sava\u015f gemilerini 70.000 askeriyle \u0130skenderun a\u00e7\u0131klar\u0131na getirip demir att\u0131. Ben ve benim gibi kimi yurtsever AKP&#8217;li arkada\u015flar\u0131m bu s\u00fcrece \u015fiddetle kar\u015f\u0131 \u00e7\u0131kt\u0131k. \u00c7\u00fcnk\u00fc bu bir anlamda Amerikan i\u015fgali demekti ve T\u00fcrkiye&#8217;den yap\u0131lacak bir sald\u0131r\u0131yla yan\u0131 ba\u015f\u0131m\u0131zdaki kom\u015fular\u0131m\u0131z\u0131n katledilmesi ve korkun\u00e7 bir sava\u015fa girmesi bizim a\u00e7\u0131m\u0131zdan uzun y\u0131llar sorunu devam edecek bir s\u00fcreci ba\u015flatacakt\u0131. Bu bak\u0131mdan buna itiraz ettim. \u2018T\u00fcrkiye ba\u011f\u0131ms\u0131z bir \u00fclkedir topraklar\u0131n\u0131 emperyalist g\u00fc\u00e7lere a\u00e7amaz, bu \u015fekilde istikbalini tehdit alt\u0131na atamaz\u2019 diye itiraz ettik ve yurtsever AKP&#8217;li vekillerin de direnci ile CHP&#8217;li kadrolar\u0131nda tam deste\u011fi ile 1 Mart Tezkeresi ge\u00e7medi. O bak\u0131mdan b\u00f6ylesi \u00f6nemli, kritik s\u00fcre\u00e7lere dahlim ve katk\u0131m\u0131n olmas\u0131 m\u00fcnasebetiyle asla \u015fikayet\u00e7i de\u011filim ve o 5 y\u0131ll\u0131k parlamenterlik d\u00f6nemimi de dolu dolu ge\u00e7irdim. Hem memleketim, hem milletim, hem de se\u00e7ilerek geldi\u011fim Bal\u0131kesirimize katk\u0131 sa\u011flamak i\u00e7in can siper\u00e2ne bir \u015fekilde u\u011fra\u015ft\u0131m, didindim ve onun d\u0131\u015f\u0131nda hi\u00e7bir ki\u015fisel \u00e7\u0131kar u\u011fruna, ad\u0131m\u0131n, \u00e7abam, ili\u015fkim olmad\u0131. Zaten b\u00fct\u00fcn kavgada oradan ba\u015flad\u0131. Siyasette maalesef AKP i\u00e7in en tehlikeli adam \u201cEyvallah\u0131 olmayan, s\u0131rt\u0131nda k\u00fcpesi olmayan, paraya pula tamah etmeyen, sadece memleket ve milleti d\u00fc\u015f\u00fcnen insanlar\u0131n varl\u0131\u011f\u0131d\u0131r\u201d. Bu insanlar\u0131 y\u00f6netmek, sevk etmek, kontrol etmek ger\u00e7ekten zordur. Ben de bu anlamda, AKP i\u00e7in \u00e7ok zor birisiydim ve bu 5 y\u0131ll\u0131k d\u00f6nemde ya\u015fad\u0131klar\u0131m, g\u00f6rd\u00fcklerim sebebiyle de AKP&#8217;nin T\u00fcrkiye&#8217;ye bir hayr\u0131n\u0131n olmayaca\u011f\u0131n\u0131, politikalar\u0131 ile yapt\u0131klar\u0131yla, girdikleri ili\u015fkilerle, T\u00fcrkiye&#8217;nin faydas\u0131na olmayaca\u011f\u0131n\u0131 d\u00fc\u015f\u00fcnd\u00fcm ve yollar\u0131m\u0131 ay\u0131rd\u0131m. Siz de biliyorsunuz ki; d\u00f6nemin sonunda Bal\u0131kesir&#8217;e bir veda mektubu yazarak, yaz\u0131l\u0131 ve sesli bir mektup g\u00f6ndererek, \u201cArt\u0131k ben AKP ile yollar\u0131m\u0131 ay\u0131rd\u0131m. Benim g\u00f6rd\u00fcklerimi g\u00f6rseydiniz, beni bildiklerimi bilseydiniz siz de ayn\u0131s\u0131n\u0131 yapard\u0131n\u0131z\u201d diyerek, hem parlamenterlik d\u00f6neminin sonunda milletvekilli\u011fine veda ettim, hem de AKP ile yollar\u0131ma ay\u0131r\u0131p siyasetle ili\u015fkimi o d\u00f6nemde kapatt\u0131m. Heyecanl\u0131 bir d\u00f6nemdi. Dolu dolu ge\u00e7ti. B\u00fcy\u00fck tecr\u00fcbeler kazand\u0131m, ayn\u0131 zamanda b\u00f6lge i\u00e7in elimden geldi\u011fince katk\u0131lar yapt\u0131m. 5 y\u0131ll\u0131k parlamenterlik d\u00f6nemi bu \u015fekilde sona ermi\u015f oldu.<\/p>\n\n\n\n<figure class=\"wp-block-image size-full\"><img decoding=\"async\" width=\"712\" height=\"446\" src=\"https:\/\/marmarayerelhizmet.com\/wp-content\/uploads\/2022\/09\/comez-45.jpg\" alt=\"\" class=\"wp-image-6080\" srcset=\"https:\/\/marmarayerelhizmet.com\/wp-content\/uploads\/2022\/09\/comez-45.jpg 712w, https:\/\/marmarayerelhizmet.com\/wp-content\/uploads\/2022\/09\/comez-45-300x188.jpg 300w\" sizes=\"(max-width: 712px) 100vw, 712px\" \/><figcaption><\/figcaption><\/figure>\n\n\n\n<p><strong>Milletvekilli\u011finin ard\u0131ndan \u0130ngiltere\u2019ye gitti\u011finizi biliyoruz ve bu s\u00fcre\u00e7te Ergenekon kumpas\u0131na da dahil edildiniz. Neler ya\u015fad\u0131n\u0131z? O d\u00f6neme ait bize anlatmak istedi\u011finiz duygular\u0131n\u0131z, ba\u015f\u0131n\u0131za gelenler.. K\u0131sacas\u0131 kamuoyunun bilmesini istedi\u011finiz neler var karanl\u0131kta kalan..?<\/strong><\/p>\n\n\n\n<p>Yazd\u0131\u011f\u0131m o veda mektubu bir anlamda hem siyasetten koptu\u011fumu hem de AKP&#8217;den ayr\u0131ld\u0131\u011f\u0131m\u0131n i\u015faretiydi. Tabii mesle\u011fime d\u00f6nmek istedim. M\u00fcracaatta bulundum Sa\u011fl\u0131k Bakanl\u0131\u011f\u0131&#8217;na. Mevcut yasalara g\u00f6re; bir b\u00fcrokrat g\u00f6revinden ayr\u0131larak milletvekilli\u011fi yaparsa, vekilli\u011finin sonunda yeniden eski g\u00f6revine iade edilir. Ben de Vak\u0131f Gureba Hastanesi&#8217;nde Ba\u015fhekim Yard\u0131mc\u0131s\u0131 ve Genel Cerrahi Uzman\u0131yd\u0131m. D\u00f6nmek istedim i\u015fime. Hekimlik yapmak istedim. Fakat maalesef buna olumsuz kar\u015f\u0131l\u0131k verdi iktidar ve beni g\u00f6revime iade etmedi. Hatta bu konuyu zaman\u0131n CHP milletvekili g\u00fcndeme getirdi. Muharrem \u0130nce bu konuyu bir soru \u00f6nergesi vererek meclis g\u00fcndemini bile ta\u015f\u0131d\u0131. Ancak bir kar\u015f\u0131l\u0131k al\u0131namad\u0131. Ben de bir s\u00fcre ba\u015fka bir i\u015fte \u00e7al\u0131\u015ft\u0131m. \u0130stanbul&#8217;da bir televizyon kanal\u0131nda g\u00f6rev yapt\u0131m, fakat benim i\u015fim de\u011fildi bu,\u00a0 mesle\u011fime de d\u00f6nmek istiyordum. Bu arada T\u00fcrkiye&#8217;nin her yerinden talepler geldi, bir\u00e7ok ile gittim, konferanslar verdim, halkla bulu\u015ftum. San\u0131yorum bu geli\u015fmeler iktidarda daha da b\u00fcy\u00fck bir rahats\u0131zl\u0131k uyand\u0131rd\u0131 ve ben art\u0131k bu s\u00fcre\u00e7te biraz kafam\u0131 dinleyebilmek, biraz da kendimi yenileyip geli\u015ftirebilmek i\u00e7in T\u00fcrkiye&#8217;den bir s\u00fcre ayr\u0131lmay\u0131 d\u00fc\u015f\u00fcnd\u00fcm. Normal biletimi ald\u0131m, eski milletvekili s\u0131fat\u0131mla \u0130stanbul Havaliman\u0131\u2019ndan VIP servisinden \u0130ngiltere&#8217;ye u\u00e7tum. Tabii gidece\u011fim herkes taraf\u0131ndan biliniyordu, \u00e7ok say\u0131da arkada\u015f\u0131m geldi, beni havaalan\u0131nda u\u011furlad\u0131 ve bir dil kursuna yaz\u0131l\u0131p bir s\u00fcre \u0130ngilizcemi geli\u015ftirmek ve burada kendimi mesleki anlamda g\u00fcncellemek, hem d\u00fcnyay\u0131 tan\u0131mak, hem de y\u0131llar\u0131n getirdi\u011fi bu yorgunluktan bir s\u00fcre kurtulabilmek i\u00e7in b\u00f6yle bir ad\u0131m att\u0131m. Fakat bunu \u00e7ok spek\u00fcle ettiler. Benim ka\u00e7t\u0131\u011f\u0131m \u015feklinde bir tak\u0131m yorumlar yap\u0131ld\u0131. Asla do\u011fru de\u011fil. Her \u015feyin kay\u0131tlar\u0131 belli. O d\u00f6nemde Ergenekon Kumpas\u0131\u2019nda oldu\u011fumu bilmiyorum. Bilsem b\u00f6yle davranmazd\u0131m. Normal yollardan biletimi ald\u0131m ve u\u00e7akla \u0130ngiltere&#8217;ye geldim. Hatta ismimi u\u00e7akta g\u00f6ren kaptan beni anons ederek bir de davet etti ve ben de kokpit\u2019te u\u00e7tum Londra&#8217;ya kadar. Orada bir oda kiralad\u0131m, derslerime ba\u015flad\u0131m. Hem bir taraftan Londra\u2019y\u0131 tan\u0131mak, biraz ruhumu dinlendirmek, farkl\u0131 bir atmosferde bulunmak hem de \u0130ngilizce \u00f6\u011frenmek i\u00e7in \u00e7al\u0131\u015fmalar\u0131ma ba\u015flad\u0131m. Aradan bir ay ge\u00e7ti bir sabah \u00e7ok erken saatlerde telefona uyand\u0131m ve arayan avukat\u0131md\u0131. Ayn\u0131 zamanda ye\u011fenim dedi ki: \u201c\u015eu anda evde \u00e7ok say\u0131da polis var, evi ar\u0131yorlar, bilgin olsun\u201d. \u2018Hay\u0131rd\u0131r\u2019 dedim, \u2018Ne i\u00e7in b\u00f6yle bir \u00e7al\u0131\u015fma ba\u015flatt\u0131 polis?\u2019 Ergenekon Davas\u0131 sebebiyle b\u00f6yle bir \u00e7al\u0131\u015fma ba\u015flat\u0131lm\u0131\u015f. E\u015fimi arad\u0131m. O da son derece gergin ve \u00fczg\u00fcnd\u00fc. \u00c7ocuklardan biri 15-16 ya\u015flar\u0131nda, di\u011feri daha da k\u00fc\u00e7\u00fckt\u00fc 6-7 ya\u015f\u0131ndayd\u0131. Sabah\u0131n be\u015finde, onlarca polis taraf\u0131ndan ev bas\u0131lm\u0131\u015f, evde ne var, ne yoksa el konulmu\u015f, bilgisayar diskleri, \u00e7ocuklar\u0131n oyun kasetleri, kitaplar, ne buldularsa al\u0131p g\u00f6t\u00fcrm\u00fc\u015fler. Hatta b\u00fcy\u00fck o\u011flumun o saatlerde uyudu\u011fu i\u00e7in yata\u011f\u0131na girip uyand\u0131rm\u0131\u015flar. Kolunda damar geni\u015flemesinden dolay\u0131 bir rahats\u0131zl\u0131k vard\u0131. Polisler bunu g\u00f6r\u00fcp \u201cSende baban gibi Ergenekoncu musun, bu Ergenekon d\u00f6vmesi mi?\u201d diye taciz etmi\u015fler. Bir anlamda hakaret etmi\u015flerdi. Tabii beni \u00e7ok yaralad\u0131, \u00e7ok derinden \u00fczd\u00fc beni. Bu ya\u015fananlar dedim, bekleyece\u011fiz bir g\u00f6relim. Bir \u015fey olmad\u0131\u011f\u0131n\u0131 biliyorum, benim kimseyle ne yasa d\u0131\u015f\u0131 bir ili\u015fkim var, ne bir irtibat\u0131m var ne b\u00f6yle bir \u00f6rg\u00fct\u00fcn varl\u0131\u011f\u0131ndan haberdar\u0131m. Belli ki milletvekilli\u011fi iken yapt\u0131\u011f\u0131m \u00e7al\u0131\u015fmalar, oradaki dik duru\u015fum \u00f6zellikle AKP&#8217;nin yolsuzluklar\u0131 ile ilgili, yap\u0131s\u0131na ve tavr\u0131na kar\u015f\u0131 g\u00f6stermi\u015f oldu\u011fum diren\u00e7 ve reaksiyon, ele\u015ftiri ve icraatlar\u0131m b\u00fcy\u00fck bir rahats\u0131zl\u0131k uyand\u0131rm\u0131\u015f ve intikam operasyonu ile beni bu davan\u0131n i\u00e7erisine koymu\u015flar. Tabii \u00e7ok zor bir d\u00f6nemdi. Ard\u0131ndan \u0130ngiltere&#8217;de \u00e7ok zor bir hayat ba\u015flad\u0131. Ben 6 ayl\u0131k bir vize alm\u0131\u015ft\u0131m fakat bu korkun\u00e7 zul\u00fbm\u00fc g\u00f6r\u00fcnce bu oyununun devam edece\u011fini d\u00fc\u015f\u00fcnd\u00fcm ve hukukun da i\u015flemedi\u011fini \u00e7ok a\u00e7\u0131ktan g\u00f6rd\u00fc\u011f\u00fcm ve bildi\u011fim i\u00e7in bir s\u00fcre daha \u0130ngiltere&#8217;de kalmaya karar verdim. Bu arada tabii ekonomik imk\u00e2n\u0131m yok, kalacak yer bulmada sorun ya\u015f\u0131yorum. Hayat\u0131m\u0131 devam ettirmek i\u00e7in \u00e7al\u0131\u015fmam gerekiyor fakat dil bilmiyorum. Mesle\u011fimi \u0130ngiltere&#8217;de yapabilmek i\u00e7in bir\u00e7ok s\u0131nav\u0131 ge\u00e7mem laz\u0131m bunlar\u0131 hen\u00fcz vermedi\u011fim i\u00e7in hekimlik yapam\u0131yorum. \u00c7ok zor ve a\u011f\u0131r bir d\u00f6nemdi benim i\u00e7in. Pe\u015fimde gazeteciler, beni g\u00f6rd\u00fckleri yerde, her dakika resimlerimi \u00e7ekip s\u00fcrekli yalan yanl\u0131\u015f haberlerle psikolojik operasyon yapt\u0131lar benim \u00fczerimden. Topluma bir an-lamda yanl\u0131\u015f bilgi ve belge ile karalama kampanyas\u0131 ba\u015flatt\u0131lar. T\u00fcrkiye&#8217;de de her Allah&#8217;\u0131n g\u00fcn\u00fc aleyhinde gazete man\u015fetleri, korkun\u00e7 yalanlar, iftiralar ve ak\u0131l almaz senaryolar e\u015fli\u011finde bir itibar infaz\u0131 ba\u015flad\u0131 ve maalesef yarg\u0131,\u00a0 siyaset ve bunlar\u0131n uzant\u0131s\u0131 olan medyadaki infaz mangalar\u0131 ac\u0131mas\u0131z bir s\u00fcre\u00e7 ba\u015flatt\u0131lar aleyhimde. Dedim \u2018vard\u0131r bir hikmeti\u2019. Yanl\u0131\u015f bir \u015fey yapmad\u0131m. Tek yapt\u0131\u011f\u0131m \u015fey; yanl\u0131\u015flara direnmek, m\u00fccadele etmek. Aileme de \u2018Gayret edin, sabredin. Hepimiz bu g\u00fcnler-den g\u00fc\u00e7lenerek \u00e7\u0131kaca\u011f\u0131z, ayakta durmak zorunday\u0131z. Bug\u00fcnler ge\u00e7ecek, bu insanlar yapt\u0131klar\u0131 zulm\u00fcn faturas\u0131n\u0131 \u00f6deyecekler ve yapt\u0131klar\u0131ndan utanacaklar\u2019 diye moral vermeye \u00e7al\u0131\u015ft\u0131m. Tabii burada yeniden hayata tutunmak i\u00e7in ciddi bir \u00e7al\u0131\u015fma i\u00e7erisine girmem gerekiyordu. Dil sorunum vard\u0131. Hekim olarak \u00e7al\u0131\u015fman\u0131z i\u00e7in burada ileri d\u00fczeyde \u0130ngilizce konu\u015fman\u0131z gerekiyor. Bir bu\u00e7uk y\u0131l boyunca g\u00fcnde 18 saat \u00e7al\u0131\u015ft\u0131m. \u0130nan\u0131lmaz bir tempoda \u00e7al\u0131\u015ft\u0131m. Bu arada kald\u0131\u011f\u0131m odan\u0131n paras\u0131n\u0131 \u00f6deyemedi\u011fim i\u00e7in ba\u015fka bir yere ta\u015f\u0131nmak zorunda kald\u0131m. 4-5 metrekarelik k\u00fc\u00e7\u00fcc\u00fck bir yerde ya\u015famak zorunda kald\u0131m, uzun bir s\u00fcre burada kald\u0131m ve Londra&#8217;da Thames nehrinin yan\u0131ndaki banklarda sabahlad\u0131\u011f\u0131m geceler olmu\u015ftur. Sokaklar\u0131 s\u00fcp\u00fcrd\u00fcm, tren gi\u015felerinde bilet satt\u0131\u011f\u0131m zamanlar da oldu. Hayata tutabilmek i\u00e7in bunlar\u0131 yapt\u0131m ama sab\u0131rl\u0131yd\u0131m ve kararl\u0131yd\u0131m, inan\u00e7l\u0131yd\u0131m. Yap\u0131lan bu zul\u00fcm\u00fcn tekrar geri d\u00f6nece\u011finden emindim. Hep aileme de o telkini verdim. Onlar da T\u00fcrkiye&#8217;de \u00e7ok b\u00fcy\u00fck ac\u0131lar \u00e7ekti. \u0130nan\u0131lmaz \u015feylerle kar\u015f\u0131la\u015ft\u0131lar. Hatta Band\u0131rma Kaymakam\u0131 akrabalar\u0131ma \u201cSiz bu adam\u0131n soyad\u0131n\u0131 hala nas\u0131l ta\u015f\u0131yorsunuz, soyad\u0131n\u0131z\u0131 de\u011fi\u015ftirin\u201d diye maalesef \u00e7ok a\u011f\u0131r ifadelerle konu\u015fmalarda bulunmu\u015f. Tabii demokrasi ad\u0131na utan\u00e7 verici, devletin ne hallere d\u00fc\u015ft\u00fc\u011f\u00fcn\u00fc g\u00f6stermek i\u00e7in ibret verici bir tabloydu bu. 80 ya\u015f\u0131nda babam jandarma ile bu \u015fartlarda muhatap olmak zorunda kald\u0131. Evin \u00f6n\u00fcnde aylarca sivil polisler beklediler, \u00e7ocuklar bunun a\u011f\u0131r bir travmas\u0131n\u0131 ve stresini ya\u015fad\u0131\u011f\u0131 e\u015fimle birlikte. \u2018Adalet yava\u015f da y\u00fcr\u00fcse g\u00fcn gelir yerini bulur\u2019 inanc\u0131yla sabrettim ve tam 12 y\u0131l sonra iktidar cephesi dedi ki \u2018Bu bir kumpas davas\u0131d\u0131r ve bunu yapan fet\u00f6&#8217;c\u00fclerdir\u2019. Asl\u0131nda davan\u0131n ba\u015flang\u0131c\u0131n\u0131 hat\u0131rlayacaks\u0131n\u0131z, Erdo\u011fan \u201cBen bu davan\u0131n savc\u0131s\u0131y\u0131m\u201d diyerek b\u00fct\u00fcn kumpaslara yol verdi. \u015eu an yurt d\u0131\u015f\u0131nda ka\u00e7ak ya\u015fayan savc\u0131 Zekeriya \u00d6z\u2019\u00fcn alt\u0131na z\u0131rhl\u0131 mercedesler \u00e7ekti. Sabahtan ak\u015fama bu konuyla ilgili yalan yanl\u0131\u015f beyanatlar verdi iktidar cephesi. Bu T\u00fcrk siyaset ve T\u00fcrk hukuk tarihi ad\u0131na utan\u00e7 verici bir d\u00f6nemdir. Hala bir\u00e7ok olumsuzluklar var ancak bu kumpas davalar\u0131 T\u00fcrkiye&#8217;nin ibret almas\u0131 gereken bir s\u00fcre\u00e7tir benim a\u00e7\u0131mdan. Tabii \u0130ngiltere&#8217;de \u0130ngilizce s\u0131nav\u0131n\u0131 verdim \u00f6nce. \u00c7ok zor bir s\u0131navd\u0131. T\u0131p Fak\u00fcltesi\u2019nin b\u00fct\u00fcn s\u00f6zl\u00fc s\u0131navlar\u0131n\u0131 verdim. 43 ya\u015f\u0131nda hi\u00e7 dil bilmeden geldi\u011fim yabanc\u0131 bir \u00fclkede bu s\u0131navlar\u0131 vermek ger\u00e7ekten \u00e7ok ola\u011fan\u00fcst\u00fc bir \u00e7abay\u0131 gerektiriyordu. Bu arada tabii hem yarg\u0131 hem iktidar \u00e7evreleri de bo\u015f durmad\u0131lar. \u00d6nce Fransa&#8217;ya Lion\u2019a bask\u0131 kurarak oradan \u0130nterpol\u2019\u00fcn hakk\u0131mda k\u0131rm\u0131z\u0131 b\u00fclten \u00e7\u0131kartmas\u0131na \u00e7al\u0131\u015ft\u0131lar. O d\u00f6nemde bunlarla ilgili avukat tutacak param yoktu. K\u0131r\u0131k d\u00f6k\u00fck ingilizcemle \u0130nterpol\u2019e yaz\u0131lar yazd\u0131m, belgeler g\u00f6nderdim. Tabii \u0130nterpol T\u00fcrkiye&#8217;de gibi bir anlay\u0131\u015fa sahip de\u011fil. Son derece objektif ve onlarda bu davan\u0131n siyasi bir dava oldu\u011funu ifade ederek T\u00fcrkiye&#8217;nin yapm\u0131\u015f oldu\u011fu iade talebini reddetti. Bunun \u00fczerine bu kez T\u00fcrkiye&#8217;de bir tak\u0131m Adalet Bakanl\u0131\u011f\u0131 yetkilerini de \u0130ngiltere&#8217;ye g\u00f6ndererek benim iade edilmem i\u00e7in s\u00fcre\u00e7 ba\u015flatt\u0131. Zaman\u0131n \u0130\u00e7i\u015fleri Bakan\u0131 ve daha sonra ba\u015fbakan olan Theresa May, son derece kat\u0131 ve muhafazak\u00e2r bir siyaset\u00e7iydi. \u015eimdi \u0130ngiltere siyasetinden de tasfiye olan bir isim. Onun da bakanl\u0131\u011f\u0131n\u0131n m\u00fcracaat\u0131 ile ben bir s\u00fcre cezaevine kondum. T\u00fcrkiye iade edilmek \u00fczere cezaevinde bekletildim. Cezaevine hayatta hekim olarak girmi\u015f biri olarak, \u00e7ok zor bir d\u00f6nem ge\u00e7irdim. Yabanc\u0131 bir \u00fclkede, bir \u0130ngiliz zindan\u0131nda a\u011f\u0131r krimin\u00e2l insanlarla, uyu\u015fturucu ka\u00e7ak\u00e7\u0131lar\u0131yla, katillerle bir arada durabilmesi ger\u00e7ekten \u00e7ok a\u011f\u0131r bir travma idi. Cezaevinden \u0130\u00e7i\u015fleri Bakanl\u0131\u011f\u0131\u2019n\u0131 mahkemeye verdim ve bu mahkeme s\u00fcrecinde asl\u0131nda \u0130\u00e7i\u015fleri Bakanl\u0131\u011f\u0131&#8217;n\u0131n yetkilileri de benim ne kadar hakl\u0131 oldu\u011fumu da g\u00f6rerek yard\u0131mc\u0131 oldular.\u00a0 Daha sonra Ba\u015fbakan olan zaman\u0131n \u0130\u00e7i\u015fleri Bakan\u0131 Theresa May\u2019in kar\u015f\u0131s\u0131nda davay\u0131 kazanarak cezaevinden kurtuldum ve \u0130ngiltere&#8217;de oturma hakk\u0131 ald\u0131m. Bu \u0130ngiliz hukuku ad\u0131na ger\u00e7ekten \u00e7ok \u00f6nemli bir s\u00fcre\u00e7ti benim i\u00e7in. Bundan sonra \u00e7al\u0131\u015fmaya devam ettim ve \u0130ngiltere&#8217;den hekimlik diplomam\u0131 ald\u0131m. \u0130lk m\u00fcracaat etti\u011fim \u00fcniversite hastanesi hemen beni i\u015fe kabul etti. D\u00fc\u015f\u00fck seviyeden ba\u015flad\u0131m ancak zaman i\u00e7erisinde T\u00fcrkiye&#8217;den edindi\u011fim tecr\u00fcbeleri de g\u00f6stererek \u00e7ok h\u0131zl\u0131 bir \u015fekilde kariyer basamaklar\u0131m\u0131 t\u0131rmand\u0131m ve \u00fcniversitede \u00f6\u011frenci yeti\u015ftiren, b\u00fcy\u00fck ameliyatlar yapan bir cerrah olarak \u00e7al\u0131\u015fmaya ba\u015flad\u0131m. Bu s\u00fcre i\u00e7erisinde bir\u00e7ok T\u00fcrkiye&#8217;den gelen doktora da ev sahipli\u011fi yapt\u0131m. 60 civar\u0131nda ki\u015fi benim yan\u0131mda staj yapt\u0131. \u0130ngiltere&#8217;de mesle\u011fe haz\u0131rland\u0131lar. Yine \u0130ngiliz \u00f6\u011frencilerin e\u011fitimlerinden sorumlu oldum. Onlar\u0131n s\u0131nav j\u00fcrilerinde bulundum ve doktor yeti\u015ftiren bir mekanizma i\u00e7erisinde de \u0130ngiliz hekimleri yeti\u015fmesine katk\u0131 sa\u011flad\u0131m. Bu esnada vize s\u00fcresi bitti, yeniden uzatmak i\u00e7in m\u00fcracaat ettim ancak maalesef onda da \u0130\u00e7i\u015fleri Bakanl\u0131\u011f\u0131 sorun \u00e7\u0131kartt\u0131. Tabii ben bu konuyu hastane y\u00f6netimi ile konu\u015farak, \u201cBununla ilgili hem hukuki hem de medya yoluyla m\u00fccadele etmek istiyorum\u201d dedim, onlardan izin ald\u0131m ve burada bir b\u00f6lgesel bir bas\u0131n toplant\u0131s\u0131 yapt\u0131m. Bu da \u00e7ok \u00f6nemli bir ayr\u0131nt\u0131 \u00e7\u00fcnk\u00fc yabanc\u0131 bir \u00fclkede, yabanc\u0131 biri olarak o \u00fclkenin \u0130\u00e7i\u015fleri Bakan\u0131 aleyhine bas\u0131n toplant\u0131s\u0131 d\u00fczenleyerek habere olmak ve bakanl\u0131\u011f\u0131 bu konuda sert bir dille ele\u015ftirebilmek demokrasi ad\u0131na \u00e7ok \u00f6nemli bir i\u015faretti. Gazete man\u015fetlerine \u00e7\u0131kt\u0131 bu toplant\u0131. Beyanatlar\u0131m \u0130ngiltere&#8217;de ses getirdi. Bunun \u00fczerine BBC beni arad\u0131, canl\u0131 yay\u0131n yapt\u0131lar ve ben orada da devlet kanal\u0131nda da a\u00e7\u0131k\u00e7a \u0130ngiliz h\u00fck\u00fcmeti ve \u0130\u00e7i\u015fleri Bakanl\u0131\u011f\u0131&#8217;n\u0131 ele\u015ftirdim. Bana yap\u0131lanlar\u0131 anlatt\u0131m. \u00c7ok ilgin\u00e7tir, \u0130ngiltere&#8217;de \u00f6zellikle Essex b\u00f6lgesinde insanlar birbirinin telefonlar\u0131n\u0131 kilitlediler, imza kampanyalar\u0131 ba\u015flatt\u0131lar. \u2018Nas\u0131l b\u00f6yle bir haks\u0131zl\u0131k yap\u0131l\u0131r\u2019 diye aya\u011fa kalkt\u0131lar. \u2018Bizim insanlar\u0131m\u0131z\u0131n hayat\u0131n\u0131 kurtaran bir doktora nas\u0131l b\u00f6yle bir yanl\u0131\u015fl\u0131k yap\u0131l\u0131r\u2019 dediler ve bunun \u00fczerine ofis \u00e7ok \u0131srar etmedi ve geri ad\u0131m atarak benim oturum vizemi g\u00f6nderdi ve \u015fimdi o oturumla burada mesle\u011fime devam ediyorum. Demokrasi ad\u0131na olduk\u00e7a \u00f6nemli bir ayr\u0131nt\u0131 bu benim i\u00e7in. \u00d6\u011frenilmesi gereken \u00e7ok ders var asl\u0131nda bu s\u00fcre\u00e7ten. Tabii ameliyatlar\u0131m\u0131 yapt\u0131m, \u00e7al\u0131\u015fmalar\u0131m\u0131 s\u00fcrd\u00fcrd\u00fcm, \u00e7ok yo\u011fun bir tempoda \u00e7al\u0131\u015ft\u0131m. Haftada 52 saatlik bir kontrat\u0131m vard\u0131, bunun d\u0131\u015f\u0131nda ekstra n\u00f6betler dahil insan\u00fcst\u00fc bir performans sergiledim. Binlerce ameliyat yapt\u0131m. Bu arada \u0130ngiltere&#8217;de yurt d\u0131\u015f\u0131ndan g\u00f6\u00e7 etmi\u015f ve \u0130ngiliz gen\u00e7lere rol model olabilecek 40 ba\u015far\u0131l\u0131 yabanc\u0131n\u0131n resmini sergiledi \u0130ngilizler Londra&#8217;n\u0131n me\u015fhur Trafalgar Meydan\u0131\u2019nda. Orada da benim resimlerime yer verdiler ve \u00f6rnek yabanc\u0131 olarak g\u00f6sterdiler, benim \u00e7al\u0131\u015fmalar\u0131m\u0131 sergilediler. Ve \u00f6rnek yabanc\u0131 olarak g\u00f6sterdiler. Ard\u0131ndan \u0130ngiltere Parlamentosu\u2019nda Lordlar Kamaras\u0131 \u00f6zel bir oturumda bana bir \u00f6d\u00fcl verildi. Tabii hem bunlar benim ad\u0131ma mutluluk verici, T\u00fcrkiye ad\u0131na da gurur vericiydi. Bu esnada bir i\u015f adam\u0131 ile birlikte sa\u011fl\u0131k merkezi a\u00e7t\u0131k. Burada yakla\u015f\u0131k 700.000 T\u00fcrk ya\u015f\u0131yor ve 20\u2019e yak\u0131n doktor ile birlikte ilk T\u00fcrk b\u00fcy\u00fck tam te\u015fekk\u00fcll\u00fc sa\u011fl\u0131k merkezi olarak hizmet veriyoruz. Tabii art\u0131k davan\u0131n beraatla sonu\u00e7lanmas\u0131 ve iktidar taraf\u0131n\u0131n da kumpas oldu\u011funu vurgulamas\u0131 a\u015famas\u0131ndan sonra, ben T\u00fcrkiye&#8217;ye gelmeye ba\u015flad\u0131m. \u00c7ok s\u0131k geliyorum art\u0131k. Ayda bir kez mutlaka geliyorum, akrabalar\u0131m\u0131, e\u015fimi, dostumu ziyaret ediyorum. Mutlaka Bal\u0131kesir&#8217;e u\u011fruyorum, birka\u00e7 g\u00fcn de olsa b\u00fcy\u00fcklerimi g\u00f6r\u00fcp ellerini \u00f6p\u00fcyorum. Bundan sonra daha da gelece\u011fim ama bir\u00e7ok kere de ifade ettim, yine sizin arac\u0131l\u0131\u011f\u0131n\u0131zla tekrar ifade edeyim, kesin olarak \u00fclkeye d\u00f6n\u00fc\u015f\u00fcm AKP iktidar\u0131n\u0131n \u00fclkeden gidi\u015finden sonra olacakt\u0131r ve ben heyecanla, bu tecr\u00fcbe, bu birikimi T\u00fcrkiye&#8217;de milletimle, halk\u0131mla payla\u015fmak i\u00e7in ko\u015farak \u00fclkeme gelece\u011fim ve yeniden hekim yeti\u015ftirmek ameliyatlar yapmak, \u00fclkeme hizmet etmek i\u00e7in sab\u0131rs\u0131zl\u0131kla o g\u00fcn\u00fc bekliyorum.<\/p>\n\n\n\n<figure class=\"wp-block-image size-full\"><img decoding=\"async\" width=\"712\" height=\"446\" src=\"https:\/\/marmarayerelhizmet.com\/wp-content\/uploads\/2022\/09\/comezzz12.jpg\" alt=\"\" class=\"wp-image-6081\" srcset=\"https:\/\/marmarayerelhizmet.com\/wp-content\/uploads\/2022\/09\/comezzz12.jpg 712w, https:\/\/marmarayerelhizmet.com\/wp-content\/uploads\/2022\/09\/comezzz12-300x188.jpg 300w\" sizes=\"(max-width: 712px) 100vw, 712px\" \/><figcaption><\/figcaption><\/figure>\n\n\n\n<p><strong>AKP\u2019nin yola \u00e7\u0131kt\u0131\u011f\u0131 g\u00fcnle bug\u00fcn geldi\u011fi noktay\u0131 kar\u015f\u0131la\u015ft\u0131rd\u0131\u011f\u0131n\u0131zda neler s\u00f6yleceksiniz?<\/strong><\/p>\n\n\n\n<p>AKP kendine, yola \u00e7\u0131karken \u2018Erdemliler Hareketi\u2019 ad\u0131n\u0131 verdi ve siyaseti ilkeler \u00fczerine bina edece\u011fini s\u00f6yledi. Y\u00f6neten ve denetleyen bir demokrasi, insan haklar\u0131, \u00f6zg\u00fcrl\u00fckler, hukukun \u00fcst\u00fcnl\u00fc\u011f\u00fc, h\u00fcr te\u015febb\u00fcs, \u015feffafl\u0131k, denetlenebilir olmak, ortak ak\u0131l, sivil toplumun g\u00fc\u00e7lenmesi, bas\u0131n \u00f6zg\u00fcrl\u00fc\u011f\u00fc, merkeziyet\u00e7i ve kat\u0131 hiyerar\u015fik yap\u0131dan kurtulmak, kay\u0131rmac\u0131l\u0131ktan kurtulmak, verimli ekonomi modeli, kamu harcamalar\u0131n\u0131n kontrol alt\u0131na al\u0131nmas\u0131, yerel y\u00f6netimlerin g\u00fc\u00e7lendirilmesi, enflasyon ile m\u00fccadele, reel sekt\u00f6r\u00fcn g\u00fc\u00e7lendirilmesi gibi T\u00fcrkiye i\u00e7in \u00f6nemli ve gerekli politikalar\u0131 savunurak iktidara geldi. Ve Bat\u0131 yanl\u0131s\u0131, modern, bununla birlikte muhafazak\u00e2r demokrat kimli\u011fi ile \u00f6rnek bir model \u00fclke ideali vard\u0131. 20 y\u0131l sonra gelinen noktada bunlar\u0131n hi\u00e7 birinin ger\u00e7ekle\u015fmedi\u011fini g\u00f6r\u00fcyoruz. Demokrasi, insan haklar\u0131 ve \u00f6zg\u00fcrl\u00fckler de T\u00fcrkiye s\u0131n\u0131fta kald\u0131. Yarg\u0131 ba\u011f\u0131ms\u0131zl\u0131\u011f\u0131ndan bahsedebilmek art\u0131k bir hayal oldu. Elde ne var ne yok sat\u0131ld\u0131, d\u0131\u015fardan gelen s\u0131cak para har vurup harman savruldu. \u00dclkenin istikbali betona g\u00f6m\u00fcld\u00fc ve T\u00fcrkiye t\u00fcketim \u00e7\u0131lg\u0131nl\u0131\u011f\u0131na teslim oldu. En temel tar\u0131m \u00fcr\u00fcnlerinin bile ithal edildi\u011fi bir \u00fclke haline geldi. \u00d6te yandan toplum kesimleri aras\u0131nda b\u00fcy\u00fck ayr\u0131\u015fmalar ya\u015fanmaya ba\u015fland\u0131 ve insanlar\u0131m\u0131z pek \u00e7ok yanl\u0131\u015f politika nedeniyle birbirine mesafeli hatta rezervli bir \u015fekilde bakar hale geldi. Korku iklimi h\u00e2kim oldu her yerde, bas\u0131n \u00f6zg\u00fcrl\u00fc\u011f\u00fcnden bahsetmek imk\u00e2ns\u0131z durumda. D\u0131\u015f politikada tamamen g\u00fcd\u00fcml\u00fc bir tav\u0131r sergilendi ve yap\u0131lan b\u00fcy\u00fck yalpalar\u0131n k\u0131sa-orta ve uzun vadeli \u00e7ok b\u00fcy\u00fck maliyetleri ortaya \u00e7\u0131kt\u0131. Sadece Suriye politikas\u0131ndaki beceriksizli\u011fin faturas\u0131 milyonlarca m\u00fclteci ve bunlar\u0131n gelecek nesillerimize bile ta\u015f\u0131yaca\u011f\u0131 maliyetler olarak bize geri d\u00f6nd\u00fc. Bug\u00fcn T\u00fcrkiye 20 y\u0131l\u0131n pek \u00e7ok yanl\u0131\u015f uygulamalar\u0131 ile bor\u00e7 bata\u011f\u0131nda k\u0131vranan, s\u0131cak para pe\u015finde kap\u0131 kap\u0131 dola\u015fan, halk\u0131 yoksul ve umutsuz bir \u00fclke oldu. \u00d6zetle s\u00f6ylemek gerekirse; 20 y\u0131ll\u0131k AKP iktidar\u0131 uzun y\u0131llar etkisi s\u00fcrecek bir travmatik d\u00f6nem oldu T\u00fcrkiye i\u00e7in. Ve elbette hi\u00e7 \u015f\u00fcphesiz ayn\u0131 hatalar\u0131n yap\u0131lmamas\u0131 i\u00e7in ders al\u0131nacak bir k\u00f6t\u00fc \u00f6rnek oldu. Erdo\u011fan yola \u00e7\u0131karken; diyalo\u011fa a\u00e7\u0131k ve uzla\u015fmac\u0131 olaca\u011f\u0131z dedi, kavgac\u0131 ve sert bir \u00fcslup geli\u015ftirdi. Muhalif partilere a\u011f\u0131r dille y\u00fcklendi ve onlarla bir diyalog i\u00e7ine girmedi. Ne yaz\u0131k ki; \u201c%51\u2019i zor tutuyorum\u201d ifadesi ile ve Gezi Eylemlerine kat\u0131lanlar \u201cS\u00fcrt\u00fck\u201d demesiyle de siyaset tarihine, s\u00f6ylediklerinin tersini yapan bir lider olarak ge\u00e7ti. AB de\u011ferlerine ve evrensel de\u011ferlere uyaca\u011f\u0131z dedi, bunun yerine Erdo\u011fan de\u011ferlerini dayatt\u0131. Liderlik Sultas\u0131na \u2018Hay\u0131r\u2019 dedi, sonra da \u201cSay\u0131n Cumhurba\u015fkan\u0131m\u0131z\u0131n emir ve talimat\u0131yla.\u201d demeden konu\u015fmas\u0131na ba\u015flayamayan bir kadro ile yoluna devam etti. \u201cBenim bakan\u0131m, benim valim\u201d dedi, hatta uluslararas\u0131 toplant\u0131lar i\u00e7in ba\u015fka devletlerin ad\u0131n\u0131 sayd\u0131ktan sonra \u201c\u015eahs\u0131m\u201d diyerek ben merkezli bir y\u00f6netimi ne yaz\u0131k ki kurumsal h\u00e2le getirdi. En geni\u015f anlamda \u00f6zg\u00fcrl\u00fck dedi, insanlar\u0131n twit atmaya korktu\u011fu bir atmosfer yaratt\u0131. Festivallerin yasakland\u0131\u011f\u0131 ve sadece Erdo\u011fan gibi d\u00fc\u015f\u00fcnenlerin \u00f6zg\u00fcrl\u00fcklerinin l\u00fctfedildi\u011fi bir d\u00fczene ge\u00e7ildi. K\u00fc\u00e7\u00fck ve g\u00fc\u00e7l\u00fc bir devlet dedi ama hantal ve merkeziyet\u00e7i bir yap\u0131 tesis etti. Farkl\u0131l\u0131klar zenginli\u011fimizdir dedi ama gelinen noktada ya bendensin ya d\u00fc\u015fmans\u0131n tavr\u0131 h\u00e2kim hale geldi. Ahlakl\u0131 siyaset dendi, kay\u0131rman\u0131n, rant\u0131n, r\u00fc\u015fvetin, suistimalin ve yalan\u0131n kol gezdi\u011fi bir d\u00fczen h\u00e2kim oldu. Ba\u011f\u0131ms\u0131z medya dedi, yanda\u015f medya, havuz medyas\u0131 kavram\u0131 siyasi literat\u00fcre sokuldu. T\u00fcrkiye Avrupal\u0131d\u0131r dedi, \u00e7aps\u0131z, vizyonsuz ve beceriksiz d\u0131\u015f politika ile T\u00fcrkiye Orta Do\u011fu batakl\u0131\u011f\u0131na \u00e7ekildi, milyonlarca m\u00fclteci ile yaln\u0131zla\u015fan bir \u00fclke oldu ve buna da \u201cDe\u011ferli Yaln\u0131zl\u0131k\u201d diye bir \u015fey uydurdular.<\/p>\n\n\n\n<figure class=\"wp-block-image size-full\"><img decoding=\"async\" width=\"712\" height=\"446\" src=\"https:\/\/marmarayerelhizmet.com\/wp-content\/uploads\/2022\/09\/comez-564.jpg\" alt=\"\" class=\"wp-image-6082\" srcset=\"https:\/\/marmarayerelhizmet.com\/wp-content\/uploads\/2022\/09\/comez-564.jpg 712w, https:\/\/marmarayerelhizmet.com\/wp-content\/uploads\/2022\/09\/comez-564-300x188.jpg 300w\" sizes=\"(max-width: 712px) 100vw, 712px\" \/><figcaption><\/figcaption><\/figure>\n\n\n\n<p><strong>\u00d6n\u00fcm\u00fczdeki se\u00e7imlerde AK Parti&#8217;nin en b\u00fcy\u00fck rakibinin ekonomi oldu\u011fu iddia ediliyor. Siz bu g\u00f6r\u00fc\u015fe kat\u0131l\u0131yor musunuz, sizin pencerenizden bak\u0131ld\u0131\u011f\u0131nda \u00fclkenin ekonomisi nas\u0131l g\u00f6z\u00fck\u00fcyor?<\/strong><\/p>\n\n\n\n<p>Elbette ki ekonomi ve enflasyon AK Parti&#8217;nin en b\u00fcy\u00fck rakibi ancak unutmamak gerekir ki se\u00e7im AKP ile muhalefet aras\u0131nda yap\u0131lacak bir yar\u0131\u015ft\u0131r bana g\u00f6re de ipi g\u00f6\u011f\u00fcsleyecek olan muhalefettir. Unutulmamal\u0131 ki AKP&#8217;nin iktidara geldi\u011fi d\u00f6nemde kendisini iktidara ta\u015f\u0131yan \u015fartlar\u0131n en ba\u015f\u0131nda, o d\u00f6nemki ekonomik kriz yatar. Bug\u00fcn de varolan ve giderek derinle\u015fen ekonomik kriz, AKP i\u00e7in son derece olumsuz bir geli\u015fme ve se\u00e7imin kaderini belirleyecek \u00f6nemli fakt\u00f6rler-den bir tanesi. \u015eimdi AKP&#8217;nin ilk yola \u00e7\u0131kt\u0131\u011f\u0131 d\u00f6neme bakacak olursak, d\u00fcnyada \u00e7ok ciddi bir para bollu\u011fu vard\u0131, T\u00fcrkiye koalisyonlarla y\u00f6netiliyordu, 28 \u015eubat d\u00f6neminin sanc\u0131lar\u0131 s\u00fcr\u00fcyordu, ekonomik krizlerle ve istikrars\u0131z bir y\u00f6netim ile bunalm\u0131\u015ft\u0131. \u00dclkede \u00e7ok ciddi bir ekonomik buhran ya\u015fan\u0131yordu. Bu d\u00f6neme bak\u0131ld\u0131\u011f\u0131nda \u015f\u00f6yle bir de\u011ferlendirme yapmak zorunday\u0131z. D\u00fcnyadaki para bollu\u011fu, Dervi\u015f politikalar\u0131n\u0131n hayata ge\u00e7irilmesi ile birlikte T\u00fcrkiye&#8217;de bir rahatl\u0131k d\u00f6nemi ortaya \u00e7\u0131kt\u0131 ve ilk d\u00f6nemde AKP bu paran\u0131n rahatl\u0131\u011f\u0131ndan b\u00fcy\u00fck \u00f6l\u00e7\u00fcde istifade etti. Fakat AKP gelen bu s\u0131cak paray\u0131 rasyonel bir \u015fekilde kullanmak yerine, yat\u0131r\u0131ma ve istihdama harcamak yani ihracata d\u00f6n\u00fck politikalara ve programlar\u0131 harcamak yerine maalesef Rant ekonomisine g\u00f6md\u00fc bu paray\u0131. Fakat ilk d\u00f6nemde bu hissedilmedi. \u00d6te yandan AKP gelen paran\u0131n bir k\u0131sm\u0131n\u0131 rant ekonomisi ile milletin cebine ve sosyal yard\u0131mlarla da k\u0131smen geni\u015f toplum kesimlerine de verince tabanda b\u00fcy\u00fck bir destek buldu, fakat \u00fclkeye gelen bu s\u0131cak ve bol para hesaps\u0131zca \u00e7ar\u00e7ur edildi, gereksiz projelere harcand\u0131, betona g\u00f6m\u00fcld\u00fc ve b\u00fct\u00fcn bunlar\u0131n i\u00e7erisinde de tabii yok olup gitti ve T\u00fcrkiye&#8217;nin borcu giderek artt\u0131. Yine 20 y\u0131ll\u0131k iktidar\u0131 d\u00f6neminde AKP elde ne var ne yoksa satt\u0131, Varl\u0131k Fonu marifetiyle bir\u00e7ok de\u011feri elden \u00e7\u0131kartt\u0131 ve \u00e7\u0131kartmaya da devam ediyor. Yurt d\u0131\u015f\u0131na b\u00fcy\u00fck sat\u0131\u015flar ger\u00e7ekle\u015ftirdi, keza konut sat\u0131\u015flar\u0131 ile ucuz vatanda\u015fl\u0131k vererek \u00e7ekti\u011fi yabanc\u0131larla para getirdi ve ciddi sat\u0131\u015flarla T\u00fcrkiye&#8217;nin istikbali ad\u0131na \u00e7ok yanl\u0131\u015f hamleler yapt\u0131. Bununla beraber garantili bir tak\u0131m projelerle, yurt d\u0131\u015f\u0131ndan bulunan finans ve kredilerle yine m\u00fcteahhitleriyle uzun vadeli yat\u0131r\u0131mlara girdi ama m\u00fcteahhitler marifetiyle Devlet Garantili Projeler bizim \u00e7oluk \u00e7ocu\u011fumuzu hatta torunlar\u0131m\u0131z\u0131 bir bor\u00e7 bata\u011f\u0131 i\u00e7erisinde s\u00fcr\u00fckledi. Bu bak\u0131mdan AKP&#8217;nin ilk d\u00f6nemi halk nezdinde ba\u015far\u0131l\u0131 gibi alg\u0131lansa da asl\u0131nda bu korkun\u00e7 ekonomik d\u00fczenin bir anlamda zeminin haz\u0131rland\u0131\u011f\u0131, bana g\u00f6re \u00e7ok riskli ve tehlikeli bir d\u00f6nemdi. O nedenle \u00e7ok say\u0131da Soru \u00d6nergesi verdim, Ekonomiden Sorumlu Devlet Bakanlar\u0131na ve gelen paran\u0131n heba edildi\u011fine y\u00f6nelik sorular sordum. Ekonomik politikalar\u0131n yanl\u0131\u015f uyguland\u0131\u011f\u0131na dair sorular sordum. Bu s\u0131cak paran\u0131n \u00fcretime d\u00f6n\u00fck ve ihracata y\u00f6nelik yat\u0131r\u0131mlara harcanmas\u0131 gerekti\u011fini hep s\u00f6yledim kendilerini ikaz ettim. T\u00fcm bunlardan sonra AKP ilk d\u00f6nem hatta 2 d\u00f6nemin sonunda bunu oya tahvil etmeyi ba\u015fard\u0131 fakat gelinen bu noktada T\u00fcrkiye ciddi bir ekonomik dar bo\u011faz i\u00e7erisinde. \u015eimdi rakamlara bakacak olursak, T\u00fcrkiye&#8217;nin i\u00e7 ve d\u0131\u015f borcu ciddi manada artt\u0131. \u0130\u00e7 borcu bir bu\u00e7uk trilyon lira, faizi de 2,5 trilyon lira. Cumhuriyet tarihinde ilk kez faiz ana paray\u0131 ge\u00e7mi\u015f ve T\u00fcrkiye&#8217;nin i\u00e7 borcu 4 trilyon liray\u0131 a\u015fm\u0131\u015f durumda. T\u00fcrkiye&#8217;nin k\u0131sa vadeli d\u0131\u015f borcu 176 milyar dolar\u0131 bulmu\u015f durumda ve Merkez Bankas\u0131&#8217;n\u0131n kasas\u0131nda eksi 60 milyar dolar civar\u0131nda bir negatif bilan\u00e7o s\u00f6z konusu. \u00d6te yandan T\u00fcrkiye&#8217;nin 5 y\u0131ll\u0131k kredi temerr\u00fct takas\u0131 (CDS) 805 baz puan ile 29 Temmuz&#8217;dan bu yana en y\u00fcksek seviyeyi g\u00f6rd\u00fc, bir ara 900 baz\u0131 buldu \u015fu anda 800&#8217;ler civar\u0131nda ve maalesef T\u00fcrkiye buna ra\u011fmen %11-12 faiz ile d\u0131\u015far\u0131dan dolar borcu bulam\u0131yor ve s\u0131vaplarla ekonomisini idare ettirmeye \u00e7al\u0131\u015f\u0131yor. Tabii hane halk\u0131n\u0131n borcu da giderek art\u0131yor. \u0130nsanlar hayat pahal\u0131l\u0131\u011f\u0131 ve enflasyonun alt\u0131nda ciddi olarak ezilmi\u015f durumda ve bir\u00e7ok insan ekonomisini kredi kartlar\u0131 ile \u00e7evirir hale geldi. T\u00fcrkiye&#8217;de kredi kart\u0131 kullanan insan say\u0131s\u0131 yakla\u015f\u0131k 35 milyon civar\u0131nda. Ama kredi kart\u0131 say\u0131s\u0131 90 milyonu bulmu\u015f. Yani insanlar\u0131n bir \u00e7o\u011funda 2-3 kredi kart\u0131 var ve birinden al\u0131p di\u011ferini aktararak insanlar g\u00fcn\u00fc kurtarmaya \u00e7al\u0131\u015f\u0131yorlar ve kredi kart\u0131 ile bankalardan, ATM&#8217;lerden \u00e7ekilen para oran\u0131 giderek art\u0131yor. T\u00fcm bunlar\u0131n yan\u0131nda enflasyonun ve hayat pahal\u0131l\u0131\u011f\u0131n\u0131n hangi noktada oldu\u011fu-nu hepimiz biliyoruz. \u00c7ar\u015f\u0131ya, pazara, bakkala giden insan\u0131m\u0131z \u00e7ok daha yak\u0131ndan hissediyor. Yurt d\u0131\u015f\u0131ndan \u00fclkeme geldi\u011fimde fiyatlar\u0131n art\u0131\u015f\u0131 konusunda \u015fa\u015fk\u0131na d\u00f6n\u00fcyorum. Dramatik bir fiyat art\u0131\u015f\u0131 s\u00f6z konusu. Fiyatlar neredeyse Avrupa rakam\u0131n\u0131 bulmu\u015f durumda fakat maalesef insan\u0131m\u0131z\u0131n geliri o d\u00fczeyde de\u011fil. 5500 liral\u0131k bir asgari \u00fccretle art\u0131k insanlar\u0131n ge\u00e7inme \u015fans\u0131 maalesef T\u00fcrkiye&#8217;de yok ve T\u00fcrkiye&#8217;de \u00f6nemli bir toplum kesimi a\u00e7l\u0131k ve yoksulluk s\u0131n\u0131r\u0131n\u0131n alt\u0131nda ya\u015famak durumunda. Bunca borca ra\u011fmen, bunca sat\u0131p savmaya ra\u011fmen giderek derinle\u015fen ekonomik krizin bir tek sorumlusu vard\u0131r, bu da Tek Adam Rejimidir ve tabiat\u0131yla \u201cEkonominin ba\u015f\u0131nda ben var\u0131m, ekonomiden ben sorumluyum\u201d diyen Erdo\u011fan&#8217;d\u0131r. T\u00fcrkiye rasyonel ad\u0131mlar atmazsa, \u00f6n\u00fcm\u00fczdeki d\u00f6nemde daha da derinle\u015fecek bir ekonomik krize maalesef tan\u0131k olaca\u011f\u0131z. Yaz\u0131n getirdi\u011fi rahatl\u0131\u011f\u0131nda bitmesiyle beraber k\u0131\u015f d\u00f6neminde enerji ve g\u0131da fiyatlar\u0131ndaki art\u0131\u015flar k\u0131rm\u0131z\u0131 daha derinden hissedece\u011fiz T\u00fcrkiye&#8217;nin tek \u015fans\u0131 \u00f6n\u00fcm\u00fczdeki se\u00e7imlerle birlikte sand\u0131ktan \u00e7\u0131kacak yepyeni bir vizyon, yepyeni bir anlay\u0131\u015f\u0131n \u00fclkeyi y\u00f6netmesidir.<\/p>\n\n\n\n<figure class=\"wp-block-image size-large\"><img decoding=\"async\" width=\"1024\" height=\"768\" src=\"https:\/\/marmarayerelhizmet.com\/wp-content\/uploads\/2022\/09\/comez-mu-1024x768.jpg\" alt=\"\" class=\"wp-image-6083\" srcset=\"https:\/\/marmarayerelhizmet.com\/wp-content\/uploads\/2022\/09\/comez-mu-1024x768.jpg 1024w, https:\/\/marmarayerelhizmet.com\/wp-content\/uploads\/2022\/09\/comez-mu-300x225.jpg 300w, https:\/\/marmarayerelhizmet.com\/wp-content\/uploads\/2022\/09\/comez-mu-768x576.jpg 768w, https:\/\/marmarayerelhizmet.com\/wp-content\/uploads\/2022\/09\/comez-mu-1536x1151.jpg 1536w, https:\/\/marmarayerelhizmet.com\/wp-content\/uploads\/2022\/09\/comez-mu-2048x1535.jpg 2048w\" sizes=\"(max-width: 1024px) 100vw, 1024px\" \/><figcaption><\/figcaption><\/figure>\n\n\n\n<p><strong>Say\u0131n \u00c7\u00f6mez, mademki masam\u0131za k\u00fc\u00e7\u00fck bir misafirimiz geldi, ondan yola \u00e7\u0131karak g\u00fcncel bir soru sormak istiyorum. \u00dclkemizin en \u00f6nemli sorunu ekonomi mi, m\u00fclteci meselesi mi?<\/strong><\/p>\n\n\n\n<p>Ekonomi bug\u00fcn\u00fcn \u00f6nemli bir sorunu, yar\u0131n \u00f6b\u00fcr g\u00fcn \u00e7\u00f6z\u00fclebilecek bir sorun. Ciddi bir problem ama T\u00fcrkiye&#8217;nin kaynaklar\u0131 do\u011fru kullan\u0131l\u0131rsa, rasyonel kullan\u0131l\u0131rsa T\u00fcrkiye k\u0131sa s\u00fcre i\u00e7erisinde toparlayacakt\u0131r ve rahat bir nefes alacakt\u0131r. Ancak \u015fu anda T\u00fcrkiye&#8217;nin ba\u015f\u0131ndaki m\u00fclteci problemi uzun vadeli, bug\u00fcn\u00fcm\u00fcze, yar\u0131n\u0131m\u0131za ve \u00e7ocuklar\u0131m\u0131za tesir edecek \u00e7ok \u00f6nemli bir problem. O bak\u0131mdan \u00e7ok \u00f6nemli bir soru sordunuz, ben de bununla ilgili kanaatimi payla\u015fmak isterim. \u00d6ncelikle \u015funu s\u00f6yleyeyim; m\u00fclteci sorunu asl\u0131nda s\u0131n\u0131r\u0131m\u0131z\u0131n hemen \u00f6tesindeki sava\u015ftan kaynaklanan bir sorun de\u011fildir. Bu sorunun temelinde B\u00fcy\u00fck Orta Do\u011fu Projesi vard\u0131r, kurgulanm\u0131\u015ft\u0131r ve T\u00fcrkiye&#8217;ye bu sorun dayat\u0131lm\u0131\u015ft\u0131r. Ve maalesef T\u00fcrkiye d\u0131\u015f politikadaki aymazl\u0131\u011f\u0131 ve \u00e7aps\u0131zl\u0131\u011f\u0131 sebebiyle bu sorunu kuca\u011f\u0131nda bulmu\u015ftur. Bu konu giderek daha da dramatik hale gelmektedir. \u00d6ncelikle Afganistan&#8217;dan gelen m\u00fcltecilerden ba\u015flayal\u0131m, ondan sonra Suriye konusuna gelece\u011fim. \u0130kisi de birbirinden ayr\u0131 ama bir o kadar da \u00f6nemli. Hat\u0131rlayacaks\u0131n\u0131z, Afganistan&#8217;da y\u0131llardan beri bir Amerikan ve \u0130ngiliz varl\u0131\u011f\u0131 s\u00f6z konusu idi ve Taliban rejimi ile s\u00f6zde m\u00fccadele ediliyordu. Asl\u0131nda Taliban rejimi Rusya&#8217;n\u0131n g\u00fcneye inme projesine kar\u015f\u0131 Amerika taraf\u0131ndan desteklenmi\u015f, kurgulanm\u0131\u015f bir rejim ve y\u0131llarca Amerika bunu Ruslara kar\u015f\u0131 kullanmak i\u00e7in besledi. Taliban\u2019\u0131 bahane ederek Orta Asya&#8217;da bir varl\u0131k ortaya koydu fakat bundan sonra politikas\u0131nda bir de\u011fi\u015fiklik yapt\u0131 ve ge\u00e7ti\u011fimiz y\u0131llarda Amerika, Afganistan&#8217;dan \u00e7ekilme karar\u0131 ald\u0131. Biden bu karar\u0131 vermeden bir s\u00fcre \u00f6nce Erdo\u011fan kendisi ile defaatle g\u00f6r\u00fc\u015fmek i\u00e7in randevu talep etti fakat buna kar\u015f\u0131l\u0131k bulamad\u0131. Ancak Amerikan Lideri Biden bu karar\u0131 vermesinin hemen ard\u0131ndan Erdo\u011fan&#8217;a bir randevu verdi ve bu g\u00f6r\u00fc\u015fmede bildi\u011finiz gibi Kavak\u00e7\u0131\u2019n\u0131n k\u0131z\u0131 terc\u00fcmanl\u0131k yapt\u0131. T\u00fcrkiye burada neler konu\u015fuldu\u011funa dair hi\u00e7bir bilgi ve fikir sahibi olamad\u0131. D\u0131\u015fi\u015fleri yetkililerinin bile kat\u0131lmad\u0131\u011f\u0131 bu toplant\u0131 ya da g\u00f6r\u00fc\u015fmede devletin kay\u0131tlar\u0131nda ne oldu\u011funu dahi \u00f6\u011frenme imkan\u0131 olmad\u0131. Bir s\u00fcre sonra Afganistan&#8217;dan Amerikan birliklerini geri \u00e7ekildi, hemen ard\u0131ndan biz Afganl\u0131 m\u00fcltecilerin T\u00fcrkiye&#8217;ye ak\u0131n\u0131na tan\u0131k olduk. Burada iddia edilen \u015fu ki; ben de buna kat\u0131l\u0131yorum. Erdo\u011fan ile Biden g\u00f6r\u00fc\u015fmesinin ard\u0131ndan Afganistan&#8217;daki Amerikan birliklerinin \u00e7ekilmesiyle beraber burada Amerikal\u0131lara yard\u0131m etmi\u015f Afganl\u0131 askerlerin ve insanlar\u0131n g\u00fcvenlik nedeni ile T\u00fcrkiye&#8217;ye geli\u015flerine T\u00fcrkiye&#8217;nin izin vermesi konusunda ikili anla\u015ft\u0131. \u0130ddia bu, bana g\u00f6re de do\u011fru bir iddia. G\u00f6r\u00fc\u015fmenin hemen ard\u0131ndan ya\u015fanan bu g\u00f6\u00e7 dalgas\u0131 ile y\u00fcz binlerce Afganl\u0131n\u0131n T\u00fcrkiye&#8217;ye giri\u015f yapt\u0131\u011f\u0131na \u015fahit olduk. Ge\u00e7ti\u011fimiz g\u00fcnlerde \u0130ngiltere&#8217;de yay\u0131nlanan bir makalede \u0130ngilizlerle birlikte Afganistan&#8217;da \u00e7al\u0131\u015fm\u0131\u015f Afganl\u0131 yerlilerden 20 binin \u0130ngiltere&#8217;ye kabul edildi\u011fini ve \u0130ngiltere h\u00fck\u00fcmetinin onlara sahip \u00e7\u0131kt\u0131\u011f\u0131n\u0131 yazd\u0131, fakat Afganistan&#8217;da Amerika&#8217;n\u0131n e\u011fitti\u011fi, donatt\u0131\u011f\u0131, \u00f6zel harp teknikleri ile istihbarat tekniklerini \u00f6\u011fretti\u011fi bu Afganl\u0131 askerlerin nereye gitti\u011fi konusunda hi\u00e7bir bilgi yoktu. ABD&#8217;ye gitme-dikleri de kesindi. Kamuoyuna yans\u0131yan iddialara g\u00f6re, bu ki\u015filerin \u00f6nce \u0130ran&#8217;a daha sonra T\u00fcrkiye s\u0131n\u0131r\u0131ndan T\u00fcrkiye&#8217;ye girdi\u011fi s\u00f6yleniyor. Bunun bir ka\u00e7 y\u00fcz bini buldu\u011fu konusunda da ciddi ku\u015fkular var ve zaten 40.000\u2019e yak\u0131n Afganl\u0131ya da vatanda\u015fl\u0131k verildi\u011fi konusunda ge\u00e7ti\u011fimiz g\u00fcnlerde resmen a\u00e7\u0131klamalar yap\u0131ld\u0131 \u0130\u00e7i\u015fleri Bakanl\u0131\u011f\u0131 taraf\u0131ndan. Buradan da anla\u015f\u0131laca\u011f\u0131 gibi asl\u0131nda Afganl\u0131 m\u00fclteciler sorunu bizim kuca\u011f\u0131m\u0131za Amerika taraf\u0131ndan b\u0131rak\u0131lm\u0131\u015f ve uzun y\u0131llar T\u00fcrkiye&#8217;nin ba\u015f\u0131na dert olacak bir sorun ve unutulmamal\u0131d\u0131r ki gen\u00e7, \u00f6zel harp, askeri istihbarat e\u011fitimi alm\u0131\u015f ve son derece donan\u0131ml\u0131 askerlerden olu\u015fuyor ve \u015fu anda T\u00fcrki-ye&#8217;de tam olarak nerede olduklar\u0131 da bilinmiyor. Bu bak\u0131mdan bu sorun T\u00fcrkiye&#8217;nin orta ve uzun vadeli \u00f6nemli bir meselesi olarak g\u00fcndemde yer almal\u0131. \u00d6te yandan Afganl\u0131 m\u00fcltecilerin s\u0131n\u0131r\u0131 ge\u00e7erken insan tacirleri taraf\u0131ndan kullan\u0131ld\u0131\u011f\u0131 konusunda da ciddi bilgiler geliyor. Afganistan&#8217;da son d\u00f6nemde artan efedra bitkisinden \u00fcretilmi\u015f metamfetaminin, ki d\u00fcnyan\u0131n yeni uyu\u015fturucu tehdidi olarak biliniyor ve T\u00fcrkiye&#8217;de de kullan\u0131m\u0131 giderek artmaktad\u0131r. Bu m\u00fcltecilerin \u00e7antalar\u0131n\u0131 koyduklar\u0131 yar\u0131m kilo, bir kilo, 5 kiloluk uyu\u015fturucular\u0131yla ge\u00e7irilip T\u00fcrkiye&#8217;ye getirildi\u011fi konusunda ciddi iddialar ve ku\u015fkular vard\u0131r. M\u00fclteci sorunu sadece sosyolojik ya da demografik bir sorun de\u011fil ayn\u0131 zamanda bir uyu\u015fturucu tehdidini de T\u00fcrkiye&#8217;nin ba\u015f\u0131na bela edecek bir sorundur, \u00f6zellikle Afganl\u0131lar.. Suriye konusuna gelince; Sava\u015ftan sonra \u00e7eli\u015fkili de olsa 5 il\u00e2 8 milyon Suriye&#8217;linin s\u0131n\u0131r\u0131 ge\u00e7erek direkt T\u00fcrkiye&#8217;ye geldi\u011fi s\u00f6yleniyor. Bu gelen m\u00fcltecilerin \u00f6zellikle Do\u011fu ve G\u00fcneydo\u011fu&#8217;da yerle\u015fmi\u015f olmalar\u0131, Hatay, Gaziantep, Urfa gibi yerlerde demografik yap\u0131y\u0131 tamamen de\u011fi\u015ftirmi\u015f olmalar\u0131 ve bir\u00e7ok kontrol d\u0131\u015f\u0131 ve kay\u0131t d\u0131\u015f\u0131 g\u00f6\u00e7\u00fcn ger\u00e7ekle\u015fmi\u015f olmas\u0131 da T\u00fcrkiye&#8217;nin uzun vadeli \u00f6nemli problemidir ve bu problem b\u00fcy\u00fcyerek devam edecektir. Son d\u00f6nemde su\u00e7 oranlar\u0131ndaki g\u00f6steren art\u0131\u015f hatta kimi isimlerin uyu\u015fturucu ticaretine kar\u0131\u015ft\u0131\u011f\u0131 y\u00f6n\u00fcndeki haberler lokal ve kriminal su\u00e7lardaki art\u0131\u015flar sorunun hangi boyutlara ta\u015f\u0131nabilece\u011fini de g\u00f6steren \u00f6nemli i\u015faretlerdir. Yine biliyorsunuz, ge\u00e7enlerde D\u0131\u015fi\u015fleri Bakan\u0131 bir a\u00e7\u0131klama yapt\u0131 ve Suriye&#8217;deki muhaliflerle Suriye rejiminin bar\u0131\u015fmas\u0131na dair d\u00fc\u015f\u00fcncesini payla\u015ft\u0131. Bunun \u00fczerine kuzeydeki \u00e7ok say\u0131da Suriyeli \u00d6SO \u00fcyesi muhalif, ayn\u0131 zamanda T\u00fcrkiye&#8217;den \u00f6nemli \u00f6l\u00e7\u00fcde destek ve maa\u015f alan bu insanlar T\u00fcrk birliklerine sald\u0131rd\u0131lar, T\u00fcrk Bayra\u011f\u0131n\u0131 yakt\u0131lar. Bu da asl\u0131nda T\u00fcrkiye&#8217;deki \u00f6n\u00fcm\u00fczdeki y\u0131llarda olabilecek sorunun hangi boyutta oldu\u011funu g\u00f6steren ciddi ve can s\u0131k\u0131c\u0131 bir \u00f6rnektir. Tabii Erdo\u011fan iktidar\u0131n\u0131n yanl\u0131\u015f Suriye politikas\u0131 sebebiyle Suriye&#8217;nin kuzeyinde bir YPG-PYD ter\u00f6r devleti kuruldu. Rusya zaten varl\u0131\u011f\u0131n\u0131 bu sava\u015f m\u00fcnasebetiyle g\u00fc\u00e7lendirdi. Bununla beraber, yine \u0130dlip civar\u0131nda \u00e7ok say\u0131da \u00d6SO mensubu ama \u00f6zelde \u0130\u015e\u0130D \u00fcyesi oldu\u011fu biliniyor, \u015fu anda ciddi manada bir tehdit haline geldi. Ve T\u00fcrkiye&#8217;nin \u015fu anda 7-8 milyonu bulan bu m\u00fclteci ile ba\u015f etmesi giderek zorla\u015f\u0131yor. O bak\u0131mdan Erdo\u011fan iktidar\u0131 ile bunun \u00e7\u00f6z\u00fclemeyece\u011fi de ortada. Muhalefetin iktidar\u0131 ele almas\u0131 ile beraber yapaca\u011f\u0131 \u00e7al\u0131\u015fmalar\u0131n ba\u015f\u0131nda bana g\u00f6re; m\u00fclteci problemi gelmektedir. Bu evet \u00e7ok \u00f6nemli bir sorundur, \u00e7ok ciddi bir sorundur ama \u00e7\u00f6z\u00fclemeyecek bir sorun de\u011fildir. Bununla ilgili d\u00fcnyada \u00f6rnekler vard\u0131r. Yap\u0131lacak \u015fey, Esad rejimi ile el s\u0131k\u0131\u015fmak, bir garant\u00f6rl\u00fck anla\u015fmas\u0131 da imzalayarak bu insanlar\u0131n \u00fclkelerine g\u00fcvenli bir \u015fekilde geri gidi\u015flerinin sa\u011flanmas\u0131 ve yard\u0131mc\u0131 olmakt\u0131r. \u0130lk 6 ay bana g\u00f6re bir haz\u0131rl\u0131k a\u015famas\u0131 olmal\u0131 ve kendileri bu konuda te\u015fvik edilmeli. \u0130kinci 6 ayda bir tak\u0131m tedbirler al\u0131nmal\u0131. Nedir bu tedbirler? Emlak al\u0131m sat\u0131m yapamayacaklar, \u00e7ocuklar\u0131n\u0131 okula kaydedemeyecekler, hastanelerden al\u0131nan \u00fccretsiz hizmetin sona erdirilmesi, banka hizmetlerinden durdurulmas\u0131, ara\u00e7 ve telefon al\u0131m sat\u0131m yapamayacaklar\u0131, hi\u00e7bir i\u015fte \u00e7al\u0131\u015famayacaklar\u0131 \u015feklinde sert \u00f6nlemler al\u0131nmal\u0131 ve \u00fc\u00e7\u00fcnc\u00fc 6 ayda da yapt\u0131r\u0131mlar uygulanmal\u0131. T\u00fcrkiye 1951 Cenevre S\u00f6zle\u015fmesine imza atm\u0131\u015ft\u0131r. Bu s\u00f6zle\u015fmeye g\u00f6re, T\u00fcrkiye&#8217;nin s\u0131n\u0131r kom\u015fusu \u00fclkelerden gelecek m\u00fcltecilere, \u2018m\u00fclteci stat\u00fcs\u00fc\u2019 verme mecburiyeti yoktur. Dolay\u0131s\u0131yla bu konuda T\u00fcrkiye&#8217;nin uluslararas\u0131 yapt\u0131r\u0131mlarla kar\u015f\u0131la\u015fmas\u0131 da m\u00fcmk\u00fcn de\u011fildir. Bu bak\u0131mdan vizyoner bir d\u0131\u015f politika yakla\u015f\u0131m\u0131 ile bu sorun \u00e7\u00f6z\u00fclmeli, yoksa \u00f6n\u00fcm\u00fczdeki 10 y\u0131llarda demokratik yap\u0131n\u0131n tamamen de\u011fi\u015fti\u011fi, k\u00fclt\u00fcrel yap\u0131n\u0131n tamamen yozla\u015ft\u0131\u011f\u0131 bamba\u015fka bir T\u00fcrkiye ile tan\u0131\u015faca\u011f\u0131z. Bu da bizim \u00e7ocuklar\u0131m\u0131z ve torunlar\u0131m\u0131z i\u00e7in \u00e7ok b\u00fcy\u00fck tehdit ve risk olu\u015fturacakt\u0131r. M\u00fclteci sorunu bana g\u00f6re ekonomiden \u00e7ok daha \u00f6nemlidir. \u00c7\u00fcnk\u00fc ekonomiyi bir tak\u0131m tedbirler, finansal kararlar ve piyasa arg\u00fcmanlar\u0131 ile \u00e7\u00f6zebilirsiniz ancak m\u00fclteci sorunu \u00e7\u00f6z\u00fclmez ve burada kal\u0131c\u0131 hale gelirlerse gelece\u011fimiz tehdit alt\u0131na girer.<\/p>\n\n\n\n<figure class=\"wp-block-image size-large\"><img decoding=\"async\" width=\"1024\" height=\"768\" src=\"https:\/\/marmarayerelhizmet.com\/wp-content\/uploads\/2022\/09\/tayyipp-1024x768.jpg\" alt=\"\" class=\"wp-image-6084\" srcset=\"https:\/\/marmarayerelhizmet.com\/wp-content\/uploads\/2022\/09\/tayyipp-1024x768.jpg 1024w, https:\/\/marmarayerelhizmet.com\/wp-content\/uploads\/2022\/09\/tayyipp-300x225.jpg 300w, https:\/\/marmarayerelhizmet.com\/wp-content\/uploads\/2022\/09\/tayyipp-768x576.jpg 768w, https:\/\/marmarayerelhizmet.com\/wp-content\/uploads\/2022\/09\/tayyipp.jpg 1353w\" sizes=\"(max-width: 1024px) 100vw, 1024px\" \/><figcaption><\/figcaption><\/figure>\n\n\n\n<p><strong>T\u00fcrkiye&#8217;nin sorunlar\u0131 b\u00fcy\u00fck. Bunu her alanda g\u00f6r\u00fcyor ve ya\u015f\u0131yoruz. \u0130nsanlarda olu\u015fan umutsuzluk ve problemlerin \u00e7\u00f6z\u00fclemeyece\u011fine dair olu\u015fan kayg\u0131ya kat\u0131l\u0131yor musunuz ve bunun form\u00fcl\u00fc nedir sizce?<\/strong><\/p>\n\n\n\n<p>\u00c7ok te\u015fekk\u00fcr ediyorum, evet T\u00fcrkiye&#8217;nin problemleri \u00e7ok b\u00fcy\u00fck, ciddi devasa sorunlar\u0131 var. Tarihin bize intikal ettirdi\u011fi sorunlar var, co\u011frafyan\u0131n bize miras b\u0131rakt\u0131\u011f\u0131 sorunlar var ama en temel sorunlar T\u00fcrkiye&#8217;nin y\u00f6netilememesi sebebiyle ortaya \u00e7\u0131kard\u0131\u011f\u0131 bir problemlerdir. Bu bak\u0131mdan sorun nereden geliyorsa, \u00e7\u00f6z\u00fcm de oradad\u0131r diye d\u00fc\u015f\u00fcnen birisiyim. \u00d6ncelikle \u015funu s\u00f6yleyeyim, d\u00fcnyan\u0131n bir\u00e7ok \u00fclkesinde bulundum. Gitti\u011fim yerlere sadece gezmek i\u00e7in de\u011fil analiz ve g\u00f6zlem yapmak i\u00e7in de gidiyorum. O g\u00f6zlemlerimi yaparken, o \u00fclkelerin i\u00e7inde bulunduklar\u0131 ekonomik, sosyal \u015fartlar\u0131, geldikleri yolu gittikleri noktay\u0131 de\u011ferlendirmeye \u00e7al\u0131\u015ft\u0131m ve d\u00fcnya nereden geliyor, nereye gidiyor bunu anlamaya \u00e7al\u0131\u015ft\u0131m. T\u00fcrkiye&#8217;ye d\u0131\u015far\u0131dan bakmak daha objektif bir bak\u0131\u015f a\u00e7\u0131s\u0131 sa\u011flayabiliyor size. O bak\u0131mdan T\u00fcrkiye ile ilgili sorunlara da bu perspektiften bakmak istiyorum. Evet do\u011fru sorunlar\u0131m\u0131z \u00e7ok, problemlerimiz \u00e7ok. Bir an \u00f6nce \u00e7\u00f6z\u00fclmesi gereken ciddi s\u0131k\u0131nt\u0131lar\u0131m\u0131z var. Bunlar\u0131 \u015fimdilik ben bir kenara b\u0131rakmak istiyorum. \u00c7\u00fcnk\u00fc elimizdeki potansiyel, elimizdeki imk\u00e2n, sahip oldu\u011fumuz de\u011ferler sadece T\u00fcrkiye&#8217;nin problemlerini de\u011fil, b\u00f6lgenin problemlerini, co\u011frafyan\u0131n problemlerini \u00e7\u00f6zecek kadar g\u00fc\u00e7l\u00fc ve kudretli. Ben buna inan\u0131yorum. \u00d6ncelikle \u00fclkemizin \u00e7ok k\u00f6kl\u00fc bir tarihi var, bunu kimse k\u00fc\u00e7\u00fcmsememeli. Bunun fark\u0131nda olmal\u0131y\u0131z. Bu tarihin bize miras b\u0131rakt\u0131\u011f\u0131 \u00e7ok \u00f6nemli de\u011ferler var. Bunun yan\u0131nda co\u011frafyan\u0131n bulundu\u011fu jeopolitik ve jeostratejik konum T\u00fcrkiye&#8217;yi tarih boyunca hep \u00e7ok \u00f6nemli hale getirmi\u015f, bug\u00fcn de \u00e7ok \u00f6nemli, yar\u0131n da \u00e7ok \u00f6nemli bir noktaday\u0131z. Kuzey ve G\u00fcney&#8217;in ge\u00e7i\u015f noktas\u0131, Do\u011fu ile Bat\u0131n\u0131n birle\u015fme ve kesi\u015fme noktas\u0131. Bu bak\u0131mdan d\u00fcnyadaki b\u00fct\u00fcn denklemlerin \u00e7\u00f6z\u00fcm\u00fc i\u00e7in, \u00f6yle ya da b\u00f6yle, az ya da \u00e7ok T\u00fcrkiye&#8217;nin bir dahli gerekiyor. Bu tabii ki bize ayn\u0131 zamanda bir\u00e7ok f\u0131rsat\u0131 da beraberinde getiriyor. Yani tarihi g\u00fcc\u00fcm\u00fcz\u00fcn yan\u0131nda, jeopolitik ve jeostratejik g\u00fcc\u00fcm\u00fczde \u00e7ok k\u0131ymetli. Bununla birlikte \u00e7ok b\u00fcy\u00fck bir alana sahibiz, b\u00fcy\u00fck bir co\u011frafyam\u0131z var ve bu co\u011frafya son derece verimli ve bereketli bir co\u011frafya. D\u00fcnyan\u0131n en bereketli topraklar\u0131nda ya\u015f\u0131yoruz. Bu topraklar\u0131n alt\u0131 da zengin \u00fcst\u00fc de zengin. T\u00fcrkiye&#8217;nin tar\u0131m\u0131 rasyonel bir \u015fekilde yap\u0131lsa, do\u011fru y\u00f6netilse, T\u00fcrkiye kendi gibi 5 tane \u00fclkeyi doyurur, besler, bakar ve rahatl\u0131kla ihtiya\u00e7lar\u0131 giderebilir. \u00d6te yandan yeralt\u0131nda b\u00fcy\u00fck zenginlikleri var. T\u00fcrkiye&#8217;nin maden zenginlikleri var. Ben hala \u00e7ok g\u00fc\u00e7l\u00fc petrol yataklar\u0131n\u0131n oldu\u011funu d\u00fc\u015f\u00fcn\u00fcyorum. S\u0131n\u0131r\u0131n hemen \u00f6tesinde Musul&#8217;da, Kerk\u00fck&#8217;te, \u0130dlip\u2019te inan\u0131lmaz zengin petrol yataklar\u0131 var. Keza Suriye&#8217;de, hemen do\u011fumuzda gelin \u0130ran&#8217;da, Kuzeyimize bakal\u0131m Kafkasya\u2019da. Allah b\u00fct\u00fcn bunlara bu imk\u00e2nlar\u0131 verirken, tam ortas\u0131nda kalan co\u011frafyay\u0131 da herhalde bo\u015f b\u0131rakmam\u0131\u015ft\u0131r. O bak\u0131mdan ben ciddi bir analiz ve planlama ile T\u00fcrkiye&#8217;nin yer alt\u0131nda da san\u0131landan \u00e7ok daha b\u00fcy\u00fck zenginlik ve rezervlerinin oldu\u011funu d\u00fc\u015f\u00fcn\u00fcyorum. Tabii co\u011frafi ve iklim \u00f6zelli\u011fi, turizm potansiyeli, denizi, orman\u0131, \u00e7evresi.. B\u00fct\u00fcn bunlar\u0131 \u00fcst \u00fcste kondu\u011funda korkun\u00e7 bir zenginli\u011fi var T\u00fcrkiye\u2019nin elinde. Fakat hepsini bir yana b\u0131rak\u0131n, \u00fclkemizin en b\u00fcy\u00fck zenginli\u011fi; gen\u00e7, dinamik, \u00e7al\u0131\u015fkan bir n\u00fcfusu var. Avrupa&#8217;dan bakt\u0131\u011f\u0131n\u0131zda bunu k\u0131ymetini daha iyi anl\u0131yorsunuz. Avrupa&#8217;da ya\u015flanm\u0131\u015f ve \u00e7al\u0131\u015fma konusunda T\u00fcrkiye kadar istekli olmayan bir n\u00fcfus s\u00f6z konusu. Ancak T\u00fcrkiye&#8217;de son derece fedak\u00e2r, \u00e7al\u0131\u015fkan ve g\u00fc\u00e7l\u00fc bir sosyal sermaye yap\u0131s\u0131 var ve yeti\u015fmi\u015f, donan\u0131ml\u0131 kadrolar\u0131m\u0131z\u0131 var. Bug\u00fcn T\u00fcrkiye&#8217;den d\u00fcnyan\u0131n ba\u015fka yerlerine giden doktorlar muazzam i\u015fler ba\u015far\u0131yor. Yine Savunma Sanayi\u2019nde ge\u00e7ti\u011fimiz y\u0131llarda maalesef \u00e7al\u0131\u015fan gen\u00e7 m\u00fchendislerimizden 7 bin tanesi yurt d\u0131\u015f\u0131na gitti. Evet, ola\u011fan\u00fcst\u00fc i\u015fler ba\u015far\u0131yorlar. Bu bak\u0131mdan \u00fclkemizin inan\u0131lmaz bir g\u00fc\u00e7 var potansiyeli var. Tabii bunlar\u0131n nas\u0131l y\u00f6netilece\u011fi, sevk ve idare edilece\u011fi, hangi kurallar manzumesi ile istikbale gidece\u011fi \u00e7ok \u00f6nemli. Burada T\u00fcrkiye&#8217;nin temel ihtiya\u00e7 duydu\u011fu \u015fey; demokrasidir, insan haklar\u0131d\u0131r, \u00f6zg\u00fcrl\u00fcklerdir, hukuktur, adalettir, laikliktir. Toplum kesimleri aras\u0131na planl\u0131 bir \u015fekilde sokulmu\u015f ayr\u0131l\u0131k tohumlar\u0131n\u0131n ortadan kald\u0131r\u0131lmas\u0131d\u0131r. Yani toplumun yeniden kucakla\u015fmas\u0131, sosyal bar\u0131\u015f\u0131n sa\u011flanmas\u0131d\u0131r. Bu d\u00fczlemde T\u00fcrkiye y\u00f6netilirse ve gelece\u011fi bu \u015fekilde y\u00fcr\u00fcrse bu de\u011ferler ve g\u00fc\u00e7leri sayesinde birka\u00e7 y\u0131l i\u00e7erisinde d\u00fcnyada parmak ile g\u00f6sterilen bir \u00fclke olur. D\u00fcnya yeniden \u015fekilleniyor, \u00f6zellikle bizim bulundu\u011fumuz co\u011frafya yeniden dizayn ediliyor. Ukrayna Rusya Sava\u015f\u0131&#8217;ndan ve Covid ile birlikte \u00c7in&#8217;e d\u00fcnyan\u0131n uygulad\u0131\u011f\u0131 \u00fcst\u00fc \u00f6rt\u00fcl\u00fc ambargodan sonra b\u00f6lgenin etkinli\u011fi ve rol\u00fc daha da \u00f6nemli hale geldi. T\u00fcrkiye tam enerji koridorlar\u0131n\u0131n ge\u00e7i\u015f noktas\u0131nda. Hi\u00e7 kimsenin ihmal edemeyece\u011fi stratejik bir de\u011fere sahip. B\u00fcy\u00fck co\u011frafyas\u0131yla, geni\u015f tar\u0131m alanlar\u0131yla, Avrupa&#8217;y\u0131 besleyecek bir kapasiteye sahip. Dinamik insan g\u00fcc\u00fcyle \u015fu an Avrupa&#8217;n\u0131n s\u0131k\u0131nt\u0131 \u00e7ekti\u011fi, tedarik zincirinde ba\u015f akt\u00f6r oynayabilecek bir \u00fclke. T\u00fcm bunlar\u0131 \u00e7ok iyi planlayarak, organize ederek d\u00fcnyaya a\u00e7\u0131lmak ve T\u00fcrkiye&#8217;ye refaha kavu\u015fturmak san\u0131ld\u0131\u011f\u0131 kadar zor de\u011fil. Yeter ki sahip oldu\u011fumuz b\u00fct\u00fcn de\u011ferleri bilelim. Kavgay\u0131 g\u00f6r\u00fcnt\u00fcl\u00fcy\u00fc b\u0131rakal\u0131m. Demokrasiye, hukuka, T\u00fcrkiye Cumhuriyeti&#8217;nin temel de\u011ferlerine hep birlikte sahip \u00e7\u0131kal\u0131m. Dost\u00e7a, karde\u015f\u00e7e, sevgi i\u00e7erisinde birbirimizi kucaklayal\u0131m. Herkesin e\u015fit ve birinci s\u0131n\u0131f vatanda\u015f oldu\u011fu g\u00fczel bir \u00fclke tesis edelim ve istikbale hep birlikte, omuz omuza y\u00fcr\u00fcyelim. \u0130\u015fte o zaman T\u00fcrkiye&#8217;nin g\u00fcc\u00fcyle hi\u00e7 kimse ba\u015f edemez, ben buna y\u00fcrekten inan\u0131yorum.<\/p>\n\n\n\n<p><strong>\u201cFiyatlar\u0131 tayin eden Allah\u2019t\u0131r\u201d ifadeleri hakk\u0131nda neler s\u00f6ylersiniz?<\/strong><\/p>\n\n\n\n<p>Ger\u00e7ek bir din inanc\u0131 olan, dini hassasiyetleri samimi olan insanlar\u0131n inanaca\u011f\u0131 ve kabul edece\u011fi bir tez de\u011fildir bu. Asl\u0131nda AKP&#8217;nin \u00e7aresizli\u011finin d\u0131\u015fa vurumudur bu. Ekonomide T\u00fcrkiye&#8217;yi getirdi\u011fi noktan\u0131n faturas\u0131n\u0131 kendilerine de\u011fil y\u00fcce makamlara \u00f6detme \u00e7abas\u0131d\u0131r. Allah niye T\u00fcrkiye&#8217;deki fiyatlar\u0131n sorumlusu olsun, niye Allah fiyatlar\u0131 tayin etsin? Allah T\u00fcrkiye&#8217;deki fiyatlar\u0131 y\u00fckseltiyor da \u0130ngiltere&#8217;dekileri niye y\u00fckseltmiyor? Allah T\u00fcrkleri sevmiyor da; \u0130ngilizleri daha \u00e7ok mu seviyor? B\u00f6yle bir abs\u00fcrt s\u00fcrreel b\u00f6yle istismarc\u0131 bir siyaset anlay\u0131\u015f\u0131 olabilir mi? Bunu kabul edebilir miyiz. \u0130\u015fte bu sebeple diyoruz ki; T\u00fcrkiye&#8217;de sistem mutlaka ama mutlaka demokratik, laik, bir hukuk d\u00fczeni olmal\u0131d\u0131r ve devlet, devlet gibi y\u00f6netilmelidir. Sorumlular, sorumluluklar\u0131n\u0131 bilmelidir, dini alana devleti m\u00fcdahale etmemesi ve insanlar\u0131n inan\u00e7 \u00f6zg\u00fcrl\u00fcklerini sonuna kadar ya\u015famas\u0131 ve bunu ya\u015farken de birilerinin m\u00fcdahalesine a\u00e7\u0131k olmamas\u0131 laz\u0131m. Y\u0131llar \u00f6nce rahmetli Demirel bana \u015funu demi\u015fti: \u201cEvlat din ve siyaset rekabet ederse, mutlaka din kazan\u0131r\u201d. Bunu \u00e7ok iyi bilen AKP, her t\u00fcrl\u00fc dini enstr\u00fcman\u0131 ve arg\u00fcman\u0131 kullanarak oya tahvil etmekte, sorumlulu\u011funu bir anlamda ba\u015fkalar\u0131na havale etmeye \u00e7al\u0131\u015fmaktad\u0131r ve bu da \u00e7ok yanl\u0131\u015f bir \u00fcsluptur.<\/p>\n\n\n\n<p><strong>Din motifli siyaset modeli ile ne demek istediniz?<\/strong><\/p>\n\n\n\n<p>Din motifli siyaset ifadesi ile kastetti\u011fim \u015fudur. Az \u00f6nce de s\u00f6yledim; din gibi kutsal, sayg\u0131n ve Allah&#8217;la insan aras\u0131nda var olan bu g\u00fc\u00e7l\u00fc ba\u011f\u0131n ve inan\u00e7 temelinin, siyaset kurumu taraf\u0131ndan d\u00fczenlenmemesi, h\u0131rpalanmamas\u0131, \u00f6rsellenmemesi ve istismar edilmemesi laz\u0131m. Siyaset gerekti\u011fi gibi hizmetini vermeli, \u00e7al\u0131\u015fmas\u0131n\u0131 yapmal\u0131, yapt\u0131\u011f\u0131 hatalar\u0131n faturas\u0131n\u0131 \u00f6demeli, din ise o sayg\u0131n yerinde her zaman muhafaza edilmeli ve Allah&#8217;la kul aras\u0131nda bu mukaddes ba\u011f, \u00e7ok \u00f6zel yerini ve konumunu muhafaza edebilmeli. Bak\u0131n ge\u00e7ti\u011fimiz g\u00fcnlerde Sedat Peker&#8217;in a\u00e7\u0131klamalar\u0131yla T\u00fcrkiye bir skandala tan\u0131k oldu. Korkun\u00e7 bir r\u00fc\u015fvet ve kirlilik \u00e7ark\u0131n\u0131n, saray\u0131n bah\u00e7esine kadar geldi\u011fini, bir la\u011f\u0131m \u00e7ukuruna batt\u0131\u011f\u0131n\u0131 g\u00f6sterdi. Peki bunun en temel ki\u015fisi olan Erzurum milletvekili Zehra Ta\u015fkesenlio\u011flu neler s\u00f6yledi. Bak\u0131n bu r\u00fc\u015fvet skandal\u0131 patlamadan \u00f6nce Ta\u015fkesenlio\u011flu verdi\u011fi bir beyanatta \u015f\u00f6yle diyor. \u201cBen hayat\u0131m\u0131n mihengi olarak 6666 ayeti tayin ettim ve hayat\u0131m\u0131 buna g\u00f6re tanzim etmeye \u00e7al\u0131\u015f\u0131yorum\u201d. Buradan asl\u0131nda AKP taraf\u0131ndan dinle siyasetinin ne kadar girift hale getirildi\u011fini okumak ve anlamak m\u00fcmk\u00fcn. Yine ayn\u0131 han\u0131m\u0131n ba\u015fka konu\u015fmalar\u0131nda bir tak\u0131m kirli ili\u015fkilere tan\u0131k oluyorsunuz r\u00fc\u015fvet \u00e7ark\u0131na tan\u0131k oluyorsunuz, aile i\u00e7i son derece kar\u0131\u015f\u0131k ve gayri ahlaki ili\u015fkilerine tan\u0131k oluyorsunuz.&nbsp; Fakat bu han\u0131m\u0131n 6666 Ayet-i Kerime\u2019den bahsederken anl\u0131yoruz ki; Bakara Suresi\u2019ndeki \u201cHakk\u0131n\u0131z olmayan mala el uzatmay\u0131n, bu g\u00fcnaht\u0131r. Sak\u0131n ha, r\u00fc\u015fvete bula\u015fmay\u0131n, bu g\u00fcnaht\u0131r\u201d tarz\u0131ndaki Ayet-i Kerime\u2019lerden haberdar olmad\u0131\u011f\u0131n\u0131 anl\u0131yoruz. Bu bak\u0131mdan \u0131srarla s\u00f6yl\u00fcyorum, din sayg\u0131n konumunu muhafaza etmeli, Allah ile kul aras\u0131ndaki g\u00fc\u00e7l\u00fc ba\u011fa hi\u00e7 kimse m\u00fcdahale etmemeli, edememeli, siyasette g\u00fcn\u00fcn \u015fartlar\u0131na g\u00f6re siyaset kurumu da hizmetini vermeli ve e\u011fer yapt\u0131\u011f\u0131 \u015fey do\u011fru ise sand\u0131kta m\u00fck\u00e2fat\u0131n\u0131 g\u00f6rmeli, yapt\u0131\u011f\u0131 i\u015fler yanl\u0131\u015fsa sand\u0131kta cezas\u0131n\u0131 bulmal\u0131. E\u011fer hukuki olarak su\u00e7 i\u015fleyen birileri hesab\u0131n\u0131 yarg\u0131 \u00f6n\u00fcnde vermeli ve \u00e7ok kal\u0131n ve keskin \u00e7izgilerle, din siyasetten ayr\u0131lmal\u0131 ve bizim inanc\u0131m\u0131z\u0131n temeli g\u00fc\u00e7l\u00fc bir \u015fekilde muhafaza edilmeli.<\/p>\n\n\n\n<p><strong>Bir devrin kapand\u0131\u011f\u0131, yeni devrin ba\u015flad\u0131\u011f\u0131 s\u00f6zlerinizin temeli nedir?<\/strong><\/p>\n\n\n\n<p>Evet iddia ile s\u00f6yl\u00fcyorum, T\u00fcrkiye&#8217;de bir devir kapan\u0131yor ve yeni bir devir a\u00e7\u0131l\u0131yor. Bunu asl\u0131nda anketlerde s\u00f6yl\u00fcyor, sokaklarda s\u00f6yl\u00fcyor. Bunu tabii okumak istemeyen iktidar \u00e7evreleri, neticeyi sand\u0131klarda ald\u0131ktan sonra \u00f6\u011frenecekler ve anlayacaklar. 21 y\u0131ll\u0131k AKP iktidar\u0131n\u0131n T\u00fcrkiye&#8217;ye \u00e7ok a\u011f\u0131r bedelleri oldu, \u00e7ok a\u011f\u0131r faturalar\u0131 oldu. yola \u00e7\u0131kan AK Parti ile bug\u00fcnk\u00fc noktaya gelen AKP aras\u0131nda b\u00fcy\u00fck bir u\u00e7urum var ve T\u00fcrkiye maalesef hem ekonomik hem sosyo-k\u00fclt\u00fcrel alanda hem g\u00fcvenlik alan\u0131nda, hem diplomasi, hem yarg\u0131da, hem ba\u011f\u0131ms\u0131z medyada b\u00fcy\u00fck bir iitifak kayb\u0131na u\u011frad\u0131. T\u00fcrkiye&#8217;de devlet kurumlar\u0131 hasar ald\u0131, devlet yap\u0131s\u0131 b\u00fcy\u00fck \u00f6l\u00e7\u00fcde h\u0131rpaland\u0131 ve art\u0131k T\u00fcrkiye y\u00f6netilemez ve savrulur bir hale geldi. Her \u015feyin fark\u0131nda toplum \u00e7\u00fcnk\u00fc T\u00fcrk milleti feraset sahibidir, basiret sahibidir. \u015eu anda sessiz bir \u015fekilde sand\u0131\u011f\u0131n gelmesini beklemektedir ve sand\u0131kta AKP&#8217;ye gerekli cevab\u0131 verecektir ve yapt\u0131klar\u0131n\u0131n faturas\u0131n\u0131 \u00f6detecektir. O bak\u0131mdan ben bir devrin kapand\u0131\u011f\u0131n\u0131 ve T\u00fcrkiye&#8217;de art\u0131k yeni bir devrin a\u00e7\u0131ld\u0131\u011f\u0131n\u0131, insanlar\u0131n umutla heyecanla yeni bir ufka do\u011fru yelken a\u00e7aca\u011f\u0131n\u0131 s\u00f6yl\u00fcyorum ve bunda da \u0131srar ediyorum. T\u00fcrkiye AKP devrini ders alarak hat\u0131rlayacakt\u0131r, bir daha b\u00f6yle bir devrin ya\u015fanmamas\u0131 i\u00e7in, demokrasinin kurum ve kurallar\u0131na s\u0131ms\u0131k\u0131 sahip \u00e7\u0131karak yoluna devam edecektir. Evet art\u0131k T\u00fcrkiye&#8217;de bir devir kapan\u0131yor ve T\u00fcrk milleti yepyeni ufuklara yelken a\u00e7\u0131yor.<\/p>\n\n\n\n<p><strong>AK Parti\u2019nin se\u00e7im stratejisinin \u201csorunlar\u0131 kabul et, yine biz \u00e7\u00f6zeriz\u201d anlay\u0131\u015f\u0131 kar\u015f\u0131l\u0131k bulur mu?<\/strong><\/p>\n\n\n\n<p>Ben AKP&#8217;nin se\u00e7im stratejisini \u015f\u00f6yle okuyorum. \u0130lk zamanlar AKP hay\u00e2l satmaya \u00e7al\u0131\u015ft\u0131. Neydi bunlar? Uzaya gidiyoruz, gaz bulduk, petrol bulduk hatta daha ileri gitti, eski Ankara B\u00fcy\u00fck\u015fehir Belediye Ba\u015fkan\u0131 jelibon bulduk iddias\u0131n\u0131 etti. Elektrikli arabalar, u\u00e7aklar yap\u0131laca\u011f\u0131na dair iddial\u0131 s\u00f6ylemler ortaya koydu ve 2023, 2053, 2071 hatta daha da ileri gidip 2123 vizyonu ile insanlara bir anlamda hay\u00e2l satmay\u0131 planlad\u0131lar. Fakat bunun kar\u015f\u0131l\u0131k bulmad\u0131\u011f\u0131n\u0131, bulmayaca\u011f\u0131n\u0131 anlam\u0131\u015f olacaklar ki bu sefer tarz de\u011fi\u015ftirdiler. \u015eimdi daha \u00e7ok AKP&#8217;nin 20 y\u0131lda yapt\u0131klar\u0131na anlatmaya gayret ediyorlar. \u00d6n\u00fcm\u00fczdeki d\u00f6nemlerde nelerin yap\u0131labilece\u011fini anlatmak istiyorlar. Yine muhalefetin, onlar\u0131n yapt\u0131\u011f\u0131n\u0131 yapamayacaklar\u0131n\u0131 anlatmak istiyorlar. Bunun yan\u0131nda, yine bir ma\u011fduriyet \u00fcreterek d\u00fcnyan\u0131n k\u00f6t\u00fc oldu\u011funu, buna Covid\u2019in ve Rus-Ukrayna Sava\u015f\u0131&#8217;n\u0131n sebep oldu\u011funu, Avrupa&#8217;da durumun vahim oldu\u011funu, T\u00fcrkiye&#8217;de her \u015feyin iyi oldu\u011funu anlatmaya \u00e7al\u0131\u015f\u0131yorlar. San\u0131yorum Genel Merkezin belirledi\u011fi bu politikay\u0131 taban\u0131n da yani yerel siyasetinde takip edece\u011fi g\u00f6r\u00fcl\u00fcyor ve anla\u015f\u0131l\u0131yor. Fakat bunun hi\u00e7bir kar\u015f\u0131l\u0131\u011f\u0131 yok, toplumda hi\u00e7 bir inand\u0131r\u0131c\u0131l\u0131\u011f\u0131 yok ve toplum ne hay\u00e2l almaya ne de s\u00fcrreel politikalara inanacak durumda de\u011fil. Toplumun ger\u00e7ek g\u00fcndemi ekonomi.&nbsp; Ve ekonominin sorumlusu ba\u015fta Erdo\u011fan ve onun AKP iktidar\u0131ndaki kadrolar\u0131d\u0131r. Bunu Erdo\u011fan defalarca s\u00f6ylemi\u015ftir. T\u00fcrkiye&#8217;nin bug\u00fcn geldi\u011fi noktada, faturan\u0131n tamam\u0131 Erdo\u011fan ve onun iktidar\u0131n\u0131n sorumluluklar\u0131na kesilir. Ben AKP&#8217;nin bu se\u00e7im stratejisinin, halk\u0131n nezdinde bir kar\u015f\u0131l\u0131\u011f\u0131n\u0131n olmad\u0131\u011f\u0131n\u0131 ve olmayaca\u011f\u0131n\u0131 d\u00fc\u015f\u00fcn\u00fcyorum ve millet kap\u0131s\u0131na dayanm\u0131\u015f olan bu sefaletin, bu yoklu\u011fun faturas\u0131n\u0131 AKP&#8217;ye \u00e7ok g\u00fc\u00e7l\u00fc bir \u015fekilde hissettirip \u00f6detecektir.<\/p>\n\n\n\n<p><strong>Cumhurba\u015fkan\u0131 Erdo\u011fan\u2019\u0131n g\u00fcndemi belirlemek yerine g\u00fcndemi yakalama endi\u015fesi tespitini nas\u0131l de\u011ferlendiriyorsunuz?<\/strong><\/p>\n\n\n\n<p>Erdo\u011fan&#8217;\u0131m \u00e7ok deneyimli bir siyaset\u00e7i oldu\u011funu kabul etmek laz\u0131m. Erdo\u011fan&#8217;\u0131n son 40 y\u0131l\u0131 \u00e7ok aktif bir \u015fekilde siyasetin i\u00e7erisinde ge\u00e7ti. Belediye ba\u015fkanl\u0131\u011f\u0131 ve ard\u0131ndan gelen iktidar s\u00fcrecinde Erdo\u011fan hem devleti y\u00f6netti, hem de \u00e7ok aktif siyaset yapt\u0131. Bu bak\u0131mdan \u00e7ok deneyimli bir politikac\u0131 oldu\u011funu kabul etmek gerekiyor. Erdo\u011fan&#8217;\u0131n en b\u00fcy\u00fck marifetlerinden bir tanesi g\u00fcndemi belirleme, hem toplumu hem muhalefeti g\u00fcndem pe\u015finden ko\u015fturabilme beceresiydi. Bunun yan\u0131nda \u015f\u00fcphesiz Erdo\u011fan&#8217;\u0131n ma\u011fduriyet \u00fcretebilme kapasitesini de unutmamak laz\u0131m. Tabii \u015fu ana kadar g\u00fcndemi belirleyen AKP&#8217;nin, asl\u0131nda son d\u00f6nemde g\u00fcndemi belirlenen bir partiye d\u00f6n\u00fc\u015ft\u00fc\u011f\u00fcn\u00fc de alt\u0131na \u00e7izmek zorunday\u0131z. Art\u0131k AKP muhalefetin tayin etti \u00e7izgiyi takip ediyor ve muhalefetin belirlemi\u015f oldu\u011fu g\u00fcndemin pe\u015finden ko\u015fmaya \u00e7al\u0131\u015f\u0131yor. AKP art\u0131k bir belirleyen de\u011fil bir belirlenen parti haline geldi. Muhalefetin, hem CHP&#8217;nin, \u0130Y\u0130 Parti&#8217;nin burada g\u00fc\u00e7l\u00fc bir politika belirleme kapasitesi ve kabiliyeti var. Taban\u0131nda da giderek artan bir g\u00fcc\u00fc ve kudreti var Bu anlamda siyaseti belirleyen art\u0131k bug\u00fcn iktidar de\u011fil muhalefet olmu\u015ftur ve bunun da neticesini sand\u0131klarda, sand\u0131k a\u00e7\u0131ld\u0131\u011f\u0131nda g\u00f6rece\u011fiz.<\/p>\n\n\n\n<p><strong>\u0130ngiliz tefecilerinin T\u00fcrkiye\u2019ye g\u00fcvenmiyoruz demesinin anlam\u0131 nedir?<\/strong><\/p>\n\n\n\n<p>T\u00fcrkiye&#8217;nin k\u0131sa vadeli d\u0131\u015f borcu 190 milyar dolar\u0131 bulmu\u015f durumda. D\u0131\u015f ticaret a\u00e7\u0131\u011f\u0131 60 milyar dolar civar\u0131 tahmin ediliyor ve bu paran\u0131n \u00e7evrilebilir olmaktan \u00e7ok uzak oldu\u011fu a\u015fikar. O sebeple Rus oligarklar\u0131n\u0131, Arap sermayesini, Suud ve Birle\u015fik Arap Emirlikleri ve bununla birlikte Katar sermayesine, AKP&#8217;nin ve tabii ki Erdo\u011fan&#8217;\u0131n b\u00fcy\u00fck ihtiyac\u0131 var. \u00d6te yandan para bulma \u00e7abalar\u0131 aylard\u0131r devam ediyor. \u0130ngiltere ve Fransa&#8217;da s\u00fcren \u00e7abalar vard\u0131. Ben \u0130ngiltere&#8217;de olan \u00e7abalara biraz de\u011fineyim isterseniz. Maliye Bakan\u0131 Nebati 2 kez geldi, ingiliz tefecilerle oturdu, pazarl\u0131klar yap\u0131ld\u0131. Orada \u00e7ok a\u00e7\u0131k \u00f6d\u00fcn verildi Nebati taraf\u0131ndan. Hatta Nebati taraf\u0131ndan verilen bu \u00f6d\u00fcnler bas\u0131na da d\u00fc\u015ft\u00fc. \u201cSiz korkmay\u0131n, cumhurba\u015fkan\u0131m\u0131z bir gecede her t\u00fcrl\u00fc karar\u0131 al\u0131r, b\u00fcrokrasiye talimat verir\u201d diyerek asl\u0131nda, demokraside al\u0131\u015f\u0131k olmad\u0131\u011f\u0131m\u0131z, bat\u0131l\u0131lar\u0131n asla anlamayaca\u011f\u0131 bir \u015eark Kurnazl\u0131\u011f\u0131 ile para toplamak istedi ve g\u00fcvence vermek istedi. Tabii bunun Avrupal\u0131 ve Londral\u0131 tefeciler nezdinde hi\u00e7bir kar\u015f\u0131l\u0131\u011f\u0131 yoktu. Kendisine net olarak \u015fu s\u00f6ylendi. \u201c\u015eu an T\u00fcrkiye&#8217;de g\u00fcven ortam\u0131 yok. Se\u00e7imleri beklemek durumunday\u0131z, se\u00e7imlerden sonra T\u00fcrkiye&#8217;de aya\u011f\u0131 yere sa\u011flam basan, g\u00fcven veren, hukuk temelli bir iktidar gelmesi halinde biz yeniden finans musluklar\u0131n\u0131 a\u00e7ar\u0131z\u201d dendi. CDS primlerinin 900 oldu\u011fu, dolar faizine %11-12 \u00f6dendi\u011fi bir atmosferde d\u00e2hi Nebati, bu para aray\u0131\u015f\u0131n\u0131 neticelendiremedi ve \u00e7aresiz bir \u015fekilde geri d\u00f6nd\u00fc. \u0130ngiliz tefecileri kendisine b\u00f6ylelikle se\u00e7im sonu\u00e7lar\u0131na g\u00f6re ad\u0131m atacaklar\u0131n\u0131n mesaj\u0131n\u0131 vermi\u015f oldu.<\/p>\n\n\n\n<figure class=\"wp-block-image size-large\"><img decoding=\"async\" width=\"768\" height=\"1024\" src=\"https:\/\/marmarayerelhizmet.com\/wp-content\/uploads\/2022\/09\/merall-768x1024.jpg\" alt=\"\" class=\"wp-image-6085\" srcset=\"https:\/\/marmarayerelhizmet.com\/wp-content\/uploads\/2022\/09\/merall-768x1024.jpg 768w, https:\/\/marmarayerelhizmet.com\/wp-content\/uploads\/2022\/09\/merall-225x300.jpg 225w, https:\/\/marmarayerelhizmet.com\/wp-content\/uploads\/2022\/09\/merall-1152x1536.jpg 1152w, https:\/\/marmarayerelhizmet.com\/wp-content\/uploads\/2022\/09\/merall-1536x2048.jpg 1536w, https:\/\/marmarayerelhizmet.com\/wp-content\/uploads\/2022\/09\/merall.jpg 1603w\" sizes=\"(max-width: 768px) 100vw, 768px\" \/><figcaption><\/figcaption><\/figure>\n\n\n\n<p><strong>Son olarak \u00f6zellikle Bal\u0131kesir&#8217;in en \u00e7ok merak etti\u011fi soruya gelmek istiyorum. Se\u00e7imlerde aday m\u0131s\u0131n\u0131z, yeniden siyasete d\u00f6n\u00fcyor musunuz?<\/strong><\/p>\n\n\n\n<p>22 d\u00f6nem milletvekilli\u011finde son derece aktif, inand\u0131\u011f\u0131m, bildi\u011fin, d\u00fc\u015f\u00fcnd\u00fc\u011f\u00fcm gibi siyaset yapt\u0131m. Hem b\u00f6lgeme hizmet etmek hem de milletime faydal\u0131 olmak i\u00e7in elimden geleni yapt\u0131m ve d\u00f6nemin sonunda \u00f6zellikle AKP i\u00e7erisinde ya\u015fananlar\u0131 bilen birisi olarak, olan bitene tan\u0131k olan birisi olarak \u2018Art\u0131k AKP ile siyaset yapmayaca\u011f\u0131m\u0131 yollar\u0131m\u0131 ay\u0131rd\u0131\u011f\u0131m\u0131 da\u2019 deklere ettim. Bunu da Bal\u0131kesir&#8217;e yazd\u0131\u011f\u0131m Veda Mektubu ile kamuoyuna duyurdum. Sonra malum mecburi s\u00fcrg\u00fcn s\u00fcreci ba\u015flad\u0131. Fakat hi\u00e7 bir zaman siyasetten kopmad\u0131m. B\u00fct\u00fcn geli\u015fmeleri \u00e7ok yak\u0131ndan takip ettim. \u00d6zellikle T\u00fcrkiye&#8217;ye d\u0131\u015far\u0131dan bakma f\u0131rsat\u0131m oldu. D\u00fcnyay\u0131 analiz etme, de\u011ferlendirme imk\u00e2n\u0131na sahip oldum. Eskiden \u00e7ok deneyimli olmad\u0131\u011f\u0131m alanlarda, b\u00fcy\u00fck tecr\u00fcbeler kazand\u0131m. Farkl\u0131 vizyonlar edindim. Tabii ki bunlar\u0131 \u00fclkemin hizmetine tahsis etmek i\u00e7in sab\u0131rs\u0131zlan\u0131yorum ve milletim ile bu tecr\u00fcbelerimi payla\u015fmak ve yine kendi ifademle \u2018Milletime Hizmetk\u00e2r Olmak\u2019 i\u00e7in haz\u0131r\u0131m. Fakat bunun karar\u0131na ben de\u011fil, millet verecek. Ve \u00f6zellikle Bal\u0131kesir verecek. \u015eu anda aktif siyaset yapmak gibi bir niyetim yok, b\u00f6yle bir d\u00fc\u015f\u00fcnce i\u00e7erisinde de\u011filim ancak sizlerin vas\u0131tas\u0131yla, televizyon ekranlar\u0131nda, di\u011fer medya unsurlar\u0131yla topluma, milletime mesaj vermeye ve inand\u0131klar\u0131m\u0131, g\u00f6rd\u00fcklerimi, bildiklerimi, d\u00fc\u015f\u00fcnd\u00fcklerimi payla\u015fmaya gayret ediyorum, Benim i\u00e7in siyaset illa parlamentoda yap\u0131lmaz. Ceylan derili koltuklar siyaset i\u00e7in tek ara\u00e7 de\u011fildir. Fikri olan, d\u00fc\u015f\u00fcncesi olan, inanc\u0131 olan, hizmet etme sevdas\u0131 olan her \u015fekilde kendine bir alan bulur ve milletine hizmet eder. \u015eu an Londra\u2019da a\u00e7m\u0131\u015f oldu\u011fum Sa\u011fl\u0131k Merkezi ile y\u00fczlerce T\u00fcrk\u2019e her ay sa\u011fl\u0131k hizmeti veriyorum. Bu b\u00f6lgede 700.000 T\u00fcrk ya\u015f\u0131yor bu b\u00f6lgede. Londra\u2019n\u0131n sa\u011fl\u0131k hizmetlerine elimden geldi\u011fi kadar katk\u0131 sa\u011flamaya \u00e7al\u0131\u015f\u0131yorum. Bulundu\u011fum \u00fcniversitede \u00e7ok say\u0131da T\u00fcrk doktora yard\u0131mc\u0131 oldum, \u00e7ok say\u0131da \u00f6\u011frenciyi yan\u0131mda yeti\u015fti. 60&#8217;tan fazla doktor yan\u0131nda staj yapt\u0131 ve kariyerlerine haz\u0131rland\u0131lar. Bunlar benim i\u00e7in bir hizmettir. Verdi\u011fim mesajlarla da topluma bir \u0131\u015f\u0131k yakmak, benim i\u00e7in \u00f6nemli bir siyaset etme modelidir. Fakat e\u011fer Bal\u0131kesir&#8217;den bir talep gelirse, Bal\u0131kesir benim siyaset etme modelimden memnun ve mutlu olursa ya da \u2018Biz senden b\u00f6yle bir hizmeti parlamentoda bekliyoruz, Ankara&#8217;da bekliyoruz\u2019 derse; o noktada kollar\u0131m\u0131 s\u0131var\u0131m. Ama bunun i\u00e7in bu talebin benden de\u011fil Bal\u0131kesir&#8217;den gelmesi benim i\u00e7in daha k\u0131ymetli ve \u00f6nemlidir. \u00d6zetle b\u00f6yle bir plan\u0131m yok. Bir siyasi parti \u00e7at\u0131s\u0131 alt\u0131nda siyaset yapmak gibi bir \u00e7al\u0131\u015fma i\u00e7erisinde de\u011filim ancak bunu zaman ve \u015fartlar belirler. Onun da karar\u0131 millettedir. \u00d6zelde \u0130Y\u0130 Parti\u2019yi sordu\u011funuzu biliyorum. Asl\u0131nda bakarsan\u0131z \u015fu anda siyasette aktif rol alan b\u00fct\u00fcn partilerin liderleri ile \u00f6yle ya da b\u00f6yle bir hukukum oldu ge\u00e7mi\u015fte. 6\u2019l\u0131 Masa\u2019n\u0131n liderlerinin tamam\u0131 ile bir hukukum ve diyalo\u011fum var. \u0130ktidar mensuplar\u0131n\u0131 konu\u015fmuyorum onlar\u0131 hesaba katm\u0131yorum zaten. O yap\u0131 i\u00e7erisinde siyaset yapmam asla ve asla d\u00fc\u015f\u00fcn\u00fclemez. Alt\u0131l\u0131 masadan say\u0131n K\u0131l\u0131\u00e7daro\u011flu ile 5 y\u0131l beraber \u00e7al\u0131\u015ft\u0131k yak\u0131n arkada\u015fl\u0131\u011f\u0131m\u0131z oldu. Say\u0131n Ak\u015fener ile 20 y\u0131ldan fazlad\u0131r s\u00fcren bir hukukumuz, dostlu\u011fumuz, yak\u0131nl\u0131\u011f\u0131m var. \u00c7ok sayg\u0131 duydu\u011fum, de\u011fer verdi\u011fim, \u00f6nemli bir siyaset\u00e7idir, \u00f6nemli bir liderdir. Kez\u00e2 di\u011fer parti liderleri de benim hukukumun oldu\u011fu insanlard\u0131r. \u015eu anda 6\u2019l\u0131 Masa\u2019n\u0131n durdu\u011fu yeri do\u011fru buluyorum, \u00f6nemli buluyorum. Yapt\u0131\u011f\u0131 \u00e7al\u0131\u015fmalar\u0131 T\u00fcrkiye i\u00e7in \u00e7ok yararl\u0131 olarak g\u00f6r\u00fcyorum. Tabii yine s\u00f6yl\u00fcyorum, bu karar\u0131 millet verecek. Ge\u00e7ti\u011fimiz g\u00fcnlerde say\u0131n Ak\u015fener&#8217;in bir Bal\u0131kesir ziyareti oldu. Ben de bu ziyarete kat\u0131ld\u0131m. O\u2019da l\u00fctfetti beni platforma \u00e7\u0131kartarak, Band\u0131rma&#8217;da takdim etti. Benim i\u00e7in bir \u015fereftir. Bir kere bunun alt\u0131na \u00e7izeyim, bir siyasi birliktelik konusunda at\u0131lm\u0131\u015f bir ad\u0131m yok ve bu karar\u0131 ben de\u011fil millet verecek. \u00c7ok te\u015fekk\u00fcr ediyorum<\/p>\n","protected":false},"excerpt":{"rendered":"<p>K\u00fc\u00e7\u00fck bir Anadolu k\u00f6y\u00fcnde ba\u015flayan m\u00fctevazi bir hayat, \u201c\u0130mam\u201d olmak \u00fczere \u00e7\u0131k\u0131lan bir yolculuk, hekimlikle devam eden bir kariyer, f\u0131rt\u0131nal\u0131<\/p>\n","protected":false},"author":2,"featured_media":6086,"comment_status":"open","ping_status":"open","sticky":false,"template":"","format":"standard","meta":{"colormag_page_container_layout":"default_layout","colormag_page_sidebar_layout":"default_layout","footnotes":""},"categories":[3,1,5,7,8],"tags":[],"class_list":["post-6075","post","type-post","status-publish","format-standard","has-post-thumbnail","hentry","category-ekonomi","category-genel","category-gundem","category-saglik","category-siyaset"],"_links":{"self":[{"href":"https:\/\/marmarayerelhizmet.com\/index.php\/wp-json\/wp\/v2\/posts\/6075","targetHints":{"allow":["GET"]}}],"collection":[{"href":"https:\/\/marmarayerelhizmet.com\/index.php\/wp-json\/wp\/v2\/posts"}],"about":[{"href":"https:\/\/marmarayerelhizmet.com\/index.php\/wp-json\/wp\/v2\/types\/post"}],"author":[{"embeddable":true,"href":"https:\/\/marmarayerelhizmet.com\/index.php\/wp-json\/wp\/v2\/users\/2"}],"replies":[{"embeddable":true,"href":"https:\/\/marmarayerelhizmet.com\/index.php\/wp-json\/wp\/v2\/comments?post=6075"}],"version-history":[{"count":0,"href":"https:\/\/marmarayerelhizmet.com\/index.php\/wp-json\/wp\/v2\/posts\/6075\/revisions"}],"wp:featuredmedia":[{"embeddable":true,"href":"https:\/\/marmarayerelhizmet.com\/index.php\/wp-json\/wp\/v2\/media\/6086"}],"wp:attachment":[{"href":"https:\/\/marmarayerelhizmet.com\/index.php\/wp-json\/wp\/v2\/media?parent=6075"}],"wp:term":[{"taxonomy":"category","embeddable":true,"href":"https:\/\/marmarayerelhizmet.com\/index.php\/wp-json\/wp\/v2\/categories?post=6075"},{"taxonomy":"post_tag","embeddable":true,"href":"https:\/\/marmarayerelhizmet.com\/index.php\/wp-json\/wp\/v2\/tags?post=6075"}],"curies":[{"name":"wp","href":"https:\/\/api.w.org\/{rel}","templated":true}]}}