{"id":6070,"date":"2022-09-03T13:58:44","date_gmt":"2022-09-03T10:58:44","guid":{"rendered":"https:\/\/marmarayerelhizmet.com\/?p=6070"},"modified":"2022-09-03T13:58:47","modified_gmt":"2022-09-03T10:58:47","slug":"projeleri-incelediler","status":"publish","type":"post","link":"https:\/\/marmarayerelhizmet.com\/index.php\/2022\/09\/03\/projeleri-incelediler\/","title":{"rendered":"Projeleri \u0130ncelediler"},"content":{"rendered":"\n<p>G\u00f6reve geldi\u011fi g\u00fcnden bu yana s\u00f6z verdi\u011fi projeleri tek tek hayata ge\u00e7iren Ba\u015fkan Din\u00e7er Orkan, AK Parti Genel Merkez Yerel Y\u00f6netimler Ba\u015fkan Yard\u0131mc\u0131s\u0131 ve Adana Milletvekilimiz Ahmet Zenbilci ile yat\u0131r\u0131m ve projeleri inceledi. Ba\u015fkan Orkan, \u201cGelirimizi art\u0131ran yat\u0131r\u0131mlar\u0131m\u0131z sayesinde il\u00e7emizin de\u011ferine de\u011fer kat\u0131yoruz. Biz lafla, s\u00f6zle de\u011fil, icraatlar\u0131m\u0131zla bunu belgelemi\u015f oluyoruz\u201d dedi<\/p>\n\n\n\n<p>Karesi Belediyesi s\u00f6z verdi\u011fi projelerin a\u00e7\u0131l\u0131\u015flar\u0131n\u0131 bir bir yap\u0131yor. K\u00fclt\u00fcr ve Sanat Evi, G\u00fcne\u015f Enerjisi Santrali (GES), Turplu Hal\u0131 Saha ve \u00c7ok Ama\u00e7l\u0131 Salon, Kam\u00e7\u0131l\u0131, Tatl\u0131p\u0131nar, Yenik\u00f6y ve Kabakdere hal\u0131 sahalar\u0131 a\u00e7\u0131l\u0131\u015flar\u0131 ard\u0131ndan Temizlik \u0130\u015fleri Ek Hizmet Binas\u0131 a\u00e7\u0131l\u0131\u015f\u0131 ve 1. S\u0131n\u0131f Kat\u0131 At\u0131k Getirme Merkezi temel atma t\u00f6reni ile Atat\u00fcrk An\u0131 Evi a\u00e7\u0131l\u0131\u015f\u0131n\u0131 ger\u00e7ekle\u015ftirdi. Karesi\u2019de \u015fimdi s\u0131ra Armutalan K\u00fclt\u00fcr Merkezi ve Millet Bah\u00e7esi\u2019nde. Karesi Belediyesi bu s\u00fcre\u00e7te \u0130nsans\u0131z Hava \u00dcss\u00fc (\u0130HA) ve yeni k\u00f6y konaklar\u0131n\u0131n temellerini de atacak.<\/p>\n\n\n\n<figure class=\"wp-block-image size-full\"><img decoding=\"async\" width=\"712\" height=\"446\" src=\"https:\/\/marmarayerelhizmet.com\/wp-content\/uploads\/2022\/09\/FOTO1.jpg\" alt=\"\" class=\"wp-image-6071\" srcset=\"https:\/\/marmarayerelhizmet.com\/wp-content\/uploads\/2022\/09\/FOTO1.jpg 712w, https:\/\/marmarayerelhizmet.com\/wp-content\/uploads\/2022\/09\/FOTO1-300x188.jpg 300w\" sizes=\"(max-width: 712px) 100vw, 712px\" \/><figcaption><\/figcaption><\/figure>\n\n\n\n<p>YATIRIM VE PROJELER\u0130 \u0130NCELED\u0130LER<\/p>\n\n\n\n<p>Karesi Belediye Ba\u015fkan\u0131 Din\u00e7er Orkan, AK Parti Genel Merkez Yerel Y\u00f6netimler Ba\u015fkan Yard\u0131mc\u0131s\u0131 ve Adana Milletvekili Ahmet Zenbilci ile yat\u0131r\u0131m ve projeleri inceledi. K\u00fclt\u00fcr ve Sanat Evi, G\u00fcne\u015f Enerjisi Santrali (GES), Temizlik \u0130\u015fleri Ek Hizmet Binas\u0131 ve 1. S\u0131n\u0131f Kat\u0131 At\u0131k Getirme Merkezi in\u015faat\u0131, Atat\u00fcrk An\u0131 Evi, Armutalan K\u00fclt\u00fcr Merkezi, Millet Bah\u00e7esi, Karesi Kent Konseyi, Karesi K\u00fclt\u00fcr ve Sanat Evi, Alparslan T\u00fcrke\u015f Spor Konpleksi gibi yat\u0131r\u0131m ve projeleri yerinde inceleyen Ba\u015fkan Orkan ve Zenbilci daha sonra belediyede \u00e7al\u0131\u015fmalar hakk\u0131nda brifing ald\u0131lar. Zenbilci \u00e7al\u0131\u015fmalar\u0131ndan dolay\u0131 Ba\u015fkan Orkan\u2019a te\u015fekk\u00fcr etti. \u0130nceleme gezisi ve ziyaretlerde AK Parti Karesi \u0130l\u00e7e Ba\u015fkan\u0131 Yusuf Hocao\u011flu\u2019da yerald\u0131.<\/p>\n\n\n\n<p>BA\u015eKAN ORKAN: \u201cKARES\u0130\u2019DE GEL\u0130\u015e\u0130M S\u00dcR\u00dcYOR\u201d<\/p>\n\n\n\n<p>Karesi Belediyesi olarak vatanda\u015fa en iyi hizmeti vermek i\u00e7in \u00e7al\u0131\u015ft\u0131klar\u0131n\u0131 s\u00f6yleyen Karesi Belediye Ba\u015fkan\u0131 Din\u00e7er Orkan, \u201cTarihi, do\u011fas\u0131, k\u00fclt\u00fcr\u00fc ve sanat\u0131yla kimlikli bir kent Karesi i\u00e7in \u00e7al\u0131\u015f\u0131yoruz. De\u011fi\u015fen ve geli\u015fen \u00e7a\u011f\u0131n gerekliliklerini do\u011fru analiz ederek modern ve kimli\u011fi korunmu\u015f bir \u015fehircilik plan\u0131 ile ilerlemeye devam etti\u011fimiz Karesi\u2019de geli\u015fim g\u00fcn be g\u00fcn devam ediyor. \u0130l\u00e7enin ruhuna heyecan katmaya, sakinlerinde de aidiyet duygusu olu\u015fturmaya g\u00f6n\u00fcll\u00fcy\u00fcz. Bu do\u011frultuda Belediyemizin t\u00fcm m\u00fcd\u00fcrl\u00fckleri ve birimleri canla ba\u015fla \u00e7al\u0131\u015f\u0131yor. Sosyal imkanlar\u0131 zengin, ula\u015f\u0131labilir, g\u00fcvenli, parklar\u0131, bah\u00e7eleriyle ye\u015fili bol Karesi\u2019nin tabiat g\u00fczelliklerini korumak ve vatanda\u015flara en kaliteli kamu hizmetlerini sunabilmek ad\u0131na y\u00f6netim olarak somut planlamalar yap\u0131yoruz\u201d dedi.<\/p>\n\n\n\n<figure class=\"wp-block-image size-full\"><img decoding=\"async\" width=\"712\" height=\"446\" src=\"https:\/\/marmarayerelhizmet.com\/wp-content\/uploads\/2022\/09\/FOTO2.jpg\" alt=\"\" class=\"wp-image-6072\" srcset=\"https:\/\/marmarayerelhizmet.com\/wp-content\/uploads\/2022\/09\/FOTO2.jpg 712w, https:\/\/marmarayerelhizmet.com\/wp-content\/uploads\/2022\/09\/FOTO2-300x188.jpg 300w\" sizes=\"(max-width: 712px) 100vw, 712px\" \/><figcaption><\/figcaption><\/figure>\n\n\n\n<p>\u201cGELECE\u011e\u0130N ADIMLARINI ATIYORUZ\u201d<\/p>\n\n\n\n<p>Sadece g\u00fcn\u00fc kurtarmak ad\u0131na \u00e7al\u0131\u015fmalar yapmad\u0131klar\u0131n\u0131 ifade eden Ba\u015fkan Orkan \u015f\u00f6yle konu\u015ftu:<\/p>\n\n\n\n<p>\u201cGeli\u015ftirdi\u011fimiz programlar ile hedefimizi, vizyonumuzu net bi\u00e7imde ortaya koyuyor, do\u011fru ve tutarl\u0131 b\u00fct\u00e7e planlamas\u0131 ile halk\u0131n kaynaklar\u0131n\u0131 verimli bir \u015fekilde kullan\u0131p, faydas\u0131 ve de\u011feri y\u00fcksek hizmetleri Karesi sakinleri ile bulu\u015fturuyoruz. G\u00f6n\u00fcl Belediyecili\u011finin en g\u00fczel \u00f6rneklerini sergiliyoruz. Spordan e\u011fitime, k\u00fclt\u00fcrden sanata, altyap\u0131dan \u00fcstyap\u0131ya, her alanda daha ileri gitme hevesiyle \u00e7al\u0131\u015f\u0131rken sade g\u00fcn\u00fc planlam\u0131yor, gelece\u011finde ad\u0131mlar\u0131n\u0131 at\u0131yoruz. Bu yola \u00e7\u0131karken kurdu\u011fumuz hayallerin bir bir ger\u00e7e\u011fe d\u00f6n\u00fc\u015ft\u00fc\u011f\u00fcn\u00fc g\u00f6rmek tek mutlulu\u011fumuz. Gelirimizi art\u0131ran yat\u0131r\u0131mlar\u0131m\u0131z sayesinde il\u00e7emizin de\u011ferine de\u011fer kat\u0131yoruz. Biz lafla, s\u00f6zle de\u011fil, icraatlar\u0131m\u0131zla bunu belgelemi\u015f oluyoruz\u201d.<\/p>\n","protected":false},"excerpt":{"rendered":"<p>G\u00f6reve geldi\u011fi g\u00fcnden bu yana s\u00f6z verdi\u011fi projeleri tek tek hayata ge\u00e7iren Ba\u015fkan Din\u00e7er Orkan, AK Parti Genel Merkez Yerel<\/p>\n","protected":false},"author":2,"featured_media":6073,"comment_status":"open","ping_status":"open","sticky":false,"template":"","format":"standard","meta":{"colormag_page_container_layout":"default_layout","colormag_page_sidebar_layout":"default_layout","footnotes":""},"categories":[3,1,5,6,8],"tags":[],"class_list":["post-6070","post","type-post","status-publish","format-standard","has-post-thumbnail","hentry","category-ekonomi","category-genel","category-gundem","category-kultur-sanat","category-siyaset"],"_links":{"self":[{"href":"https:\/\/marmarayerelhizmet.com\/index.php\/wp-json\/wp\/v2\/posts\/6070","targetHints":{"allow":["GET"]}}],"collection":[{"href":"https:\/\/marmarayerelhizmet.com\/index.php\/wp-json\/wp\/v2\/posts"}],"about":[{"href":"https:\/\/marmarayerelhizmet.com\/index.php\/wp-json\/wp\/v2\/types\/post"}],"author":[{"embeddable":true,"href":"https:\/\/marmarayerelhizmet.com\/index.php\/wp-json\/wp\/v2\/users\/2"}],"replies":[{"embeddable":true,"href":"https:\/\/marmarayerelhizmet.com\/index.php\/wp-json\/wp\/v2\/comments?post=6070"}],"version-history":[{"count":0,"href":"https:\/\/marmarayerelhizmet.com\/index.php\/wp-json\/wp\/v2\/posts\/6070\/revisions"}],"wp:featuredmedia":[{"embeddable":true,"href":"https:\/\/marmarayerelhizmet.com\/index.php\/wp-json\/wp\/v2\/media\/6073"}],"wp:attachment":[{"href":"https:\/\/marmarayerelhizmet.com\/index.php\/wp-json\/wp\/v2\/media?parent=6070"}],"wp:term":[{"taxonomy":"category","embeddable":true,"href":"https:\/\/marmarayerelhizmet.com\/index.php\/wp-json\/wp\/v2\/categories?post=6070"},{"taxonomy":"post_tag","embeddable":true,"href":"https:\/\/marmarayerelhizmet.com\/index.php\/wp-json\/wp\/v2\/tags?post=6070"}],"curies":[{"name":"wp","href":"https:\/\/api.w.org\/{rel}","templated":true}]}}