{"id":6067,"date":"2022-09-03T13:49:55","date_gmt":"2022-09-03T10:49:55","guid":{"rendered":"https:\/\/marmarayerelhizmet.com\/?p=6067"},"modified":"2022-09-03T13:49:57","modified_gmt":"2022-09-03T10:49:57","slug":"orkan-durmuyor","status":"publish","type":"post","link":"https:\/\/marmarayerelhizmet.com\/index.php\/2022\/09\/03\/orkan-durmuyor\/","title":{"rendered":"Orkan Durmuyor"},"content":{"rendered":"\n<p>8-9 Eyl\u00fcl Halk Sa\u011fl\u0131\u011f\u0131 Haftas\u0131 kapsam\u0131nda Karesi Belediyesi, Bal\u0131kesir B\u00fcy\u00fck\u015fehir Belediyesi, Bal\u0131kesir \u0130l Sa\u011fl\u0131k M\u00fcd\u00fcrl\u00fc\u011f\u00fc ve Ye\u015filay Derne\u011fi i\u015fbirli\u011finde Halk Sa\u011fl\u0131\u011f\u0131 G\u00fcnleri d\u00fczenlenecek. Etkinlikte \u00e7e\u015fitli sa\u011fl\u0131k taramalar\u0131 ve fark\u0131ndal\u0131k etkinlikleri yeralacak.<\/p>\n\n\n\n<p>Karesi Belediyesi, Bal\u0131kesir B\u00fcy\u00fck\u015fehir Belediyesi, Bal\u0131kesir \u0130l Sa\u011fl\u0131k M\u00fcd\u00fcrl\u00fc\u011f\u00fc ve Ye\u015filay Derne\u011fi i\u015fbirli\u011finde 8-9 Eyl\u00fcl Halk Sa\u011fl\u0131\u011f\u0131 Haftas\u0131 kapsam\u0131nda Halk Sa\u011fl\u0131\u011f\u0131 G\u00fcnleri etkinli\u011fi d\u00fczenlenecek. TTM (Toplu Ta\u015f\u0131ma Merkezi) yan\u0131nda d\u00fczenlenecek etkinlikte kurulan stantlarda \u00e7e\u015fitli sa\u011fl\u0131k taramalar\u0131 ve fark\u0131ndal\u0131k etkinlikleri yap\u0131lacak. Etkinlikler kapsam\u0131nda stantlar\u0131 gezen vatanda\u015flara Ya\u015fama Yol Ver, Umuda Kap\u0131 A\u00e7\u0131yorum, kemik \u00f6l\u00e7\u00fcm\u00fc, g\u00f6z muayenesi, a\u011f\u0131z ve di\u015f sa\u011fl\u0131\u011f\u0131, tansiyon, sa\u011fl\u0131kl\u0131 beslenme ve obezite, anne ve \u00e7ocuk sa\u011fl\u0131\u011f\u0131, sa\u011fl\u0131kl\u0131 hayat merkezi, organ ba\u011f\u0131\u015f\u0131 ve Ye\u015filay Derne\u011fi stantlar\u0131nda bilgiler verilecek, taramalar ger\u00e7ekle\u015ftirilecek.<\/p>\n\n\n\n<p>2 g\u00fcn s\u00fcrecek olan etkinliklerde \u00fccretsiz olarak verilecek olan hizmetlerde hem vatanda\u015flar bilgilendirilecek, hem de sa\u011fl\u0131k sorunlar\u0131 konusunda y\u00f6nlendirmelerde bulunulacak.<\/p>\n","protected":false},"excerpt":{"rendered":"<p>8-9 Eyl\u00fcl Halk Sa\u011fl\u0131\u011f\u0131 Haftas\u0131 kapsam\u0131nda Karesi Belediyesi, Bal\u0131kesir B\u00fcy\u00fck\u015fehir Belediyesi, Bal\u0131kesir \u0130l Sa\u011fl\u0131k M\u00fcd\u00fcrl\u00fc\u011f\u00fc ve Ye\u015filay Derne\u011fi i\u015fbirli\u011finde Halk<\/p>\n","protected":false},"author":2,"featured_media":6068,"comment_status":"open","ping_status":"open","sticky":false,"template":"","format":"standard","meta":{"colormag_page_container_layout":"default_layout","colormag_page_sidebar_layout":"default_layout","footnotes":""},"categories":[1,5,7,8],"tags":[],"class_list":["post-6067","post","type-post","status-publish","format-standard","has-post-thumbnail","hentry","category-genel","category-gundem","category-saglik","category-siyaset"],"_links":{"self":[{"href":"https:\/\/marmarayerelhizmet.com\/index.php\/wp-json\/wp\/v2\/posts\/6067","targetHints":{"allow":["GET"]}}],"collection":[{"href":"https:\/\/marmarayerelhizmet.com\/index.php\/wp-json\/wp\/v2\/posts"}],"about":[{"href":"https:\/\/marmarayerelhizmet.com\/index.php\/wp-json\/wp\/v2\/types\/post"}],"author":[{"embeddable":true,"href":"https:\/\/marmarayerelhizmet.com\/index.php\/wp-json\/wp\/v2\/users\/2"}],"replies":[{"embeddable":true,"href":"https:\/\/marmarayerelhizmet.com\/index.php\/wp-json\/wp\/v2\/comments?post=6067"}],"version-history":[{"count":0,"href":"https:\/\/marmarayerelhizmet.com\/index.php\/wp-json\/wp\/v2\/posts\/6067\/revisions"}],"wp:featuredmedia":[{"embeddable":true,"href":"https:\/\/marmarayerelhizmet.com\/index.php\/wp-json\/wp\/v2\/media\/6068"}],"wp:attachment":[{"href":"https:\/\/marmarayerelhizmet.com\/index.php\/wp-json\/wp\/v2\/media?parent=6067"}],"wp:term":[{"taxonomy":"category","embeddable":true,"href":"https:\/\/marmarayerelhizmet.com\/index.php\/wp-json\/wp\/v2\/categories?post=6067"},{"taxonomy":"post_tag","embeddable":true,"href":"https:\/\/marmarayerelhizmet.com\/index.php\/wp-json\/wp\/v2\/tags?post=6067"}],"curies":[{"name":"wp","href":"https:\/\/api.w.org\/{rel}","templated":true}]}}