{"id":6058,"date":"2022-08-13T11:27:21","date_gmt":"2022-08-13T08:27:21","guid":{"rendered":"https:\/\/marmarayerelhizmet.com\/?p=6058"},"modified":"2022-08-13T11:28:39","modified_gmt":"2022-08-13T08:28:39","slug":"avcidan-asure-ikrami","status":"publish","type":"post","link":"https:\/\/marmarayerelhizmet.com\/index.php\/2022\/08\/13\/avcidan-asure-ikrami\/","title":{"rendered":"Avc\u0131 Vatanda\u015fla Bulu\u015ftu"},"content":{"rendered":"\n<p><strong><em>Ba\u015fkan Avc\u0131 Alt\u0131eyl\u00fcl Belediyesi taraf\u0131ndan d\u00fczenlenen Hicri Takvim\u2019in ilk ay\u0131, Muharrem Ay\u0131\u2019n\u0131n 10\u2019uncu g\u00fcn\u00fc olan A\u015fure G\u00fcn\u00fc\u2019nde vatanda\u015flarla bir araya gelerek a\u015fure ikram\u0131nda bulundu.<\/em><\/strong><\/p>\n\n\n\n<p><strong><em>VATANDA\u015eLAR YO\u011eUN \u0130LG\u0130 G\u00d6STERD\u0130<\/em><\/strong><\/p>\n\n\n\n<p>Alt\u0131eyl\u00fcl Belediyesi taraf\u0131ndan Muharrem Ay\u0131\u2019n\u0131n 10\u2019uncu g\u00fcn\u00fcne denk gelen A\u015fure G\u00fcn\u00fc vesilesiyle Kurtdereli Mehmet Pehlivan heykelinin \u00f6n\u00fcnde d\u00fczenlenen etkinlikte vatanda\u015flara bir araya gelen Alt\u0131eyl\u00fcl Belediye Ba\u015fkan\u0131 Hasan Avc\u0131, vatanda\u015flara kendi eliyle a\u015fure ikram\u0131nda bulunarak birli\u011fimizin, dirli\u011fimizin ve beraberli\u011fimizin devam\u0131 i\u00e7in temennilerde bulundu. Alt\u0131eyl\u00fcl Kaymakam\u2019\u0131 Turgay Hakan Bilgin\u2019in de kat\u0131larak a\u015fure ikram\u0131nda bulundu\u011fu etkinli\u011fe vatanda\u015flar\u0131n ilgisi ise yo\u011fun oldu. Dayan\u0131\u015fma, payla\u015fma, birlik ve beraberli\u011fin simgesi olan A\u015fure G\u00fcn\u00fc\u2019nde ger\u00e7ekle\u015ftirilen etkinli\u011fe kat\u0131lan vatanda\u015flar bu anlaml\u0131 hareket i\u00e7in Hasan Avc\u0131 ba\u015fta olmak \u00fczere t\u00fcm Alt\u0131eyl\u00fcl Belediyesi\u2019ne te\u015fekk\u00fcrlerini ilettiler.<\/p>\n\n\n\n<p><strong><em>B\u0130RL\u0130K VE BERABERL\u0130K \u0130\u00c7\u0130N B\u0130R ARAYA GELD\u0130LER<\/em><\/strong><\/p>\n\n\n\n<p>Kurtdereli Mehmet Pehlivan heykelinin yan\u0131nda d\u00fczenlenen etkinli\u011fe vatanda\u015flar\u0131n g\u00f6stermi\u015f oldu\u011fu yo\u011fun ilgiden dolay\u0131 memnun oldu\u011funu ifade eden Alt\u0131eyl\u00fcl Belediye Ba\u015fkan\u0131 Hasan Avc\u0131 \u201c\u0130slam ve insanl\u0131k tarihi a\u00e7\u0131s\u0131ndan \u00e7ok b\u00fcy\u00fck h\u00e2diselerin cereyan etti\u011fi ve bu h\u00e2diselerin vuku buldu\u011fu \u00e7ok \u00f6nemli bir g\u00fcndeyiz. Nuh Peygamberin gemisinin karaya oturdu\u011fu, Hz. Havva\u2019n\u0131n Hz. \u00c2dem ile bulu\u015ftu\u011fu ve Hz. H\u00fcseyin efendimizin canice \u015fehit edildi\u011fi bir g\u00fcnd\u00fcr a\u015fure g\u00fcn\u00fc. Bizler her Muharrem-i \u015eerif Ay\u0131\u2019n\u0131n 10\u2019uncu g\u00fcn\u00fcnde oldu\u011fu gibi Kurtdereli Mehmet Pehlivan\u2019\u0131n yan\u0131nda vatanda\u015flar\u0131m\u0131za a\u015fure ikram\u0131nda bulunuyoruz. Vatanda\u015flar\u0131m\u0131z da yo\u011fun bir \u015feklide kat\u0131l\u0131m sergileyerek devletimizin-belediyemizin ikram\u0131 olan a\u015fureyi tatma imk\u00e2n\u0131 buldu. \u0130n\u015fallah bundan sonra bu milletin aya\u011f\u0131na ta\u015f de\u011fmesin, Rabbim birli\u011fimizi ve beraberlimizi kimsenin bozmas\u0131na izin vermesin in\u015fallah\u201d \u015feklinde konu\u015furken vatanda\u015flar\u0131n m\u00fcbarek Muharrem Ay\u0131\u2019n\u0131 tebrik eden Alt\u0131eyl\u00fcl Kaymakam\u0131 Turgay Hakan Bilgin \u201cHem Hicri Y\u0131lba\u015f\u0131n\u0131n ilk ay\u0131 olmas\u0131 hem de Kerbela \u015eehitlerimizin \u015fehadete kavu\u015fmas\u0131 sebebiyle Kerbela mateminin oldu\u011fu bir ay i\u00e7erisindeyiz. Hem h\u00fczn\u00fc hem de birlik-beraberli\u011fi vurgulayan bu ayda Alt\u0131eyl\u00fcl Belediyemizin a\u015fure ikram\u0131 etkinli\u011finde bir araya geldik. Bu g\u00fczel etkinli\u011fin d\u00fczenlenmesinde b\u00fcy\u00fck destekleri olan Alt\u0131eyl\u00fcl Belediye Ba\u015fkan\u0131m\u0131z Hasan Avc\u0131 beyefendiye ve de\u011ferli ekibine ayr\u0131 ayr\u0131 te\u015fekk\u00fcr ediyorum\u201d dedi.<\/p>\n","protected":false},"excerpt":{"rendered":"<p>Ba\u015fkan Avc\u0131 Alt\u0131eyl\u00fcl Belediyesi taraf\u0131ndan d\u00fczenlenen Hicri Takvim\u2019in ilk ay\u0131, Muharrem Ay\u0131\u2019n\u0131n 10\u2019uncu g\u00fcn\u00fc olan A\u015fure G\u00fcn\u00fc\u2019nde vatanda\u015flarla bir araya<\/p>\n","protected":false},"author":2,"featured_media":6059,"comment_status":"open","ping_status":"open","sticky":false,"template":"","format":"standard","meta":{"colormag_page_container_layout":"default_layout","colormag_page_sidebar_layout":"default_layout","footnotes":""},"categories":[1,5,6,8],"tags":[],"class_list":["post-6058","post","type-post","status-publish","format-standard","has-post-thumbnail","hentry","category-genel","category-gundem","category-kultur-sanat","category-siyaset"],"_links":{"self":[{"href":"https:\/\/marmarayerelhizmet.com\/index.php\/wp-json\/wp\/v2\/posts\/6058","targetHints":{"allow":["GET"]}}],"collection":[{"href":"https:\/\/marmarayerelhizmet.com\/index.php\/wp-json\/wp\/v2\/posts"}],"about":[{"href":"https:\/\/marmarayerelhizmet.com\/index.php\/wp-json\/wp\/v2\/types\/post"}],"author":[{"embeddable":true,"href":"https:\/\/marmarayerelhizmet.com\/index.php\/wp-json\/wp\/v2\/users\/2"}],"replies":[{"embeddable":true,"href":"https:\/\/marmarayerelhizmet.com\/index.php\/wp-json\/wp\/v2\/comments?post=6058"}],"version-history":[{"count":0,"href":"https:\/\/marmarayerelhizmet.com\/index.php\/wp-json\/wp\/v2\/posts\/6058\/revisions"}],"wp:featuredmedia":[{"embeddable":true,"href":"https:\/\/marmarayerelhizmet.com\/index.php\/wp-json\/wp\/v2\/media\/6059"}],"wp:attachment":[{"href":"https:\/\/marmarayerelhizmet.com\/index.php\/wp-json\/wp\/v2\/media?parent=6058"}],"wp:term":[{"taxonomy":"category","embeddable":true,"href":"https:\/\/marmarayerelhizmet.com\/index.php\/wp-json\/wp\/v2\/categories?post=6058"},{"taxonomy":"post_tag","embeddable":true,"href":"https:\/\/marmarayerelhizmet.com\/index.php\/wp-json\/wp\/v2\/tags?post=6058"}],"curies":[{"name":"wp","href":"https:\/\/api.w.org\/{rel}","templated":true}]}}