{"id":6048,"date":"2022-08-13T11:14:13","date_gmt":"2022-08-13T08:14:13","guid":{"rendered":"https:\/\/marmarayerelhizmet.com\/?p=6048"},"modified":"2022-08-13T11:14:15","modified_gmt":"2022-08-13T08:14:15","slug":"karesiye-yakisiyor","status":"publish","type":"post","link":"https:\/\/marmarayerelhizmet.com\/index.php\/2022\/08\/13\/karesiye-yakisiyor\/","title":{"rendered":"Karesi&#8217;ye Yak\u0131\u015f\u0131yor"},"content":{"rendered":"\n<p>Bu y\u0131l 62.si d\u00fczenlenecek olan ve 12-13-14 A\u011fustos tarihlerinde ger\u00e7ekle\u015ftirilecek Geleneksel Kurtdereli G\u00fcre\u015fleri i\u00e7in haz\u0131rl\u0131klar tamamland\u0131. Karesi Belediye Ba\u015fkan\u0131 Din\u00e7er Orkan, AK Parti Bal\u0131kesir Milletvekilleri Yavuz Suba\u015f\u0131, \u0130smail Ok ve Karesi Kaymakam\u0131 Metin Arslanba\u015f ile birlikte g\u00fcre\u015f alan\u0131nda incelemelerde bulunarak haz\u0131rl\u0131k \u00e7al\u0131\u015fmalara y\u00fcr\u00fcten belediye personeline kolayl\u0131klar dilediler.<\/p>\n\n\n\n<p>Karesi\u2019de 12-13-14 A\u011fustos tarihlerinde Bal\u0131kesir B\u00fcy\u00fck\u015fehir Belediyesi ve Karesi Belediyesi taraf\u0131ndan d\u00fczenlenecek olan, 86\u2019s\u0131 ba\u015fpehlivan olmak \u00fczere yakla\u015f\u0131k 2500 g\u00fcre\u015f\u00e7inin ve binlerce davetlinin kat\u0131lmas\u0131 beklenen 62. Kurtdereli G\u00fcre\u015fleri ba\u015fl\u0131yor. G\u00fcre\u015fler \u00f6ncesi Kurtdere Mahallesi\u2019ndeki haz\u0131rl\u0131klar ise tamamland\u0131. Karesi Belediye Ba\u015fkan\u0131 Din\u00e7er Orkan, AK Parti Bal\u0131kesir Milletvekilleri Yavuz Suba\u015f\u0131, \u0130smail Ok ve Karesi Kaymakam\u0131 Metin Arslanba\u015f ile birlikte g\u00fcre\u015f alan\u0131nda incelemelerde bulunarak haz\u0131rl\u0131k \u00e7al\u0131\u015fmalara y\u00fcr\u00fcten belediye personeline kolayl\u0131klar dilediler.<\/p>\n\n\n\n<p>Haz\u0131rl\u0131k \u00e7al\u0131\u015fmalar\u0131nda son r\u00f6tu\u015flar\u0131n yap\u0131ld\u0131\u011f\u0131n\u0131 s\u00f6yleyen Ba\u015fkan Orkan, g\u00fcre\u015f ve sporseverleri g\u00fcre\u015flere davet etti. Ba\u015fkan Orkan, Kurtdereli gelene\u011fine B\u00fcy\u00fck\u015fehir Belediyesi ve Karesi Belediyesi\u2019nin sahip \u00e7\u0131kt\u0131\u011f\u0131n\u0131 s\u00f6yledi.<\/p>\n\n\n\n<figure class=\"wp-block-image size-full\"><img decoding=\"async\" width=\"712\" height=\"446\" src=\"https:\/\/marmarayerelhizmet.com\/wp-content\/uploads\/2022\/08\/GURES.jpg\" alt=\"\" class=\"wp-image-6049\" srcset=\"https:\/\/marmarayerelhizmet.com\/wp-content\/uploads\/2022\/08\/GURES.jpg 712w, https:\/\/marmarayerelhizmet.com\/wp-content\/uploads\/2022\/08\/GURES-300x188.jpg 300w\" sizes=\"(max-width: 712px) 100vw, 712px\" \/><figcaption><\/figcaption><\/figure>\n\n\n\n<p>SUBA\u015eI\u2019DAN B\u00dcY\u00dcK\u015eEH\u0130R VE KARES\u0130\u2019YE TE\u015eEKK\u00dcR<\/p>\n\n\n\n<p>\u0130ncelemeler sonras\u0131 AK Parti Bal\u0131kesir Milletvekilleri Yavuz Suba\u015f\u0131 ve \u0130smail Ok a\u00e7\u0131klamalarda bulunarak, g\u00fcre\u015fseverleri Kurtdere\u2019ye davet ettiler. G\u00fcre\u015flerin 12 A\u011fustos Cuma g\u00fcn\u00fc ba\u015flayaca\u011f\u0131n\u0131 s\u00f6yleyen Suba\u015f\u0131, \u201cTarihi ve geleceksel ata sporumuza verdikleri desteklerden dolay\u0131 gerek Bal\u0131kesir B\u00fcy\u00fck\u015fehir Belediyemize, gerekse Karesi Belediyemize te\u015fekk\u00fcr ediyoruz. Hem g\u00fcre\u015fseverleri, hem de g\u00fcre\u015fecek olan sporcular\u0131m\u0131z\u0131 Kurtdere\u2019ye davet ediyoruz. Nasrettin Hoca\u2019n\u0131n dedi\u011fi gibi \u2018Duyan duymayanlara anlats\u0131n\u2019. T\u00fcm T\u00fcrkiye\u2019yi Bal\u0131kesir, Karesi ve Kurtdere\u2019ye bekliyoruz\u201d dedi.<\/p>\n\n\n\n<p>OK: \u201cKUVAY\u0130 M\u0130LL\u0130YE \u015eEHR\u0130 KARES\u0130\u2019YE YAKI\u015eIYOR\u201d<\/p>\n\n\n\n<p>Daha sonra AK Parti Bal\u0131kesir Milletvekili \u0130smail Ok a\u00e7\u0131klamalarda bulundu. K\u0131rkp\u0131nar Ya\u011fl\u0131 G\u00fcre\u015fleri\u2019nden sonra T\u00fcrkiye\u2019nin en me\u015fhur ve \u00fcnl\u00fc g\u00fcre\u015flerin Kurtdere G\u00fcre\u015fleri oldu\u011funu ifade eden Ok, \u201cKurtdereli Mehmet Pehlivan\u2019\u0131n \u015fan\u0131na yak\u0131\u015f\u0131r bir haz\u0131rl\u0131k var. Her yer her y\u00f6n\u00fcyle, Kuva-yi Milliye \u015fehri ve Karesi\u2019ye yak\u0131\u015f\u0131r \u015fekilde s\u00fcslenmi\u015f. \u015eimdi pehlivanlar\u0131n\u0131 bekler hale gelmi\u015f. Ben bu sene yar\u0131\u015facak olan pehlivanlar\u0131m\u0131za ba\u015far\u0131lar diliyorum. Buray\u0131 gelin gibi s\u00fcsleyen herkese te\u015fekk\u00fcr ediyoruz\u201d \u015feklinde konu\u015ftu.<\/p>\n\n\n\n<p>G\u00dcRE\u015eLERDE 2500 PEHL\u0130VAN DUALI \u00c7AYIRA \u00c7IKACAK<\/p>\n\n\n\n<p>12 A\u011fustos Cuma G\u00fcn\u00fc d\u00fczenlenecek olan a\u00e7\u0131l\u0131\u015f etkinlikleriyle ba\u015flayacak olan g\u00fcre\u015flerin program\u0131 \u015f\u00f6yle:<\/p>\n\n\n\n<p>12 A\u011fustos Cuma saat 08.00&#8217;da Kurtdere Mahallesi\u2019nde minik 1, minik 2, te\u015fvik 1, te\u015fvik 2, tozkoparan, ayak, deste 1, deste 2, deste 3 ve orta boylar\u0131n boy ayr\u0131m\u0131yla ba\u015flayacak Kurtdereli G\u00fcre\u015fleri; 12.30&#8217;da Kurtdereli Mehmet Pehlivan&#8217;\u0131n an\u0131t mezar\u0131n\u0131 ziyaret ile devam edecek. 12.45\u2019te Mevlid-i \u015eerif\u2019in okutulaca\u011f\u0131 programda 14.00\u2019da mevlit yeme\u011fi verilecek. 14.30&#8217;da resmi a\u00e7\u0131l\u0131\u015f\u0131 yap\u0131lacak olan g\u00fcre\u015flerde mehter tak\u0131m\u0131 g\u00f6sterisi ard\u0131ndan ya\u011fl\u0131 g\u00fcre\u015f m\u00fcsabakalar\u0131 ba\u015flayacak. 18.00\u2019da Karesi Bey T\u00fcrbesi \u00f6n\u00fcnden kortej y\u00fcr\u00fcy\u00fc\u015f\u00fc ve 19.00\u2019da Kurtdereli Mehmet Pehlivan An\u0131t\u0131\u2019na \u00e7elenk sunulacak. 13 A\u011fustos Cumartesi g\u00fcn\u00fc ya\u011fl\u0131 g\u00fcre\u015f m\u00fcsabakalar\u0131n\u0131n yap\u0131laca\u011f\u0131 Kurtdereli G\u00fcre\u015fleri; 14 A\u011fustos Pazar g\u00fcn\u00fc ise 11.30&#8217;da ba\u015fpehlivanlar\u0131n kura \u00e7ekimi, 17.00&#8217;de Ba\u015fpehlivanl\u0131k final g\u00fcre\u015fi ve 18.00&#8217;deki \u00f6d\u00fcl t\u00f6reni ile sona erecek.<\/p>\n","protected":false},"excerpt":{"rendered":"<p>Bu y\u0131l 62.si d\u00fczenlenecek olan ve 12-13-14 A\u011fustos tarihlerinde ger\u00e7ekle\u015ftirilecek Geleneksel Kurtdereli G\u00fcre\u015fleri i\u00e7in haz\u0131rl\u0131klar tamamland\u0131. Karesi Belediye Ba\u015fkan\u0131 Din\u00e7er<\/p>\n","protected":false},"author":2,"featured_media":6050,"comment_status":"open","ping_status":"open","sticky":false,"template":"","format":"standard","meta":{"colormag_page_container_layout":"default_layout","colormag_page_sidebar_layout":"default_layout","footnotes":""},"categories":[3,1,5,6,8,9],"tags":[],"class_list":["post-6048","post","type-post","status-publish","format-standard","has-post-thumbnail","hentry","category-ekonomi","category-genel","category-gundem","category-kultur-sanat","category-siyaset","category-spor"],"_links":{"self":[{"href":"https:\/\/marmarayerelhizmet.com\/index.php\/wp-json\/wp\/v2\/posts\/6048","targetHints":{"allow":["GET"]}}],"collection":[{"href":"https:\/\/marmarayerelhizmet.com\/index.php\/wp-json\/wp\/v2\/posts"}],"about":[{"href":"https:\/\/marmarayerelhizmet.com\/index.php\/wp-json\/wp\/v2\/types\/post"}],"author":[{"embeddable":true,"href":"https:\/\/marmarayerelhizmet.com\/index.php\/wp-json\/wp\/v2\/users\/2"}],"replies":[{"embeddable":true,"href":"https:\/\/marmarayerelhizmet.com\/index.php\/wp-json\/wp\/v2\/comments?post=6048"}],"version-history":[{"count":0,"href":"https:\/\/marmarayerelhizmet.com\/index.php\/wp-json\/wp\/v2\/posts\/6048\/revisions"}],"wp:featuredmedia":[{"embeddable":true,"href":"https:\/\/marmarayerelhizmet.com\/index.php\/wp-json\/wp\/v2\/media\/6050"}],"wp:attachment":[{"href":"https:\/\/marmarayerelhizmet.com\/index.php\/wp-json\/wp\/v2\/media?parent=6048"}],"wp:term":[{"taxonomy":"category","embeddable":true,"href":"https:\/\/marmarayerelhizmet.com\/index.php\/wp-json\/wp\/v2\/categories?post=6048"},{"taxonomy":"post_tag","embeddable":true,"href":"https:\/\/marmarayerelhizmet.com\/index.php\/wp-json\/wp\/v2\/tags?post=6048"}],"curies":[{"name":"wp","href":"https:\/\/api.w.org\/{rel}","templated":true}]}}