{"id":5303,"date":"2022-02-09T16:09:11","date_gmt":"2022-02-09T13:09:11","guid":{"rendered":"https:\/\/marmarayerelhizmet.com\/?p=5303"},"modified":"2022-03-13T15:45:57","modified_gmt":"2022-03-13T12:45:57","slug":"chpli-ensara-gore","status":"publish","type":"post","link":"https:\/\/marmarayerelhizmet.com\/index.php\/2022\/02\/09\/chpli-ensara-gore\/","title":{"rendered":"CHP&#8217;li Ensar&#8217;a G\u00f6re"},"content":{"rendered":"\n<p>GEN\u00c7LER BALIKES\u0130R&#8217;DE YA\u015eAMAK \u0130STEM\u0130YOR<\/p>\n\n\n\n<p>Cumhuriyet Halk Partisi Bal\u0131kesir Milletvekili Ensar Aytekin Bal\u0131kesir\u2019in n\u00fcfusunun ya\u015flanmas\u0131na dikkat \u00e7ekerek \u201cgen\u00e7lerimiz \u015fehri terk ediyor. Bal\u0131kesir T\u00fcrkiye\u2019nin en ya\u015fl\u0131 3. \u015fehri oldu. \u015eehirde gen\u00e7lik i\u00e7in i\u015f imkanlar\u0131 yetersiz oldu\u011fundan dolay\u0131, gen\u00e7 g\u00f6\u00e7\u00fc veriyoruz. Gen\u00e7li\u011fe y\u00f6nelik istihdam artt\u0131r\u0131c\u0131 politikalar olmad\u0131\u011f\u0131 i\u00e7in, gen\u00e7li\u011fimizi kaybediyoruz.\u201d dedi.<\/p>\n\n\n\n<p>CHP\u2019li Aytekin\u2019in a\u00e7\u0131klamas\u0131 \u015f\u00f6yle:<\/p>\n\n\n\n<p>Ge\u00e7ti\u011fimiz g\u00fcnlerde T\u00dc\u0130K B\u00f6lge ofisi taraf\u0131ndan Bal\u0131kesir n\u00fcfusuna ili\u015fkin veriler a\u00e7\u0131kland\u0131.&nbsp; G\u00fcncel n\u00fcfusumuz 1 milyon 250 bin 610 olarak ifade edildi. Bal\u0131kesir\u2019imiz verilere g\u00f6re ya\u015fl\u0131 g\u00f6\u00e7\u00fc al\u0131p gen\u00e7 n\u00fcfusu g\u00f6\u00e7 veren bir il oldu. Bal\u0131kesir\u2019imiz T\u00fcrkiye\u2019de en ya\u015fl\u0131&nbsp;<a href=\"http:\/\/3.il\/\" target=\"_blank\" rel=\"noreferrer noopener nofollow\">3.il<\/a>&nbsp;olarak kay\u0131tlara ge\u00e7ti.<\/p>\n\n\n\n<p>Gen\u00e7 n\u00fcfusumuzdaki d\u00fc\u015f\u00fc\u015f\u00fcn temel sebebi, gen\u00e7leri Bal\u0131kesir\u2019de tutacak i\u015f olanaklar\u0131n\u0131n yetersizli\u011fi olarak \u00f6ne \u00e7\u0131k\u0131yor. \u00dcniversite e\u011fitimi i\u00e7in \u015fehir d\u0131\u015f\u0131n\u0131 tercih eden gen\u00e7lerimiz, ald\u0131klar\u0131 e\u011fitimden sonra Bal\u0131kesir\u2019de i\u015f bulam\u0131yor. Daha \u00e7ok mavi yaka olarak tabir edilen emek yo\u011fun n\u00fcfusun olmas\u0131 ise kentimizin temel dinami\u011fini olu\u015fturuyor. \u0130limizdeki gen\u00e7 n\u00fcfusa y\u00f6nelik, istihdam artt\u0131r\u0131c\u0131 politikalara ihtiya\u00e7 duyuyoruz. Gen\u00e7ler Bal\u0131kesir\u2019de ya\u015famak istemiyor.<\/p>\n\n\n\n<p>Ulusal \u0130stihdam Politikas\u0131n\u0131n Bal\u0131kesir i\u00e7in bir \u00e7\u00f6z\u00fcm olmad\u0131\u011f\u0131n\u0131 \u00fcz\u00fclerek g\u00f6r\u00fcyoruz. Gen\u00e7 arkada\u015flar\u0131m\u0131z Bal\u0131kesir\u2019de ald\u0131klar\u0131 e\u011fitime g\u00f6re istihdam edilemiyor. \u00dcniversite mezunlar\u0131n\u0131n kafelerde, atanamam\u0131\u015f \u00f6\u011fretmenlerin in\u015faatlarda \u00e7al\u0131\u015ft\u0131\u011f\u0131n\u0131 g\u00f6zlemliyoruz. Dolay\u0131s\u0131yla nitelikli gen\u00e7 i\u015f g\u00fcc\u00fc \u015fehri terk ediyor. Bir yandan T\u00fcrkiye\u2019de nitelikli uluslararas\u0131 gen\u00e7 g\u00f6\u00e7\u00fc ya\u015fan\u0131rken, T\u00fcrkiye\u2019nin adeta bir modeli olan Bal\u0131kesir\u2019de de nitelikli \u015fehirleraras\u0131 g\u00f6\u00e7 ya\u015fan\u0131yor. Ve gen\u00e7 n\u00fcfusumuzu kaybediyoruz. Bakt\u0131\u011f\u0131m\u0131zda, \u00e7o\u011fu gencimiz Bursa, \u0130stanbul ve \u0130zmir\u2019de kendilerine istihdam yaratan alanlara y\u00f6neliyor.<\/p>\n\n\n\n<p>\u0130ktidar\u0131n yaratt\u0131\u011f\u0131 y\u0131k\u0131m ve nitelikli i\u015fsizlik y\u00fcz\u00fcnden Bal\u0131kesir\u2019de gen\u00e7lerimizi tutam\u0131yoruz. Bunun sonucunda da gen\u00e7 i\u015f g\u00fcc\u00fc g\u00f6\u00e7\u00fc veriyoruz.&nbsp; Ortalama hane halk\u0131 b\u00fcy\u00fckl\u00fc\u011f\u00fc ise il genelinde 2.64 ki\u015fi. Yani bir evde ortalama 3 ki\u015fi bile ya\u015fam\u0131yor. \u0130ktidar ise Bal\u0131kesir\u2019e sessiz kal\u0131yor. Gen\u00e7 g\u00f6\u00e7\u00fcn\u00fc durduram\u0131yor. Bal\u0131kesir\u2019de istihdam artt\u0131r\u0131c\u0131, Bal\u0131kesir gen\u00e7li\u011fini \u015fehirde tutaca\u011f\u0131 politika ve i\u015f imkanlar\u0131 yaratam\u0131yor. Olan yine Bal\u0131kesir\u2019e oluyor.&nbsp;<\/p>\n\n\n\n<p><\/p>\n","protected":false},"excerpt":{"rendered":"<p>GEN\u00c7LER BALIKES\u0130R&#8217;DE YA\u015eAMAK \u0130STEM\u0130YOR Cumhuriyet Halk Partisi Bal\u0131kesir Milletvekili Ensar Aytekin Bal\u0131kesir\u2019in n\u00fcfusunun ya\u015flanmas\u0131na dikkat \u00e7ekerek \u201cgen\u00e7lerimiz \u015fehri terk ediyor.<\/p>\n","protected":false},"author":2,"featured_media":5304,"comment_status":"closed","ping_status":"open","sticky":false,"template":"","format":"standard","meta":{"colormag_page_container_layout":"default_layout","colormag_page_sidebar_layout":"default_layout","footnotes":""},"categories":[1,5,8],"tags":[],"class_list":["post-5303","post","type-post","status-publish","format-standard","has-post-thumbnail","hentry","category-genel","category-gundem","category-siyaset"],"_links":{"self":[{"href":"https:\/\/marmarayerelhizmet.com\/index.php\/wp-json\/wp\/v2\/posts\/5303","targetHints":{"allow":["GET"]}}],"collection":[{"href":"https:\/\/marmarayerelhizmet.com\/index.php\/wp-json\/wp\/v2\/posts"}],"about":[{"href":"https:\/\/marmarayerelhizmet.com\/index.php\/wp-json\/wp\/v2\/types\/post"}],"author":[{"embeddable":true,"href":"https:\/\/marmarayerelhizmet.com\/index.php\/wp-json\/wp\/v2\/users\/2"}],"replies":[{"embeddable":true,"href":"https:\/\/marmarayerelhizmet.com\/index.php\/wp-json\/wp\/v2\/comments?post=5303"}],"version-history":[{"count":0,"href":"https:\/\/marmarayerelhizmet.com\/index.php\/wp-json\/wp\/v2\/posts\/5303\/revisions"}],"wp:featuredmedia":[{"embeddable":true,"href":"https:\/\/marmarayerelhizmet.com\/index.php\/wp-json\/wp\/v2\/media\/5304"}],"wp:attachment":[{"href":"https:\/\/marmarayerelhizmet.com\/index.php\/wp-json\/wp\/v2\/media?parent=5303"}],"wp:term":[{"taxonomy":"category","embeddable":true,"href":"https:\/\/marmarayerelhizmet.com\/index.php\/wp-json\/wp\/v2\/categories?post=5303"},{"taxonomy":"post_tag","embeddable":true,"href":"https:\/\/marmarayerelhizmet.com\/index.php\/wp-json\/wp\/v2\/tags?post=5303"}],"curies":[{"name":"wp","href":"https:\/\/api.w.org\/{rel}","templated":true}]}}