{"id":5152,"date":"2022-01-23T23:56:16","date_gmt":"2022-01-23T20:56:16","guid":{"rendered":"https:\/\/marmarayerelhizmet.com\/?p=5152"},"modified":"2022-03-13T15:47:30","modified_gmt":"2022-03-13T12:47:30","slug":"ciddi-tehlike","status":"publish","type":"post","link":"https:\/\/marmarayerelhizmet.com\/index.php\/2022\/01\/23\/ciddi-tehlike\/","title":{"rendered":"Ciddi Tehlike"},"content":{"rendered":"\n<p><strong>Cumhuriyet Halk Partisi Bal\u0131kesir Milletvekili Ensar Aytekin artan s\u00fct fiyatlar\u0131n\u0131n \u00fcreticileri zor durumda b\u0131rakt\u0131\u011f\u0131n\u0131 ifade ederek &#8221; s\u00fct inekleri kesime g\u00f6nderiliyor. B\u00f6yle giderse birka\u00e7 ay sonra s\u00fct \u00fcr\u00fcnleri \u00fcretilemeyecek. Bunun en b\u00fcy\u00fck zarar\u0131n\u0131 halk \u00e7ekecek.&#8221; dedi.<\/strong><\/p>\n\n\n\n<p>Ulusal S\u00fct Konseyinin verdi\u011fi 4lira 70 kuru\u015fluk deste\u011fin \u00fcreticiye ula\u015famadan eridi\u011fini ifade eden Aytekin &#8221; \u00dcreticileri s\u00fct\u00fc en fazla 4 liraya sararken,market raflar\u0131nda litresi 15 liray\u0131 bulan s\u00fct fiyatlar\u0131 g\u00f6r\u00fcyoruz. \u00dcreticiler kazanm\u0131yor ama birileri litrede 10 lira kazan\u0131yor. Bu d\u00fczen deli dumrul d\u00fczenidir.&#8221; ifadelerine yer verdi.<\/p>\n\n\n\n<p>CHP Bal\u0131kesir Milletvekili Ensar Aytekin&#8217;in a\u00e7\u0131klamas\u0131 \u015f\u00f6yle:<\/p>\n\n\n\n<p>T\u00fcrkiye bir g\u0131da krizine do\u011fru h\u0131zla savruluyor. Bir\u00e7ok \u00fcr\u00fcnde maliyet fiyatlar\u0131ndaki art\u0131\u015f \u00fcretimi etkiliyor. Bir yandan ihracat rekoru k\u0131rd\u0131k diye \u00f6v\u00fcn\u00fcyoruz ama yap\u0131lan ithalat\u0131 konu\u015fmuyorlar. T\u00fcrkiye&#8217;de tar\u0131m ve hayvanc\u0131l\u0131k stratejik bir sekt\u00f6rd\u00fc. Ama iflas eden ekonomi politikas\u0131 bu iki sekt\u00f6r\u00fc \u00e7ok a\u011f\u0131r bir \u015fekilde vurdu. Hayvanc\u0131l\u0131kta b\u00fcy\u00fck sorunlar ya\u015fan\u0131yor. S\u00fct veren inekler kesimhanelere g\u00f6nderilmek zorunda kald\u0131. Peynirin ba\u015fkenti dedi\u011fimiz Bal\u0131kesir&#8217;de, ge\u00e7ti\u011fimiz y\u0131l 20binin \u00fczerinde s\u00fct ine\u011fi kesimhanelere g\u00f6nderildi.<\/p>\n\n\n\n<p><strong>\u00dcreticiye 4 lira Markete 14 lira<\/strong><\/p>\n\n\n\n<p>Ulusal S\u00fct Konseyinin verdi\u011fi fiyat litre ba\u015f\u0131na 4 lira 70 kuru\u015f. Elektrikteki kademeli tarife \u00f6ncesinde so\u011futma gibi maliyetleri d\u00fc\u015ft\u00fc\u011f\u00fcm\u00fczde \u00fcreticinin eline 4 lira kal\u0131yordu. \u015eimdi o bile yok. Buna ra\u011fmen marketlerde s\u00fct 14 liraya kadar sat\u0131l\u0131yor. Arada 10 liral\u0131k bir kazan\u00e7 var ki bu, \u00fcreticinin cebine girmiyor.<\/p>\n\n\n\n<p><strong>Ulusal S\u00fct Konseyi Ne \u0130\u015fe Yar\u0131yor?<\/strong><\/p>\n\n\n\n<p>Ulusal S\u00fct Konseyi bu fiyat de\u011fi\u015fimleri kar\u015f\u0131s\u0131nda sessizce oturuyor. Konseyinin yap\u0131s\u0131na bakt\u0131\u011f\u0131m\u0131zda sekt\u00f6r\u00fcn ne kadar b\u00fcy\u00fck \u00fcreticisi varsa, sanayide patron varsa hepsi burada. Ama \u00fcreticilerin temsilcileri yok. Konseyin \u00fcreticiye korumak gibi bir derdi yok. \u00dcreticiler maliyet art\u0131\u015f\u0131 y\u00fcz\u00fcnden gebe inekleri&nbsp; bile kesime g\u00f6nderiyor. Ama ne iktidardan ne de s\u00fct konserinden konuya dair rahats\u0131zl\u0131k duyan yok.<\/p>\n\n\n\n<p><strong>B\u00f6yle Giderse Bal\u0131kesir Peynir \u00dcretemez Hale Gelecek<\/strong><\/p>\n\n\n\n<p>Her f\u0131rsatta hakl\u0131 bir \u015fekilde \u00f6v\u00fcnd\u00fc\u011f\u00fcm\u00fcz Bal\u0131kesir peynirleri bu \u015fekilde giderse art\u0131k \u00fcretilemeyecek. Bir yandan peynirin ba\u015fkenti diyece\u011fiz&nbsp; bir yandan \u00fcreticiye \u00fcretime k\u00fcst\u00fcrece\u011fiz. Bunun mant\u0131\u011f\u0131 yok.<\/p>\n\n\n\n<p><strong>Ara\u015ft\u0131rma \u00d6nergemiz Hala Bekliyor<\/strong><\/p>\n\n\n\n<p>T\u00fcrkiye \u00fcz\u00fclerek s\u00f6yl\u00fcyoruz ki bir g\u0131da krizine evriliyor. Bunu tersine \u00e7evirmek zorunday\u0131z. \u00dcreticilerimizin sorunlar\u0131n\u0131 dinlemek ve \u00e7\u00f6z\u00fcm \u00fcretmek zorunday\u0131z. Bu konuda TBMM&#8217;ye sundu\u011fumuz s\u00fct \u00fcreticilerinin sorunlar\u0131n\u0131n ara\u015ft\u0131r\u0131lmas\u0131 ve \u00e7\u00f6z\u00fcm \u00f6nerilerinin belirlenmesine&nbsp; \u00f6nergesini daha fazla zaman kaybetmeden g\u00fcndeme alal\u0131m ve sorunlar\u0131 iktidar muhalefet demeden birlikte \u00e7\u00f6zelim.<\/p>\n","protected":false},"excerpt":{"rendered":"<p>Cumhuriyet Halk Partisi Bal\u0131kesir Milletvekili Ensar Aytekin artan s\u00fct fiyatlar\u0131n\u0131n \u00fcreticileri zor durumda b\u0131rakt\u0131\u011f\u0131n\u0131 ifade ederek &#8221; s\u00fct inekleri kesime<\/p>\n","protected":false},"author":2,"featured_media":5153,"comment_status":"closed","ping_status":"open","sticky":false,"template":"","format":"standard","meta":{"colormag_page_container_layout":"default_layout","colormag_page_sidebar_layout":"default_layout","footnotes":""},"categories":[1,5,7,8],"tags":[],"class_list":["post-5152","post","type-post","status-publish","format-standard","has-post-thumbnail","hentry","category-genel","category-gundem","category-saglik","category-siyaset"],"_links":{"self":[{"href":"https:\/\/marmarayerelhizmet.com\/index.php\/wp-json\/wp\/v2\/posts\/5152","targetHints":{"allow":["GET"]}}],"collection":[{"href":"https:\/\/marmarayerelhizmet.com\/index.php\/wp-json\/wp\/v2\/posts"}],"about":[{"href":"https:\/\/marmarayerelhizmet.com\/index.php\/wp-json\/wp\/v2\/types\/post"}],"author":[{"embeddable":true,"href":"https:\/\/marmarayerelhizmet.com\/index.php\/wp-json\/wp\/v2\/users\/2"}],"replies":[{"embeddable":true,"href":"https:\/\/marmarayerelhizmet.com\/index.php\/wp-json\/wp\/v2\/comments?post=5152"}],"version-history":[{"count":0,"href":"https:\/\/marmarayerelhizmet.com\/index.php\/wp-json\/wp\/v2\/posts\/5152\/revisions"}],"wp:featuredmedia":[{"embeddable":true,"href":"https:\/\/marmarayerelhizmet.com\/index.php\/wp-json\/wp\/v2\/media\/5153"}],"wp:attachment":[{"href":"https:\/\/marmarayerelhizmet.com\/index.php\/wp-json\/wp\/v2\/media?parent=5152"}],"wp:term":[{"taxonomy":"category","embeddable":true,"href":"https:\/\/marmarayerelhizmet.com\/index.php\/wp-json\/wp\/v2\/categories?post=5152"},{"taxonomy":"post_tag","embeddable":true,"href":"https:\/\/marmarayerelhizmet.com\/index.php\/wp-json\/wp\/v2\/tags?post=5152"}],"curies":[{"name":"wp","href":"https:\/\/api.w.org\/{rel}","templated":true}]}}