{"id":3915,"date":"2021-01-30T23:17:06","date_gmt":"2021-01-30T20:17:06","guid":{"rendered":"https:\/\/marmarayerelhizmet.com\/?p=3915"},"modified":"2021-01-30T23:17:14","modified_gmt":"2021-01-30T20:17:14","slug":"avcidan-anlamli-hareket","status":"publish","type":"post","link":"https:\/\/marmarayerelhizmet.com\/index.php\/2021\/01\/30\/avcidan-anlamli-hareket\/","title":{"rendered":"Avc\u0131&#8217;dan Anlaml\u0131 Hareket"},"content":{"rendered":"\n<p><strong>Alt\u0131eyl\u00fcl Belediye Ba\u015fkan\u0131 Hasan Avc\u0131, Fahri Kiraz Mesleki ve Teknik Anadolu Lisesi bah\u00e7esinde d\u00fczenlenen etkinlikte okul bah\u00e7esine fidan dikerek anlaml\u0131 bir harekete imza att\u0131. Ba\u015fkan Avc\u0131\u2019ya Ak Parti Alt\u0131eyl\u00fcl \u0130l\u00e7e Ba\u015fkan\u0131 \u00d6mer Munis, Alt\u0131eyl\u00fcl \u0130l\u00e7e Milli E\u011fitim M\u00fcd\u00fcr\u00fc \u00c7etin Keren, Alt\u0131eyl\u00fcl Park ve Bah\u00e7eler M\u00fcd\u00fcr\u00fc G\u00fclriz Acar ile Fahri Kiraz Mesleki ve Teknik Anadolu Lisesi Okul M\u00fcd\u00fcr\u00fc Ahmet \u0130lhan da e\u015flik etti.<\/strong><\/p>\n\n\n\n<figure class=\"wp-block-image size-large\"><img decoding=\"async\" width=\"1295\" height=\"596\" src=\"https:\/\/marmarayerelhizmet.com\/wp-content\/uploads\/2021\/01\/neeee.jpg\" alt=\"\" class=\"wp-image-3916\" srcset=\"https:\/\/marmarayerelhizmet.com\/wp-content\/uploads\/2021\/01\/neeee.jpg 1295w, https:\/\/marmarayerelhizmet.com\/wp-content\/uploads\/2021\/01\/neeee-300x138.jpg 300w, https:\/\/marmarayerelhizmet.com\/wp-content\/uploads\/2021\/01\/neeee-1024x471.jpg 1024w, https:\/\/marmarayerelhizmet.com\/wp-content\/uploads\/2021\/01\/neeee-768x353.jpg 768w\" sizes=\"(max-width: 1295px) 100vw, 1295px\" \/><figcaption><\/figcaption><\/figure>\n\n\n\n<p><strong>ALTIEYL\u00dcL GELECE\u011eE NEFES OLUYOR<\/strong><\/p>\n\n\n\n<p>Alt\u0131eyl\u00fcl\u2019\u00fcn ye\u015file ve do\u011faya olan sevgisi ile \u00f6ne \u00e7\u0131kan Ba\u015fkan\u0131 Hasan Avc\u0131, Fahri Kiraz Mesleki ve Teknik Anadolu Lisesi bah\u00e7esine dikilen fidanlarla gelecek nesillere do\u011fa bilincinin a\u015f\u0131lanmas\u0131nda \u00f6n ayak oldu. \u2018K\u0131yametin kopaca\u011f\u0131n\u0131 g\u00f6rseniz, f\u0131rsat\u0131n\u0131z varsa a\u011fa\u00e7 dikin\u2019 Hadis-i \u015eerifi ile hareket ettiklerini ve gen\u00e7lere daha ye\u015fil bir d\u00fcnyay\u0131 miras b\u0131rakmak istediklerini s\u00f6yleyen Ba\u015fkan Avc\u0131 \u201cBen \u00f6zellikle hem \u0130l\u00e7e Milli E\u011fitim M\u00fcd\u00fcr\u00fcm\u00fcz\u00fc hem de okul m\u00fcd\u00fcr\u00fcm\u00fcz\u00fc ayr\u0131 ayr\u0131 tebrik ediyorum.&nbsp; Gelece\u011fe bir nefes olabilmek i\u00e7in, \u2018Bah\u00e7emizi Ye\u015fillendiriyoruz\u2019 kapsam\u0131nda, Valili\u011fimizin y\u00f6nlendirmesi ve Orman M\u00fcd\u00fcrl\u00fc\u011f\u00fcm\u00fcz\u00fcn de verdi\u011fi fidanlarla burada fidan dikimi ger\u00e7ekle\u015ftirdik.&nbsp; Bir taraftan okullar\u0131m\u0131zda pandemi kapsam\u0131nda \u00f6\u011frencilerimiz; \u00e7ocuklar\u0131m\u0131z yok. Di\u011fer taraftan da g\u00f6rd\u00fc\u011f\u00fcn\u00fcz gibi kurumlar\u0131m\u0131z, \u00f6\u011fretmenlerimiz ve m\u00fcd\u00fcrlerimiz bo\u015f durmuyorlar. Burada \u00e7ocuklar\u0131m\u0131z\u0131n ve gelece\u011fimizin daha g\u00fczel olabilmesi i\u00e7in; yar\u0131nlar\u0131m\u0131za daha iyi nefes olabilmesi i\u00e7in a\u011fa\u00e7 dikimi ger\u00e7ekle\u015ftiriliyor. \u00c2lemlere rahmet olarak g\u00f6nderilmi\u015f sevgili Peygamberimiz \u2018K\u0131yametin kopaca\u011f\u0131n\u0131 g\u00f6rseniz, f\u0131rsat\u0131n\u0131z varsa a\u011fa\u00e7 dikin\u2019 buyuruyor. Bug\u00fcn burada g\u00fczel Peygamberimizin g\u00fczel Hadis-i \u015eerifini de yerine getirmenin mutlulu\u011funu ya\u015f\u0131yoruz\u201d dedi.<\/p>\n\n\n\n<p><strong>BAH\u00c7EM\u0130Z\u0130 YE\u015e\u0130LLEND\u0130R\u0130YORUZ<\/strong><\/p>\n\n\n\n<p>Bal\u0131kesir Valili\u011fi\u2019nin B\u0130GEM(Ba\u015far\u0131y\u0131 \u0130zleme ve Geli\u015ftirme Projesi) kapsam\u0131nda \u201cBah\u00e7emizi Ye\u015fillendiriyoruz\u201d projesi ile Fahri Kiraz Mesleki ve Teknik Anadolu Lisesi bah\u00e7esine 300 adet fidan dikimi ger\u00e7ekle\u015ftirdiklerini s\u00f6yleyen Okul M\u00fcd\u00fcr\u00fc Ahmet \u0130lhan \u201cBelediyemizden destek istedik. Allah raz\u0131 olsun, Belediye Ba\u015fkan\u0131m\u0131z da te\u015frif ettiler; \u00e7ok te\u015fekk\u00fcr ediyoruz. Fidanlar\u0131m\u0131z\u0131 toprakla bulu\u015fturduk; ayn\u0131 zamanda gelece\u011fe bir nefes olduk\u201d \u015feklinde konu\u015ftu. Dikilen a\u011fa\u00e7lar\u0131n g\u00f6lgesinde \u00f6\u011frencilerin yeti\u015fece\u011fini, b\u00fcy\u00fcyece\u011fini, ye\u015fili ve do\u011fay\u0131 sevece\u011fini dile getiren Alt\u0131eyl\u00fcl Milli E\u011fitim M\u00fcd\u00fcr\u00fc \u00c7etin Keren \u201cYa\u015fland\u0131\u011f\u0131nda g\u00f6lgesinde oturmak istiyorsan, a\u011fa\u00e7 ek diyorlar. Arkada\u015flar\u0131m\u0131z da burada \u00e7ok g\u00fczel a\u011fa\u00e7lar ektiler. Bu vesileyle hem Alt\u0131eyl\u00fcl Belediye Ba\u015fkan\u0131m\u0131za hem de okul m\u00fcd\u00fcr\u00fcm\u00fcze \u015fahs\u0131m ve kurumum ad\u0131na \u00e7ok te\u015fekk\u00fcr ediyorum\u201d dedi.<\/p>\n","protected":false},"excerpt":{"rendered":"<p>Alt\u0131eyl\u00fcl Belediye Ba\u015fkan\u0131 Hasan Avc\u0131, Fahri Kiraz Mesleki ve Teknik Anadolu Lisesi bah\u00e7esinde d\u00fczenlenen etkinlikte okul bah\u00e7esine fidan dikerek anlaml\u0131<\/p>\n","protected":false},"author":2,"featured_media":3917,"comment_status":"closed","ping_status":"open","sticky":false,"template":"","format":"standard","meta":{"colormag_page_container_layout":"default_layout","colormag_page_sidebar_layout":"default_layout","footnotes":""},"categories":[],"tags":[],"class_list":["post-3915","post","type-post","status-publish","format-standard","has-post-thumbnail","hentry"],"_links":{"self":[{"href":"https:\/\/marmarayerelhizmet.com\/index.php\/wp-json\/wp\/v2\/posts\/3915","targetHints":{"allow":["GET"]}}],"collection":[{"href":"https:\/\/marmarayerelhizmet.com\/index.php\/wp-json\/wp\/v2\/posts"}],"about":[{"href":"https:\/\/marmarayerelhizmet.com\/index.php\/wp-json\/wp\/v2\/types\/post"}],"author":[{"embeddable":true,"href":"https:\/\/marmarayerelhizmet.com\/index.php\/wp-json\/wp\/v2\/users\/2"}],"replies":[{"embeddable":true,"href":"https:\/\/marmarayerelhizmet.com\/index.php\/wp-json\/wp\/v2\/comments?post=3915"}],"version-history":[{"count":0,"href":"https:\/\/marmarayerelhizmet.com\/index.php\/wp-json\/wp\/v2\/posts\/3915\/revisions"}],"wp:featuredmedia":[{"embeddable":true,"href":"https:\/\/marmarayerelhizmet.com\/index.php\/wp-json\/wp\/v2\/media\/3917"}],"wp:attachment":[{"href":"https:\/\/marmarayerelhizmet.com\/index.php\/wp-json\/wp\/v2\/media?parent=3915"}],"wp:term":[{"taxonomy":"category","embeddable":true,"href":"https:\/\/marmarayerelhizmet.com\/index.php\/wp-json\/wp\/v2\/categories?post=3915"},{"taxonomy":"post_tag","embeddable":true,"href":"https:\/\/marmarayerelhizmet.com\/index.php\/wp-json\/wp\/v2\/tags?post=3915"}],"curies":[{"name":"wp","href":"https:\/\/api.w.org\/{rel}","templated":true}]}}