{"id":28996,"date":"2025-10-21T18:02:49","date_gmt":"2025-10-21T15:02:49","guid":{"rendered":"https:\/\/marmarayerelhizmet.com\/?p=28996"},"modified":"2025-10-23T18:05:10","modified_gmt":"2025-10-23T15:05:10","slug":"35-yillik-tapu-sorunu-cozuldu","status":"publish","type":"post","link":"https:\/\/marmarayerelhizmet.com\/index.php\/2025\/10\/21\/35-yillik-tapu-sorunu-cozuldu\/","title":{"rendered":"35 Y\u0131ll\u0131k Tapu Sorunu \u00c7\u00f6z\u00fcld\u00fc"},"content":{"rendered":"<p><span style=\"font-family: arial, helvetica, sans-serif; font-size: 14px;\"><strong>Alt\u0131eyl\u00fcl il\u00e7esine ba\u011fl\u0131 Ta\u015fk\u00f6y Mahallesi\u2019nde 35 y\u0131ld\u0131r \u00e7\u00f6z\u00fclemeyen ve adeta kangrene d\u00f6nen tapu sorunu, Alt\u0131eyl\u00fcl Belediye Ba\u015fkan\u0131 Hakan \u015eehirli\u2019nin giri\u015fimleriyle \u00e7\u00f6z\u00fcme kavu\u015ftu.<\/strong><\/p>\n<p>1980\u2019li y\u0131llar\u0131n sonundan bu yana k\u0131rsal mahalle i\u00e7inde kalan tarlalar\u0131nda m\u00fclkiyet haklar\u0131 belirsiz \u015fekilde ekim yapan Ta\u015fk\u00f6y sakinleri, sonunda resmi tapular\u0131na kavu\u015fman\u0131n sevincini ya\u015fad\u0131. Sorunun \u00e7\u00f6z\u00fcm\u00fc i\u00e7in b\u00fcy\u00fck \u00e7aba harcayan Ba\u015fkan Hakan \u015eehirli, d\u00fczenlenen t\u00f6rende tapular\u0131 bizzat vatanda\u015flara teslim etti.<\/span><\/p>\n<p><strong><span style=\"font-family: arial, helvetica, sans-serif; font-size: 14px;\">\u201cBa\u015fkan Hakan \u015eehirli Ne\u015fteri Vurdu&#8221;<br \/>\n<\/span><\/strong><span style=\"font-family: arial, helvetica, sans-serif; font-size: 14px;\">Ta\u015fk\u00f6y K\u0131rsal Mahallesinde 35 y\u0131l\u0131 a\u015fk\u0131n s\u00fcredir devam eden ve b\u00f6lge halk\u0131 i\u00e7in b\u00fcy\u00fck ma\u011fduriyet yaratan tapu sorunu \u00e7\u00f6z\u00fcme kavu\u015ftu. 1980\u2019li y\u0131llar\u0131n sonlar\u0131nda ba\u015flayan ve o g\u00fcnden bu yana adeta kronik bir sorun haline gelen m\u00fclkiyet belirsizli\u011fi, Alt\u0131eyl\u00fcl Belediye Ba\u015fkan\u0131 Hakan \u015eehirli\u2019nin yo\u011fun giri\u015fimleri sonucunda sona erdi. Y\u0131llard\u0131r m\u00fclkiyet haklar\u0131 netle\u015fmedi\u011fi i\u00e7in bir\u00e7ok hizmetten tam anlam\u0131yla faydalanamayan yat\u0131r\u0131m yapmaktan \u00e7ekinen Ta\u015fk\u00f6y sakinleri, tapular\u0131na kavu\u015fman\u0131n mutlulu\u011funu ya\u015fad\u0131. Tapu sorununun \u00e7\u00f6z\u00fclmesiyle birlikte b\u00f6lge halk\u0131 hukuki g\u00fcvenceye kavu\u015ftu.<\/span><\/p>\n<p><strong><span style=\"font-family: arial, helvetica, sans-serif; font-size: 14px;\">\u201cVatanda\u015f\u0131m\u0131z\u0131n Hakk\u0131n\u0131 Teslim Etmek G\u00f6revimiz&#8221;<br \/>\n<\/span><\/strong><span style=\"font-family: arial, helvetica, sans-serif; font-size: 14px;\">G\u00f6reve geldikleri g\u00fcnden itibaren Ta\u015fk\u00f6y\u2019de ya\u015fanan tapu sorunu i\u00e7in d\u00fc\u011fmeye bast\u0131klar\u0131n\u0131 belirten Alt\u0131eyl\u00fcl Belediye Ba\u015fkan\u0131 Hakan \u015eehirli, tapu sorununun \u00e7\u00f6z\u00fcm s\u00fcrecini anlatt\u0131. Alt\u0131eyl\u00fcl Belediye Ba\u015fkan\u0131 Hakan \u015eehirli \u201cY\u0131llard\u0131r s\u00fcregelen bu sorunu \u00e7\u00f6zmek bizim i\u00e7in sadece bir g\u00f6rev de\u011fil, ayn\u0131 zamanda bir sorumluluktu. Ta\u015fk\u00f6y K\u0131rsal Mahallemizde ya\u015fayan vatanda\u015flar\u0131m\u0131z 35 y\u0131ld\u0131r tarlalar\u0131nda m\u00fclkiyet haklar\u0131 olmadan \u00fcretim yap\u0131yordu. Hukuki s\u00fcre\u00e7ler, d\u00fczenlemeler ve teknik \u00e7al\u0131\u015fmalar\u0131n ard\u0131ndan, ekip arkada\u015flar\u0131m\u0131zla birlikte b\u00fcy\u00fck bir emek vererek bu sorunu \u00e7\u00f6z\u00fcme kavu\u015fturduk. Bug\u00fcn burada vatanda\u015flar\u0131m\u0131z\u0131n y\u00fcz\u00fcndeki sevinci g\u00f6rmek her \u015feye de\u011fer. Art\u0131k herkes g\u00f6n\u00fcl rahatl\u0131\u011f\u0131yla \u2018buras\u0131 benim\u2019 diyebilecek. Biz Alt\u0131eyl\u00fcl Belediyesi olarak, vatanda\u015f\u0131m\u0131z\u0131n yan\u0131nda olmay\u0131, sorunlara kal\u0131c\u0131 \u00e7\u00f6z\u00fcmler \u00fcretmeyi s\u00fcrd\u00fcrece\u011fiz.\u201d diye konu\u015ftu.<\/span><\/p>\n<p><strong><span style=\"font-family: arial, helvetica, sans-serif; font-size: 14px;\">\u201cMuhtar Tekin: \u201cBa\u015fkan\u0131m\u0131z Olmasayd\u0131 Bu Sorun Y\u0131llarca S\u00fcrerdi\u201d<br \/>\n<\/span><\/strong><span style=\"font-family: arial, helvetica, sans-serif; font-size: 14px;\">Ta\u015fk\u00f6y Mahalle Muhtar\u0131 Vedat Tekin, konu\u015fmas\u0131nda Ba\u015fkan \u015eehirli\u2019ye te\u015fekk\u00fcr ederek, \u00e7\u00f6z\u00fcm s\u00fcreci hakk\u0131nda bilgi verdi: \u201cBu sorun tam 35 y\u0131ld\u0131r devam ediyordu. Biz bu i\u015fi \u00e7\u00f6zd\u00fcrecek bir muhatap bulam\u0131yorduk. Ba\u015fkan\u0131m\u0131z Hakan \u015eehirli g\u00f6reve geldi\u011finden beri defalarca bizimle g\u00f6r\u00fc\u015ft\u00fc, bizzat arazileri inceledi, teknik ekipleri g\u00f6nderdi. Tapu kadastro, imar ve di\u011fer t\u00fcm b\u00fcrokratik i\u015flemleri yak\u0131ndan takip etti. A\u00e7\u0131k s\u00f6ylemek gerekirse, Ba\u015fkan\u0131m\u0131z Hakan \u015eehirli olmasayd\u0131 bu i\u015f daha y\u0131llarca s\u00fcrerdi. Kendisine mahallem ad\u0131na te\u015fekk\u00fcr ediyorum.\u201d dedi.<\/span><\/p>\n<p><strong><span style=\"font-family: arial, helvetica, sans-serif; font-size: 14px;\">\u201cTa\u015fk\u00f6y\u2019de Y\u00fczler G\u00fcl\u00fcyor\u201d<br \/>\n<\/span><\/strong><span style=\"font-family: arial, helvetica, sans-serif; font-size: 14px;\">T\u00f6rende tapular\u0131n\u0131 teslim alan vatanda\u015flar, ya\u015fad\u0131klar\u0131 mutlulu\u011fu dile getirdiler. Ta\u015fk\u00f6y sakinleri, \u201cY\u0131llard\u0131r burada ya\u015f\u0131yoruz, \u00e7ocuklar\u0131m\u0131z\u0131 burada b\u00fcy\u00fctt\u00fck ama hep i\u00e7imizde bir belirsizlik vard\u0131. Tapumuz yoktu. Art\u0131k i\u00e7imiz rahat. Ba\u015fkan\u0131m\u0131zdan Allah raz\u0131 olsun, \u00e7ok u\u011fra\u015ft\u0131, \u00e7ok emek verdi. Kendilerine mahallemiz ad\u0131na te\u015fekk\u00fcr ediyoruz\u201d dediler<\/span><br \/>\n<span style=\"font-family: arial, helvetica, sans-serif; font-size: 14px;\">Tapu teslim t\u00f6reninde Alt\u0131eyl\u00fcl Belediye Ba\u015fkan\u0131 Hakan \u015eehirli, Belediye Ba\u015fkan Yard\u0131mc\u0131lar\u0131 Do\u011fa\u00e7 Arabac\u0131 ve Baha Torun hak sahiplerine tapular\u0131n\u0131 vererek hat\u0131ra foto\u011fraf\u0131 \u00e7ektirdi.<\/span><\/p>\n<p>&nbsp;<\/p>\n","protected":false},"excerpt":{"rendered":"<p>Alt\u0131eyl\u00fcl il\u00e7esine ba\u011fl\u0131 Ta\u015fk\u00f6y Mahallesi\u2019nde 35 y\u0131ld\u0131r \u00e7\u00f6z\u00fclemeyen ve adeta kangrene d\u00f6nen tapu sorunu, Alt\u0131eyl\u00fcl Belediye Ba\u015fkan\u0131 Hakan \u015eehirli\u2019nin giri\u015fimleriyle<\/p>\n","protected":false},"author":3,"featured_media":28997,"comment_status":"open","ping_status":"closed","sticky":false,"template":"","format":"standard","meta":{"colormag_page_container_layout":"default_layout","colormag_page_sidebar_layout":"default_layout","footnotes":""},"categories":[1,5,8],"tags":[],"class_list":["post-28996","post","type-post","status-publish","format-standard","has-post-thumbnail","hentry","category-genel","category-gundem","category-siyaset"],"_links":{"self":[{"href":"https:\/\/marmarayerelhizmet.com\/index.php\/wp-json\/wp\/v2\/posts\/28996","targetHints":{"allow":["GET"]}}],"collection":[{"href":"https:\/\/marmarayerelhizmet.com\/index.php\/wp-json\/wp\/v2\/posts"}],"about":[{"href":"https:\/\/marmarayerelhizmet.com\/index.php\/wp-json\/wp\/v2\/types\/post"}],"author":[{"embeddable":true,"href":"https:\/\/marmarayerelhizmet.com\/index.php\/wp-json\/wp\/v2\/users\/3"}],"replies":[{"embeddable":true,"href":"https:\/\/marmarayerelhizmet.com\/index.php\/wp-json\/wp\/v2\/comments?post=28996"}],"version-history":[{"count":0,"href":"https:\/\/marmarayerelhizmet.com\/index.php\/wp-json\/wp\/v2\/posts\/28996\/revisions"}],"wp:featuredmedia":[{"embeddable":true,"href":"https:\/\/marmarayerelhizmet.com\/index.php\/wp-json\/wp\/v2\/media\/28997"}],"wp:attachment":[{"href":"https:\/\/marmarayerelhizmet.com\/index.php\/wp-json\/wp\/v2\/media?parent=28996"}],"wp:term":[{"taxonomy":"category","embeddable":true,"href":"https:\/\/marmarayerelhizmet.com\/index.php\/wp-json\/wp\/v2\/categories?post=28996"},{"taxonomy":"post_tag","embeddable":true,"href":"https:\/\/marmarayerelhizmet.com\/index.php\/wp-json\/wp\/v2\/tags?post=28996"}],"curies":[{"name":"wp","href":"https:\/\/api.w.org\/{rel}","templated":true}]}}