{"id":28991,"date":"2025-10-20T21:57:44","date_gmt":"2025-10-20T18:57:44","guid":{"rendered":"https:\/\/marmarayerelhizmet.com\/?p=28991"},"modified":"2025-10-21T21:59:26","modified_gmt":"2025-10-21T18:59:26","slug":"kitap-fuarina-ziyaretci-akini","status":"publish","type":"post","link":"https:\/\/marmarayerelhizmet.com\/index.php\/2025\/10\/20\/kitap-fuarina-ziyaretci-akini\/","title":{"rendered":"Kitap Fuar\u0131\u2019na Ziyaret\u00e7i Ak\u0131n\u0131"},"content":{"rendered":"<p><strong><span style=\"font-family: arial, helvetica, sans-serif; font-size: 14px;\">1. Bal\u0131kesir Kitap Fuar\u0131, \u00fc\u00e7\u00fcnc\u00fc g\u00fcn\u00fcnde de birbirinden k\u0131ymetli yazarlarla ve binbir \u00e7e\u015fit kitapla okuyucular\u0131n\u0131 bulu\u015fturmaya devam etti. \u0130lk \u00fc\u00e7 g\u00fcnde 50 bin ki\u015finin ziyaret etti\u011fi fuar, 26 Ekim Pazar g\u00fcn\u00fcne kadar a\u00e7\u0131k kalacak. Fuar\u0131n her g\u00fcn\u00fc dolu dolu s\u00f6yle\u015filer ve imza g\u00fcnleriyle s\u00fcr\u00fcyor.<\/span><\/strong><\/p>\n<p><span style=\"font-family: arial, helvetica, sans-serif; font-size: 14px;\">\u0130lk \u00fc\u00e7 g\u00fcnde 50 bin ki\u015fiyi a\u011f\u0131rlayan 1.Bal\u0131kesir Kitap Fuar\u0131, vatanda\u015flar\u0131n yo\u011fun ilgisiyle devam ediyor. Bal\u0131kesir B\u00fcy\u00fck\u015fehir Belediye Ba\u015fkan\u0131 Ahmet Ak\u0131n\u2019\u0131n \u201cBal\u0131kesir Aileme arma\u011fan ediyorum.\u201d diyerek a\u00e7\u0131l\u0131\u015f\u0131n\u0131 yapt\u0131\u011f\u0131 fuarda, birbirinden de\u011ferli yazarlar ile binbir \u00e7e\u015fit kitap, 26 Ekim Pazar g\u00fcn\u00fcne kadar okurlar\u0131yla bulu\u015facak. Bal\u0131kesir B\u00fcy\u00fck\u015fehir Belediye Ba\u015fkan\u0131 Ahmet Ak\u0131n, T\u00fcrkiye B\u00fcy\u00fck Millet Meclisi eski ba\u015fkanvekili ve ayn\u0131 zamanda merhum gazeteci U\u011fur Mumcu\u2019nun e\u015fi G\u00fcldal Mumcu ile Belgesel Y\u00f6netmeni, Gazeteci ve Yazar Nebil \u00d6zgent\u00fcrk konuk oldu\u011fu, \u00f6zel bir televizyon kanal\u0131ndan canl\u0131 olarak yay\u0131nlanan \u201cSerhan Asker ile G\u00f6rkemli Hat\u0131ralar\u201d program\u0131 ile \u00fc\u00e7\u00fcnc\u00fc g\u00fcne merhaba diyen fuar, ak\u015fam saatlerine kadar temposunu yitirmedi.<\/span><\/p>\n<p><strong><span style=\"font-family: arial, helvetica, sans-serif; font-size: 14px;\">F\u0130\u015e\u0130N\u0130 GET\u0130R KAHVEN\u0130 G\u00d6T\u00dcR<br \/>\n<\/span><\/strong><span style=\"font-family: arial, helvetica, sans-serif; font-size: 14px;\">G\u00fcn boyunca devam eden imza g\u00fcn\u00fc ve s\u00f6yle\u015filere vatanda\u015flar b\u00fcy\u00fck ilgi g\u00f6sterdi. Fuar\u0131n ilk \u00fc\u00e7 g\u00fcn\u00fc i\u00e7in ge\u00e7erli olan kitap alan vatanda\u015flara fi\u015flerini g\u00f6stermeleri kar\u015f\u0131l\u0131\u011f\u0131nda OnOn Mini\u2019den \u00fccretsiz kahve uygulamas\u0131n\u0131 vatanda\u015flar\u0131n yo\u011fun istedi\u011fi \u00fczerine son g\u00fcne kadar uzatan Bal\u0131kesir B\u00fcy\u00fck\u015fehir Belediye Ba\u015fkan\u0131 Ahmet Ak\u0131n, hem\u015fehrilerinin fuara g\u00f6sterdi\u011fi ilgiden dolay\u0131 te\u015fekk\u00fcr etti.<\/span><\/p>\n<p><strong><span style=\"font-family: arial, helvetica, sans-serif; font-size: 14px;\">\u0130MZA G\u00dcNLER\u0130NDE UZUN KUYRUKLAR OLU\u015eTU<br \/>\n<\/span><\/strong><span style=\"font-family: arial, helvetica, sans-serif; font-size: 14px;\">Ali\u015fan Kapakl\u0131kaya, Alper Ak\u00e7am, Asl\u0131 Arslan, Aycan Sar\u0131ahmet, Aylin Torun, Ay\u015fe Kayacan, Aytun\u00e7 Erkin, Banu Avar, Binnur \u015eafak Nigiz, Burcu Adsay, Cihat Yayc\u0131, D.N. Archeron, Emine Tavuz, Emre G\u00fcl, Fatma Ya\u015far, Gonca \u00c7ak\u0131r, G\u00f6k\u00e7en Ko\u00e7an, G\u00f6n\u00fcl \u00dcnver, \u0130lkg\u00fcn Demir, Murat A\u011f\u0131rel, Naim Bab\u00fcro\u011flu, Nermin Ka\u015f\u00e7\u0131, Nil\u00fcfer A\u00e7\u0131kal\u0131n, Oktay Ferik, \u00d6zg\u00fcn \u00d6zen, Serhan Asker, Sinan Meydan, \u015eener Altun, \u015eule Avlanmaz, Tar\u0131k Tufan, Y\u00fcksel I\u015f\u0131k, Zeynep \u00d6z\u00fcgen\u00e7 okuyucular\u0131yla imza g\u00fcn\u00fcnde bulu\u015ftu. Vatanda\u015flar, yazarlara kitaplar\u0131n\u0131 imzalatmak i\u00e7in uzun kuyruklar olu\u015fturdu.<\/span><\/p>\n<p><strong><span style=\"font-family: arial, helvetica, sans-serif; font-size: 14px;\">S\u00d6YLE\u015e\u0130LERE B\u00dcY\u00dcK \u0130LG\u0130<br \/>\n<\/span><\/strong><span style=\"font-family: arial, helvetica, sans-serif; font-size: 14px;\">\u0130mza g\u00fcnlerinin yan\u0131 s\u0131ra ger\u00e7ekle\u015ftirilen s\u00f6yle\u015filerde vatanda\u015flar\u0131n ilgisiyle kar\u015f\u0131land\u0131. S\u00f6yle\u015filerde; Alper Ak\u00e7am, Cihat Yayc\u0131, Sinan Meydan, Aytun\u00e7 Erkin, Murat A\u011f\u0131rel, Banu Avar, Naim Bab\u00fcro\u011flu da okurlar\u0131yla bulu\u015ftu. G\u00fcn sonunda \u0130zmir Klarinet Kuartet Klasik M\u00fczik Konserine de vatanda\u015flar b\u00fcy\u00fck ilgi g\u00f6sterdi.<\/span><\/p>\n<p><strong><span style=\"font-family: arial, helvetica, sans-serif; font-size: 14px;\">VATANDA\u015eLAR FUARDAN MEMNUN<br \/>\n<\/span><\/strong><span style=\"font-family: arial, helvetica, sans-serif; font-size: 14px;\">Kitap Fuar\u0131\u2019n\u0131 \u00e7ok g\u00fczel buldu\u011funu ve sevdi\u011fi bir\u00e7ok yazar\u0131n fuarda yer almas\u0131ndan dolay\u0131 duydu\u011fu memnuniyeti dile getiren Ya\u011fmur \u00d6nder \u201cD\u00fcn gece heyecandan uyuyamad\u0131m. Buraya da h\u0131zl\u0131 geldim. Sevdi\u011fim yazarlara kitab\u0131m\u0131 imzalatt\u0131\u011f\u0131m i\u00e7in \u00e7ok mutluyum. Bizleri d\u00fc\u015f\u00fcnerek bu fuar\u0131 d\u00fczenleyen Bal\u0131kesir B\u00fcy\u00fck\u015fehir Belediye Ba\u015fkan\u0131m\u0131za te\u015fekk\u00fcr ederim.\u201d dedi. Bal\u0131kesir\u2019de b\u00f6yle bir kitap fuar\u0131n\u0131n a\u00e7\u0131lmas\u0131ndan dolay\u0131 gurur duydu\u011funu s\u00f6yleyen Eflin \u00d6nder, \u201cBal\u0131kesir B\u00fcy\u00fck\u015fehir Belediye Ba\u015fkan\u0131m\u0131z Ahmet Ak\u0131n\u2019a \u00e7ok te\u015fekk\u00fcr ediyoruz.\u201c<br \/>\n<\/span><span style=\"font-family: arial, helvetica, sans-serif; font-size: 14px;\">Kitapseverler i\u00e7in \u00e7ok g\u00fczel bir fuar oldu\u011funu ifade eden \u015eule Yaman\u00e7 \u201cFuar\u0131n a\u00e7\u0131laca\u011f\u0131n\u0131 duydu\u011fumda \u00e7ok heyecanland\u0131m. \u015eimdi buraday\u0131m, ald\u0131\u011f\u0131m kitaplar\u0131 imzalat\u0131yorum. Ortam \u00e7ok g\u00fczel. Eme\u011fi ge\u00e7en herkese te\u015fekk\u00fcr ederim.\u201d dedi. 1. Bal\u0131kesir Kitap Fuar\u0131n\u0131 \u00e7ok be\u011fendi\u011fini s\u00f6yleyen Ceren Arslan, fuar\u0131 d\u00fczenleyen Bal\u0131kesir B\u00fcy\u00fck\u015fehir Belediye Ba\u015fkan\u0131 Ahmet Ak\u0131n\u2019a te\u015fekk\u00fcr ederek; \u201cSevdi\u011fim bir\u00e7ok \u00fcnl\u00fc yazarla bir araya gelme f\u0131rsat\u0131 buldum. Fuar \u00e7ok kalabal\u0131k, her \u015fey \u00e7ok g\u00fczel.\u201d dedi.<\/span><\/p>\n<div class=\"row\">\n<div id=\"\" class=\"col-lg-3 col-md-4 col-sm-12 p-1\"><\/div>\n<\/div>\n","protected":false},"excerpt":{"rendered":"<p>1. Bal\u0131kesir Kitap Fuar\u0131, \u00fc\u00e7\u00fcnc\u00fc g\u00fcn\u00fcnde de birbirinden k\u0131ymetli yazarlarla ve binbir \u00e7e\u015fit kitapla okuyucular\u0131n\u0131 bulu\u015fturmaya devam etti. \u0130lk \u00fc\u00e7<\/p>\n","protected":false},"author":3,"featured_media":28992,"comment_status":"open","ping_status":"closed","sticky":false,"template":"","format":"standard","meta":{"colormag_page_container_layout":"default_layout","colormag_page_sidebar_layout":"default_layout","footnotes":""},"categories":[1,5,6,8],"tags":[],"class_list":["post-28991","post","type-post","status-publish","format-standard","has-post-thumbnail","hentry","category-genel","category-gundem","category-kultur-sanat","category-siyaset"],"_links":{"self":[{"href":"https:\/\/marmarayerelhizmet.com\/index.php\/wp-json\/wp\/v2\/posts\/28991","targetHints":{"allow":["GET"]}}],"collection":[{"href":"https:\/\/marmarayerelhizmet.com\/index.php\/wp-json\/wp\/v2\/posts"}],"about":[{"href":"https:\/\/marmarayerelhizmet.com\/index.php\/wp-json\/wp\/v2\/types\/post"}],"author":[{"embeddable":true,"href":"https:\/\/marmarayerelhizmet.com\/index.php\/wp-json\/wp\/v2\/users\/3"}],"replies":[{"embeddable":true,"href":"https:\/\/marmarayerelhizmet.com\/index.php\/wp-json\/wp\/v2\/comments?post=28991"}],"version-history":[{"count":0,"href":"https:\/\/marmarayerelhizmet.com\/index.php\/wp-json\/wp\/v2\/posts\/28991\/revisions"}],"wp:featuredmedia":[{"embeddable":true,"href":"https:\/\/marmarayerelhizmet.com\/index.php\/wp-json\/wp\/v2\/media\/28992"}],"wp:attachment":[{"href":"https:\/\/marmarayerelhizmet.com\/index.php\/wp-json\/wp\/v2\/media?parent=28991"}],"wp:term":[{"taxonomy":"category","embeddable":true,"href":"https:\/\/marmarayerelhizmet.com\/index.php\/wp-json\/wp\/v2\/categories?post=28991"},{"taxonomy":"post_tag","embeddable":true,"href":"https:\/\/marmarayerelhizmet.com\/index.php\/wp-json\/wp\/v2\/tags?post=28991"}],"curies":[{"name":"wp","href":"https:\/\/api.w.org\/{rel}","templated":true}]}}