{"id":28989,"date":"2025-10-18T00:00:47","date_gmt":"2025-10-17T21:00:47","guid":{"rendered":"https:\/\/marmarayerelhizmet.com\/?p=28989"},"modified":"2025-10-17T23:06:12","modified_gmt":"2025-10-17T20:06:12","slug":"balikesir-avrupa-hareketlilik-haftasi-uluslararasi-odulune-aday","status":"publish","type":"post","link":"https:\/\/marmarayerelhizmet.com\/index.php\/2025\/10\/18\/balikesir-avrupa-hareketlilik-haftasi-uluslararasi-odulune-aday\/","title":{"rendered":"Bal\u0131kesir, Avrupa Hareketlilik Haftas\u0131 Uluslararas\u0131 \u00d6d\u00fcl\u00fc\u2019ne Aday"},"content":{"rendered":"<p><strong><span style=\"font-family: arial, helvetica, sans-serif; font-size: 14px;\">Bal\u0131kesir B\u00fcy\u00fck\u015fehir Belediyesi, s\u00fcrd\u00fcr\u00fclebilir ula\u015f\u0131m politikalar\u0131 ve \u00e7evre dostu \u015fehircilik vizyonu do\u011frultusunda d\u00fczenlenen \u201cAvrupa Hareketlilik Haftas\u0131 (AHH) 2025\u201d etkinliklerinde aktif rol alarak uluslararas\u0131 alanda dikkat \u00e7ekti.B\u00fcy\u00fck\u015fehir Belediyesi,\u00a0 hafta kapsam\u0131nda etkinlikler d\u00fczenleyen, kal\u0131c\u0131 tedbirler uygulayan ve \u201cArabas\u0131z G\u00fcn Etkinli\u011fi\u201d ger\u00e7ekle\u015ftiren uygulamalar\u0131yla \u201cAHH Uluslararas\u0131 \u00d6d\u00fcl\u00fc\u201dne ba\u015fvuru hakk\u0131 kazand\u0131.<\/span><\/strong><\/p>\n<p><span style=\"font-family: arial, helvetica, sans-serif; font-size: 14px;\">\u015eehirleri ve yerel y\u00f6netimleri s\u00fcrd\u00fcr\u00fclebilir ula\u015f\u0131m tedbirleri almaya ve desteklemeye te\u015fvik etmek amac\u0131yla her y\u0131l 16-22 Eyl\u00fcl tarihleri aras\u0131nda d\u00fcnya \u00e7ap\u0131nda kutlanan Avrupa Hareketlilik Haftas\u0131\u2019nda etkinlikler d\u00fczenleyen, kal\u0131c\u0131 tedbirler uygulayan ve \u201cArabas\u0131z G\u00fcn Etkinli\u011fi\u201d ger\u00e7ekle\u015ftiren Bal\u0131kesir B\u00fcy\u00fck\u015fehir Belediyesi, \u00f6nemli bir ba\u015far\u0131n\u0131n alt\u0131na imza att\u0131.\u00a0 T\u00fcrkiye\u2019den 164 il ve il\u00e7enin kat\u0131ld\u0131\u011f\u0131 Avrupa Hareketlilik Haftas\u0131\u2019nda \u00fc\u00e7 kategoride birden faaliyet g\u00f6steren Bal\u0131kesir B\u00fcy\u00fck\u015fehir Belediyesi,\u00a0 AHH Uluslararas\u0131 \u00d6d\u00fcl\u00fc\u2019ne ba\u015fvuru hakk\u0131 kazand\u0131. Dezavantajl\u0131 gruplar \u00f6ncelikli olarak fark\u0131ndal\u0131k at\u00f6lye \u00e7al\u0131\u015fmalar\u0131, d\u00fc\u015f\u00fck emisyonlu b\u00f6lgelerin \u00f6nemi \u00fczerinde duruldu. \u00c7evre dostu ve s\u00fcrd\u00fcr\u00fclebilir kentsel hareketlili\u011fi geli\u015ftirecek projelere imza atan Bal\u0131kesir B\u00fcy\u00fck\u015fehir Belediyesi,\u00a0 Avrupa Komisyonu taraf\u0131ndan koordine edilen Avrupa Hareketlilik Haftas\u0131\u2019n\u0131n \u201cAHH Uluslararas\u0131 \u00d6d\u00fcl\u00fc\u201dne ba\u015fvuru yapma hakk\u0131 kazanan \u015fehirler aras\u0131nda yer ald\u0131. T\u00fcrkiye\u2019den, Bal\u0131kesir B\u00fcy\u00fck\u015fehir Belediyesi ile birlikte 24 belediye ba\u015fvuru yapacak. \u00d6d\u00fcl t\u00f6reni, 2026 y\u0131l\u0131n\u0131n ilk \u00e7eyre\u011finde Bel\u00e7ika\u2019da d\u00fczenlenecek.<\/span><\/p>\n<p><span style=\"font-family: arial, helvetica, sans-serif; font-size: 14px;\"><strong>\u201cGURUR VER\u0130C\u0130\u201d<br \/>\n<\/strong><\/span><span style=\"font-family: arial, helvetica, sans-serif; font-size: 14px;\">T\u00fcrkiye\u2019den 9 b\u00fcy\u00fck\u015fehir belediyesi ve 15 il\u00e7e belediyesi olmak \u00fczere toplam 24 belediye,\u00a0 \u201cAHH Uluslararas\u0131 \u00d6d\u00fcl\u00fc\u201dne ba\u015fvuru yapacak. \u015eehirde toplumsal kat\u0131l\u0131m\u0131 art\u0131racak, kapsay\u0131c\u0131 ve \u00e7evre dostu ula\u015f\u0131m projelerini hayata ge\u00e7iren Bal\u0131kesir B\u00fcy\u00fck\u015fehir Belediye Ba\u015fkan\u0131 Ahmet Ak\u0131n, \u201c\u015eehrimizde \u00e7evreci ve s\u00fcrd\u00fcr\u00fclebilir ula\u015f\u0131m al\u0131\u015fkanl\u0131klar\u0131n\u0131 te\u015fvik etmek, \u00e7evre dostu ve eri\u015filebilir hizmetlerle halk\u0131m\u0131z\u0131n ya\u015fam\u0131n\u0131 kolayla\u015ft\u0131rmak i\u00e7in \u00e7al\u0131\u015f\u0131yoruz. Herkes i\u00e7in ula\u015f\u0131mdan, \u00e7evreci \u00e7al\u0131\u015fmalara kadar ya\u015fanabilir bir \u015fehir hedefimiz var. Bu kapsamda Bal\u0131kesir B\u00fcy\u00fck\u015fehir Belediyemizin elde etti\u011fi bu b\u00fcy\u00fck ba\u015far\u0131, bizleri fazlas\u0131yla gururland\u0131rd\u0131.\u201ddedi.<\/span><\/p>\n","protected":false},"excerpt":{"rendered":"<p>Bal\u0131kesir B\u00fcy\u00fck\u015fehir Belediyesi, s\u00fcrd\u00fcr\u00fclebilir ula\u015f\u0131m politikalar\u0131 ve \u00e7evre dostu \u015fehircilik vizyonu do\u011frultusunda d\u00fczenlenen \u201cAvrupa Hareketlilik Haftas\u0131 (AHH) 2025\u201d etkinliklerinde aktif<\/p>\n","protected":false},"author":3,"featured_media":28990,"comment_status":"open","ping_status":"closed","sticky":false,"template":"","format":"standard","meta":{"colormag_page_container_layout":"default_layout","colormag_page_sidebar_layout":"default_layout","footnotes":""},"categories":[47,1,5,8],"tags":[],"class_list":["post-28989","post","type-post","status-publish","format-standard","has-post-thumbnail","hentry","category-dunya","category-genel","category-gundem","category-siyaset"],"_links":{"self":[{"href":"https:\/\/marmarayerelhizmet.com\/index.php\/wp-json\/wp\/v2\/posts\/28989","targetHints":{"allow":["GET"]}}],"collection":[{"href":"https:\/\/marmarayerelhizmet.com\/index.php\/wp-json\/wp\/v2\/posts"}],"about":[{"href":"https:\/\/marmarayerelhizmet.com\/index.php\/wp-json\/wp\/v2\/types\/post"}],"author":[{"embeddable":true,"href":"https:\/\/marmarayerelhizmet.com\/index.php\/wp-json\/wp\/v2\/users\/3"}],"replies":[{"embeddable":true,"href":"https:\/\/marmarayerelhizmet.com\/index.php\/wp-json\/wp\/v2\/comments?post=28989"}],"version-history":[{"count":0,"href":"https:\/\/marmarayerelhizmet.com\/index.php\/wp-json\/wp\/v2\/posts\/28989\/revisions"}],"wp:featuredmedia":[{"embeddable":true,"href":"https:\/\/marmarayerelhizmet.com\/index.php\/wp-json\/wp\/v2\/media\/28990"}],"wp:attachment":[{"href":"https:\/\/marmarayerelhizmet.com\/index.php\/wp-json\/wp\/v2\/media?parent=28989"}],"wp:term":[{"taxonomy":"category","embeddable":true,"href":"https:\/\/marmarayerelhizmet.com\/index.php\/wp-json\/wp\/v2\/categories?post=28989"},{"taxonomy":"post_tag","embeddable":true,"href":"https:\/\/marmarayerelhizmet.com\/index.php\/wp-json\/wp\/v2\/tags?post=28989"}],"curies":[{"name":"wp","href":"https:\/\/api.w.org\/{rel}","templated":true}]}}