{"id":28986,"date":"2025-10-13T23:02:26","date_gmt":"2025-10-13T20:02:26","guid":{"rendered":"https:\/\/marmarayerelhizmet.com\/?p=28986"},"modified":"2025-10-17T23:04:00","modified_gmt":"2025-10-17T20:04:00","slug":"balikesirde-engelsiz-iletisim-icin-buyuk-adim","status":"publish","type":"post","link":"https:\/\/marmarayerelhizmet.com\/index.php\/2025\/10\/13\/balikesirde-engelsiz-iletisim-icin-buyuk-adim\/","title":{"rendered":"Bal\u0131kesir\u2019de Engelsiz \u0130leti\u015fim \u0130\u00e7in B\u00fcy\u00fck Ad\u0131m"},"content":{"rendered":"<p><strong><span style=\"font-family: arial, helvetica, sans-serif; font-size: 14px;\">Herkes i\u00e7in e\u015fit ve eri\u015filebilir bir hizmet anlay\u0131\u015f\u0131yla \u00e7al\u0131\u015fmalar\u0131n\u0131 s\u00fcrd\u00fcren Bal\u0131kesir B\u00fcy\u00fck\u015fehir Belediyesi, i\u015fitme ve konu\u015fma engeli bulunan \u00f6zel gereksinimli bireyler i\u00e7in g\u00f6r\u00fcnt\u00fcl\u00fc \u00e7a\u011fr\u0131 merkezini hayata ge\u00e7irdi.<\/span><\/strong><\/p>\n<p><span style=\"font-family: arial, helvetica, sans-serif; font-size: 14px;\">Belediye hizmetlerinden t\u00fcm vatanda\u015flar\u0131n kolay ve h\u0131zl\u0131 bir \u015fekilde yararlanabilmesi i\u00e7in bir\u00e7ok \u00f6nemli projeye imza atan Bal\u0131kesir B\u00fcy\u00fck\u015fehir Belediye Ba\u015fkan\u0131 Ahmet Ak\u0131n\u2019\u0131n yenilik\u00e7i vizyonuyla i\u015fitme ve konu\u015fma engeli bulunan \u00f6zel gereksinimli bireyler i\u00e7in g\u00f6r\u00fcnt\u00fcl\u00fc \u00e7a\u011fr\u0131 merkezi hayata ge\u00e7irildi. Bu hizmet sayesinde vatanda\u015flar istek, \u015fik\u00e2yet, \u00f6neri, doktor kontrol\u00fc ve benzeri ba\u015fvurular\u0131 i\u015faret dili terc\u00fcman\u0131 deste\u011fi ile kolayca iletebilecek. Bas\u0131n Yay\u0131n ve Halkla \u0130li\u015fkiler Dairesi Ba\u015fkanl\u0131\u011f\u0131 ve Bilgi \u0130\u015flem Dairesi Ba\u015fkanl\u0131\u011f\u0131n\u0131n i\u015f birli\u011finde ger\u00e7ekle\u015ftirilen hizmetle i\u015fitme ve konu\u015fma engeli bulunan vatanda\u015flar, belediye hizmetlerinden h\u0131zl\u0131 bir \u015fekilde yararlanabilecekler.<\/span><\/p>\n<p><span style=\"font-family: arial, helvetica, sans-serif; font-size: 14px;\"><strong>\u201cH\u0130\u00c7B\u0130R VATANDA\u015eIMIZ YALNIZ DE\u011e\u0130L&#8221;<br \/>\n<\/strong><\/span><span style=\"font-family: arial, helvetica, sans-serif; font-size: 14px;\">Bal\u0131kesir\u2019de \u00f6zel gereksinimli bireylerin ihtiya\u00e7lar\u0131n\u0131n kar\u015f\u0131lanmas\u0131 ve ya\u015fad\u0131klar\u0131 sorunlar\u0131n giderilmesi i\u00e7in somut ad\u0131mlar atan Ba\u015fkan Ak\u0131n \u201cT\u00fcm hem\u015fehrilerimizin sorunlar\u0131n\u0131 biliyor, bunlara \u00e7\u00f6z\u00fcm sunmak i\u00e7in gece g\u00fcnd\u00fcz demeden \u00e7al\u0131\u015f\u0131yoruz. \u00d6zel gereksinimli vatanda\u015flar\u0131m\u0131z i\u00e7in g\u00f6r\u00fcnt\u00fcl\u00fc \u00e7a\u011fr\u0131 merkezini hayata ge\u00e7irdik. Hem\u015fehrilerimiz hi\u00e7bir yoksunluk hissetmeden, alan\u0131nda uzman i\u015faret dili terc\u00fcman\u0131n\u0131n deste\u011fiyle belediye hizmetlerinden h\u0131zl\u0131 ve kesintisiz bir \u015fekilde yararlanabilecekler. \u0130\u015fitme ve konu\u015fma engeli bulunan vatanda\u015flar\u0131m\u0131z\u0131n talep ve isteklerini daha rahat ifade edebilmesi i\u00e7in g\u00f6r\u00fcnt\u00fcl\u00fc \u00e7a\u011fr\u0131 merkezimiz vatanda\u015flar\u0131m\u0131z\u0131n hizmetinde.&#8221; ifadelerini kulland\u0131.<\/span><\/p>\n<p><span style=\"font-family: arial, helvetica, sans-serif; font-size: 14px;\"><strong>B\u00dcY\u00dcK\u015eEH\u0130R ENGELLER\u0130 TEK TEK ORTADAN KALDIRIYOR<br \/>\n<\/strong><\/span><span style=\"font-family: arial, helvetica, sans-serif; font-size: 14px;\">Bal\u0131kesir B\u00fcy\u00fck\u015fehir Belediyesi, herkes i\u00e7in e\u015fit ve eri\u015filebilir bir ya\u015fam anlay\u0131\u015f\u0131 i\u00e7in hizmetlerini \u00e7e\u015fitlendirmeye devam ediyor. Bu kapsamda i\u015fitme ve konu\u015fma engeli bulunan vatanda\u015flar\u0131n belediye ile olan ileti\u015fimlerini sa\u011flamak i\u00e7in arama motoruna\u00a0<a href=\"https:\/\/engelsiziletisim.balikesir.bel.tr\/\" rel=\"nofollow noopener\" target=\"_blank\">https:\/\/engelsiziletisim.balikesir.bel.tr\/\u00a0<\/a>adresi yaz\u0131larak ba\u015fvuru sayfas\u0131na giri\u015f yap\u0131lacak. Vatanda\u015flar, a\u00e7\u0131lan sayfada ad, soyadlar\u0131n\u0131 yazd\u0131ktan sonra ileti\u015fim numaralar\u0131n\u0131 belirtilen kutucu\u011fa yazacaklar. Ba\u015fvuru sahibi \u00f6zel gereksinimli bireyler, g\u00f6r\u00fc\u015fmek istedikleri konuyu yazarak ileri bir tarihe randevu almak i\u00e7in ilk kutucu\u011fu i\u015faretleyebilecekler. KVKK anla\u015fma metnini ve \u201cBen robot de\u011filim&#8221; kutular\u0131n\u0131 i\u015faretledikten sonra \u201cTalebi g\u00f6nder&#8221; butonuna t\u0131klayan vatanda\u015flar ba\u015fvurular\u0131n\u0131 k\u0131sa s\u00fcrede tamamlayabilecekler. Ana sayfada yer alan \u201cG\u00f6r\u00fc\u015fmeye Ba\u015fla&#8221; butonuna t\u0131klayan \u00f6zel gereksinimli bireyler, i\u015faret dili terc\u00fcman\u0131 deste\u011fiyle taleplerini belediyeye ula\u015ft\u0131rabilecekler.<\/span><\/p>\n","protected":false},"excerpt":{"rendered":"<p>Herkes i\u00e7in e\u015fit ve eri\u015filebilir bir hizmet anlay\u0131\u015f\u0131yla \u00e7al\u0131\u015fmalar\u0131n\u0131 s\u00fcrd\u00fcren Bal\u0131kesir B\u00fcy\u00fck\u015fehir Belediyesi, i\u015fitme ve konu\u015fma engeli bulunan \u00f6zel gereksinimli<\/p>\n","protected":false},"author":3,"featured_media":28987,"comment_status":"open","ping_status":"closed","sticky":false,"template":"","format":"standard","meta":{"colormag_page_container_layout":"default_layout","colormag_page_sidebar_layout":"default_layout","footnotes":""},"categories":[1,5,8],"tags":[],"class_list":["post-28986","post","type-post","status-publish","format-standard","has-post-thumbnail","hentry","category-genel","category-gundem","category-siyaset"],"_links":{"self":[{"href":"https:\/\/marmarayerelhizmet.com\/index.php\/wp-json\/wp\/v2\/posts\/28986","targetHints":{"allow":["GET"]}}],"collection":[{"href":"https:\/\/marmarayerelhizmet.com\/index.php\/wp-json\/wp\/v2\/posts"}],"about":[{"href":"https:\/\/marmarayerelhizmet.com\/index.php\/wp-json\/wp\/v2\/types\/post"}],"author":[{"embeddable":true,"href":"https:\/\/marmarayerelhizmet.com\/index.php\/wp-json\/wp\/v2\/users\/3"}],"replies":[{"embeddable":true,"href":"https:\/\/marmarayerelhizmet.com\/index.php\/wp-json\/wp\/v2\/comments?post=28986"}],"version-history":[{"count":0,"href":"https:\/\/marmarayerelhizmet.com\/index.php\/wp-json\/wp\/v2\/posts\/28986\/revisions"}],"wp:featuredmedia":[{"embeddable":true,"href":"https:\/\/marmarayerelhizmet.com\/index.php\/wp-json\/wp\/v2\/media\/28987"}],"wp:attachment":[{"href":"https:\/\/marmarayerelhizmet.com\/index.php\/wp-json\/wp\/v2\/media?parent=28986"}],"wp:term":[{"taxonomy":"category","embeddable":true,"href":"https:\/\/marmarayerelhizmet.com\/index.php\/wp-json\/wp\/v2\/categories?post=28986"},{"taxonomy":"post_tag","embeddable":true,"href":"https:\/\/marmarayerelhizmet.com\/index.php\/wp-json\/wp\/v2\/tags?post=28986"}],"curies":[{"name":"wp","href":"https:\/\/api.w.org\/{rel}","templated":true}]}}