{"id":28983,"date":"2025-10-15T23:00:42","date_gmt":"2025-10-15T20:00:42","guid":{"rendered":"https:\/\/marmarayerelhizmet.com\/?p=28983"},"modified":"2025-10-17T23:02:01","modified_gmt":"2025-10-17T20:02:01","slug":"buyuksehir-belediyesi-cevrimici-platformlarini-yeniliyor","status":"publish","type":"post","link":"https:\/\/marmarayerelhizmet.com\/index.php\/2025\/10\/15\/buyuksehir-belediyesi-cevrimici-platformlarini-yeniliyor\/","title":{"rendered":"B\u00fcy\u00fck\u015fehir Belediyesi \u00c7evrimi\u00e7i Platformlar\u0131n\u0131 Yeniliyor"},"content":{"rendered":"<p><strong><span style=\"font-family: arial, helvetica, sans-serif; font-size: 14px;\">Bal\u0131kesir B\u00fcy\u00fck\u015fehir Belediyesi bir ilke daha imza atarak \u00fcrettikleri b\u00fct\u00fcn \u00fcr\u00fcnleri e-ticaret uygulamas\u0131 ile sat\u0131\u015fa \u00e7\u0131kart\u0131yor. Bal\u0131kesir B\u00fcy\u00fck\u015fehir Belediye Ba\u015fkan\u0131 Ahmet Ak\u0131n, Bal\u0131kesirli hem\u015fehrileri i\u00e7in sosyal belediyecilik anlay\u0131\u015f\u0131yla b\u00fct\u00fcn imk\u00e2nlar\u0131n\u0131 seferber ederken vatanda\u015flar art\u0131k cep telefonu, tablet ve bilgisayarlardan daha geni\u015f kapsaml\u0131 sat\u0131n al\u0131m ger\u00e7ekle\u015ftirebilecek.<\/span><\/strong><\/p>\n<p><span style=\"font-family: arial, helvetica, sans-serif; font-size: 14px;\">BALMEK e- ticaret sitesi ve BA\u00c7EM e-ticaret sitesi ile Bal\u0131kesirli hem\u015fehrilerinin hem bilgilenmesini hem de yerel \u00fcr\u00fcnlere ula\u015f\u0131m\u0131n\u0131 kolayla\u015ft\u0131ran Ba\u015fkan Ak\u0131n, yerelde \u00fcretilen el eme\u011fi \u00fcr\u00fcnlerin sat\u0131\u015f\u0131n\u0131 art\u0131rarak Bal\u0131kesir\u2019e katk\u0131 sunmay\u0131 hedefliyor. \u0130nternet sitelerini yenileyerek vatanda\u015flar\u0131n kullan\u0131m\u0131na sunan B\u00fcy\u00fck\u015fehir, hem al\u0131m yapan hem de satan hem\u015fehrilerinin y\u00fcz\u00fcn\u00fc g\u00fcld\u00fcrmeyi hedefliyor.<\/span><\/p>\n<p><span style=\"font-family: arial, helvetica, sans-serif; font-size: 14px;\"><strong>E-T\u0130CARET \u0130LE \u00dcR\u00dcNLER\u0130 SATIN ALMAK DAHA DA KOLAY<br \/>\n<\/strong><\/span><span style=\"font-family: arial, helvetica, sans-serif; font-size: 14px;\">Bal\u0131kesir B\u00fcy\u00fck\u015fehir Belediyesi \u00c7ift\u00e7i E\u011fitim Merkezi (BA\u00c7EM),\u00a0<a href=\"https:\/\/bacem.balikesir.bel.tr\/\" rel=\"nofollow noopener\" target=\"_blank\">https:\/\/bacem.balikesir.bel.tr\/<\/a>\u00a0web sitesi arac\u0131l\u0131\u011f\u0131yla ger\u00e7ekle\u015ftirdi\u011fi kurslar\u0131, ba\u015fvuru ko\u015fullar\u0131n\u0131 ve kay\u0131t tarihleri gibi bilgileri vatanda\u015flarla bulu\u015fturuyor. Yenilenen y\u00fcz\u00fcyle kendi \u00fcr\u00fcnlerini do\u011frudan pazara ta\u015f\u0131may\u0131 kolayla\u015ft\u0131racak bir uygulamaya sahip\u00a0<a href=\"https:\/\/bacemeticaret.balikesir.bel.tr\/\" rel=\"nofollow noopener\" target=\"_blank\">https:\/\/bacemeticaret.balikesir.bel.tr\/<\/a>\u00a0web sitesi \u00fczerinden \u00fcr\u00fcnlerini sat\u0131\u015fa \u00e7\u0131kartan BA\u00c7EM, burada \u00fcr\u00fcn \u00e7e\u015fitlerini sergileyip sat\u0131\u015fa sunarken; t\u00fcketiciler ise tazeli\u011fi, yerel \u00fcretimi ve g\u00fcvenilirli\u011fi \u00f6n planda tutan \u00fcr\u00fcnlere pratik \u015fekilde eri\u015febiliyor. \u00a0Ayr\u0131ca web sitesi arac\u0131l\u0131\u011f\u0131yla teslimat se\u00e7enekleri ve \u00f6deme ko\u015fullar\u0131 gibi ticari detaylar site \u00fczerinden a\u00e7\u0131k\u00e7a belirtilerek, kullan\u0131c\u0131 dostu ara y\u00fcz ile al\u0131\u015fveri\u015f s\u00fcreci \u015feffaf ve keyifli hale geliyor.<\/span><\/p>\n<p><span style=\"font-family: arial, helvetica, sans-serif; font-size: 14px;\"><strong>YEN\u0130LENEN S\u0130TELER VATANDA\u015eLARIN H\u0130ZMET\u0130NDE<br \/>\n<\/strong><\/span><span style=\"font-family: arial, helvetica, sans-serif; font-size: 14px;\">Bal\u0131kesir B\u00fcy\u00fck\u015fehir Belediyesi\u2019nin a\u00e7t\u0131\u011f\u0131 meslek edindirme kurslar\u0131na (BALMEK) ait t\u00fcm detaylara rahatl\u0131kla ula\u015f\u0131labilen\u00a0<a href=\"https:\/\/balmek.balikesir.bel.tr\/\" rel=\"nofollow noopener\" target=\"_blank\">https:\/\/balmek.balikesir.bel.tr\/<\/a>\u00a0web sitesinde ise a\u00e7\u0131lan kurslar\u0131n listesi, ba\u015fvuru ko\u015fullar\u0131, kay\u0131t tarihleri ve e\u011fitim verilen alanlara dair g\u00fcncel bilgiler yer al\u0131rken; kurs merkezlerinin adresleri, duyurular ve etkinlik takvimi de d\u00fczenli olarak payla\u015f\u0131l\u0131yor. Bu sayede vatanda\u015flar, ilgi duyduklar\u0131 kurslara kolayca ba\u015fvuru yapabilirken, Bal\u0131kesir genelinde sunulan e\u011fitim olanaklar\u0131n\u0131 da tek bir \u00e7at\u0131 alt\u0131nda takip edebiliyor.<br \/>\n<\/span><span style=\"font-family: arial, helvetica, sans-serif; font-size: 14px;\">BALMEK \u00e7at\u0131s\u0131 alt\u0131ndaki kursiyerlerin el eme\u011fi \u00fcr\u00fcnlerini art\u0131k daha kolay satmak ve sergilemek yenilenen \u00a0<a href=\"https:\/\/balmeketicaret.balikesir.bel.tr\/\" rel=\"nofollow noopener\" target=\"_blank\">https:\/\/balmeketicaret.balikesir.bel.tr\/<\/a>\u00a0web sitesi ile vatanda\u015flar \u00fcr\u00fcn \u00e7e\u015fitlili\u011fi, \u00f6deme se\u00e7enekleri ve teslimat detaylar\u0131 hakk\u0131ndaki bilgilere kolayca ula\u015fabiliyor. Sipari\u015f s\u00fcre\u00e7lerinin \u015feffaf ve basit oldu\u011fu BALMEK e-ticaret sitesinde hem yerel ekonomiyi desteklemek hem de t\u00fcketicilere kaliteli, yerel \u00fcr\u00fcnlere do\u011frudan eri\u015fim imk\u00e2n\u0131 sunmak art\u0131k \u00e7ok kolay.<\/span><\/p>\n<div class=\"row\">\n<div id=\"\" class=\"col-lg-3 col-md-4 col-sm-12 p-1\"><\/div>\n<\/div>\n","protected":false},"excerpt":{"rendered":"<p>Bal\u0131kesir B\u00fcy\u00fck\u015fehir Belediyesi bir ilke daha imza atarak \u00fcrettikleri b\u00fct\u00fcn \u00fcr\u00fcnleri e-ticaret uygulamas\u0131 ile sat\u0131\u015fa \u00e7\u0131kart\u0131yor. Bal\u0131kesir B\u00fcy\u00fck\u015fehir Belediye Ba\u015fkan\u0131<\/p>\n","protected":false},"author":3,"featured_media":28984,"comment_status":"open","ping_status":"closed","sticky":false,"template":"","format":"standard","meta":{"colormag_page_container_layout":"default_layout","colormag_page_sidebar_layout":"default_layout","footnotes":""},"categories":[1,5,8],"tags":[],"class_list":["post-28983","post","type-post","status-publish","format-standard","has-post-thumbnail","hentry","category-genel","category-gundem","category-siyaset"],"_links":{"self":[{"href":"https:\/\/marmarayerelhizmet.com\/index.php\/wp-json\/wp\/v2\/posts\/28983","targetHints":{"allow":["GET"]}}],"collection":[{"href":"https:\/\/marmarayerelhizmet.com\/index.php\/wp-json\/wp\/v2\/posts"}],"about":[{"href":"https:\/\/marmarayerelhizmet.com\/index.php\/wp-json\/wp\/v2\/types\/post"}],"author":[{"embeddable":true,"href":"https:\/\/marmarayerelhizmet.com\/index.php\/wp-json\/wp\/v2\/users\/3"}],"replies":[{"embeddable":true,"href":"https:\/\/marmarayerelhizmet.com\/index.php\/wp-json\/wp\/v2\/comments?post=28983"}],"version-history":[{"count":0,"href":"https:\/\/marmarayerelhizmet.com\/index.php\/wp-json\/wp\/v2\/posts\/28983\/revisions"}],"wp:featuredmedia":[{"embeddable":true,"href":"https:\/\/marmarayerelhizmet.com\/index.php\/wp-json\/wp\/v2\/media\/28984"}],"wp:attachment":[{"href":"https:\/\/marmarayerelhizmet.com\/index.php\/wp-json\/wp\/v2\/media?parent=28983"}],"wp:term":[{"taxonomy":"category","embeddable":true,"href":"https:\/\/marmarayerelhizmet.com\/index.php\/wp-json\/wp\/v2\/categories?post=28983"},{"taxonomy":"post_tag","embeddable":true,"href":"https:\/\/marmarayerelhizmet.com\/index.php\/wp-json\/wp\/v2\/tags?post=28983"}],"curies":[{"name":"wp","href":"https:\/\/api.w.org\/{rel}","templated":true}]}}