{"id":28979,"date":"2025-10-15T22:57:11","date_gmt":"2025-10-15T19:57:11","guid":{"rendered":"https:\/\/marmarayerelhizmet.com\/?p=28979"},"modified":"2025-10-17T22:59:14","modified_gmt":"2025-10-17T19:59:14","slug":"sehirli-gelecegin-yildizlarini-agirladi","status":"publish","type":"post","link":"https:\/\/marmarayerelhizmet.com\/index.php\/2025\/10\/15\/sehirli-gelecegin-yildizlarini-agirladi\/","title":{"rendered":"\u015eehirli Gelece\u011fin Y\u0131ld\u0131zlar\u0131n\u0131 A\u011f\u0131rlad\u0131"},"content":{"rendered":"<p><strong><span style=\"font-family: arial, helvetica, sans-serif; font-size: 14px;\">Avrupa Yerel Demokrasi Haftas\u0131 kapsam\u0131nda, gelece\u011fimizin teminat\u0131 olan gen\u00e7 sporcular Alt\u0131eyl\u00fcl Belediye Ba\u015fkan\u0131 Hakan \u015eehirli ile bir araya geldi. D\u00fczenlenen kahvalt\u0131 organizasyonunda gen\u00e7 sporcularla yak\u0131ndan ilgilenen Ba\u015fkan \u015eehirli gen\u00e7lerin sorular\u0131n\u0131 cevaplad\u0131.<br \/>\n<\/span><\/strong><br \/>\n<strong><span style=\"font-family: arial, helvetica, sans-serif; font-size: 14px;\">Gen\u00e7 Sporcular Ba\u015fkanla Ayn\u0131 Sofrada Bulu\u015ftu<\/span><\/strong><br \/>\n<span style=\"font-family: arial, helvetica, sans-serif; font-size: 14px;\">Alt\u0131eyl\u00fcl Spor Kul\u00fcb\u00fc altyap\u0131 sporcular\u0131n\u0131n kat\u0131l\u0131m\u0131yla d\u00fczenlenen kahvalt\u0131 organizasyonu, hem sporun birle\u015ftirici g\u00fcc\u00fcn\u00fc hem de yerel demokrasinin kat\u0131l\u0131mc\u0131 ruhunu ayn\u0131 sofrada bulu\u015fturdu. Etkinli\u011fe Alt\u0131eyl\u00fcl Belediye Ba\u015fkan\u0131 Hakan \u015eehirli ve Belediye Ba\u015fkan Yard\u0131mc\u0131lar\u0131 Tayfun Canl\u0131 ve Ertan Kayatepe de kat\u0131larak gen\u00e7lerle keyifli sohbetler ger\u00e7ekle\u015ftirdi. Gen\u00e7lerin fikirlerini dinleyen ve taleplerini not alan Ba\u015fkan \u015eehirli, gen\u00e7lerin kent y\u00f6netiminde s\u00f6z sahibi olmas\u0131n\u0131n \u00f6nemine vurgu yapt\u0131.<br \/>\n<\/span><br \/>\n<strong><span style=\"font-family: arial, helvetica, sans-serif; font-size: 14px;\">Ba\u015fkan Yard\u0131mc\u0131s\u0131 Tayfun Canl\u0131\u2019dan Proje Payla\u015f\u0131m\u0131<\/span><\/strong><br \/>\n<span style=\"font-family: arial, helvetica, sans-serif; font-size: 14px;\">Ba\u015fkan \u015eehirli, etkinlikte yapt\u0131\u011f\u0131 konu\u015fmada \u015fu ifadelere yer verdi: \u201cAvrupa Yerel Demokrasi Haftas\u0131, vatanda\u015flar\u0131m\u0131z\u0131n y\u00f6netime kat\u0131l\u0131m\u0131n\u0131 art\u0131rmak ve yerel y\u00f6netimlerde \u015feffafl\u0131\u011f\u0131 g\u00fc\u00e7lendirmek a\u00e7\u0131s\u0131ndan b\u00fcy\u00fck \u00f6nem ta\u015f\u0131yor. Biz de bu kapsamda gen\u00e7lerimizle bir araya gelerek onlar\u0131n fikirlerini dinledik, sporu ve demokrasiyi ayn\u0131 masada bulu\u015fturduk. Gen\u00e7lerimizin enerjisi, gelece\u011fe dair umutlar\u0131m\u0131z\u0131 tazeliyor\u201d diye konu\u015ftu. Kahvalt\u0131 program\u0131 boyunca gen\u00e7 sporcular, hem belediye \u00e7al\u0131\u015fmalar\u0131 hakk\u0131nda bilgi ald\u0131 hem de kendi spor alanlar\u0131ndaki \u00f6nerilerini dile getirme f\u0131rsat\u0131 buldu. Ba\u015fkan Yard\u0131mc\u0131s\u0131 Tayfun Canl\u0131 da gen\u00e7lerin taleplerini dikkatle dinleyerek, Alt\u0131eyl\u00fcl Belediyesi\u2019nin gen\u00e7lik ve spor alan\u0131nda y\u00fcr\u00fctt\u00fc\u011f\u00fc projelere dair bilgiler payla\u015ft\u0131. Alt\u0131eyl\u00fcl Belediyesi, Avrupa Yerel Demokrasi Haftas\u0131 s\u00fcresince gen\u00e7lerle, sivil toplum kurulu\u015flar\u0131yla ve vatanda\u015flarla etkile\u015fimi art\u0131racak \u00e7e\u015fitli etkinliklerle yerel kat\u0131l\u0131m k\u00fclt\u00fcr\u00fcn\u00fc g\u00fc\u00e7lendirmeyi\u00a0s\u00fcrd\u00fcr\u00fcyor.<\/span><\/p>\n","protected":false},"excerpt":{"rendered":"<p>Avrupa Yerel Demokrasi Haftas\u0131 kapsam\u0131nda, gelece\u011fimizin teminat\u0131 olan gen\u00e7 sporcular Alt\u0131eyl\u00fcl Belediye Ba\u015fkan\u0131 Hakan \u015eehirli ile bir araya geldi. D\u00fczenlenen<\/p>\n","protected":false},"author":3,"featured_media":28980,"comment_status":"open","ping_status":"closed","sticky":false,"template":"","format":"standard","meta":{"colormag_page_container_layout":"default_layout","colormag_page_sidebar_layout":"default_layout","footnotes":""},"categories":[1,5,8,9],"tags":[],"class_list":["post-28979","post","type-post","status-publish","format-standard","has-post-thumbnail","hentry","category-genel","category-gundem","category-siyaset","category-spor"],"_links":{"self":[{"href":"https:\/\/marmarayerelhizmet.com\/index.php\/wp-json\/wp\/v2\/posts\/28979","targetHints":{"allow":["GET"]}}],"collection":[{"href":"https:\/\/marmarayerelhizmet.com\/index.php\/wp-json\/wp\/v2\/posts"}],"about":[{"href":"https:\/\/marmarayerelhizmet.com\/index.php\/wp-json\/wp\/v2\/types\/post"}],"author":[{"embeddable":true,"href":"https:\/\/marmarayerelhizmet.com\/index.php\/wp-json\/wp\/v2\/users\/3"}],"replies":[{"embeddable":true,"href":"https:\/\/marmarayerelhizmet.com\/index.php\/wp-json\/wp\/v2\/comments?post=28979"}],"version-history":[{"count":0,"href":"https:\/\/marmarayerelhizmet.com\/index.php\/wp-json\/wp\/v2\/posts\/28979\/revisions"}],"wp:featuredmedia":[{"embeddable":true,"href":"https:\/\/marmarayerelhizmet.com\/index.php\/wp-json\/wp\/v2\/media\/28980"}],"wp:attachment":[{"href":"https:\/\/marmarayerelhizmet.com\/index.php\/wp-json\/wp\/v2\/media?parent=28979"}],"wp:term":[{"taxonomy":"category","embeddable":true,"href":"https:\/\/marmarayerelhizmet.com\/index.php\/wp-json\/wp\/v2\/categories?post=28979"},{"taxonomy":"post_tag","embeddable":true,"href":"https:\/\/marmarayerelhizmet.com\/index.php\/wp-json\/wp\/v2\/tags?post=28979"}],"curies":[{"name":"wp","href":"https:\/\/api.w.org\/{rel}","templated":true}]}}