{"id":28977,"date":"2025-10-09T13:28:37","date_gmt":"2025-10-09T10:28:37","guid":{"rendered":"https:\/\/marmarayerelhizmet.com\/?p=28977"},"modified":"2025-10-11T13:29:47","modified_gmt":"2025-10-11T10:29:47","slug":"burhaniyede-egitim-kurumlarina-ziyaret","status":"publish","type":"post","link":"https:\/\/marmarayerelhizmet.com\/index.php\/2025\/10\/09\/burhaniyede-egitim-kurumlarina-ziyaret\/","title":{"rendered":"Burhaniye&#8217;de E\u011fitim Kurumlar\u0131na Ziyaret"},"content":{"rendered":"<p><strong><span style=\"font-family: arial, helvetica, sans-serif; font-size: 14px;\">\u0130l Mill\u00ee E\u011fitim M\u00fcd\u00fcr\u00fc Murat Demir, \u0130l Mill\u00ee E\u011fitim M\u00fcd\u00fcr Yard\u0131mc\u0131s\u0131 \u00d6zcan \u00d6zen ve Burhaniye \u0130l\u00e7e Mill\u00ee E\u011fitim M\u00fcd\u00fcr\u00fc Bora Zihni ile birlikte Burhaniye il\u00e7esinde \u00e7e\u015fitli okul ve kurumlarda inceleme ve ziyaretlerde bulundu.<\/span><\/strong><\/p>\n<p><span style=\"font-family: arial, helvetica, sans-serif; font-size: 14px;\">Program kapsam\u0131nda ilk olarak \u00f6zel e\u011fitim anaokulu olarak planlanan binada incelemelerde bulunan M\u00fcd\u00fcr Demir, devam eden \u00e7al\u0131\u015fmalar hakk\u0131nda bilgi ald\u0131. \u00d6zel gereksinimli \u00e7ocuklar\u0131m\u0131z i\u00e7in haz\u0131rlanmakta olan bu e\u011fitim ortam\u0131n\u0131n en iyi ko\u015fullarda hizmet vermesi ad\u0131na s\u00fcrecin titizlikle y\u00fcr\u00fct\u00fcld\u00fc\u011f\u00fcn\u00fc belirtti.<br \/>\n<\/span><span style=\"font-family: arial, helvetica, sans-serif; font-size: 14px;\">Ard\u0131ndan \u015eehit Ahmet \u00c7elik Ortaokulunu ziyaret eden M\u00fcd\u00fcr Demir, \u00f6\u011frencilerle bir araya gelerek onlara ba\u015far\u0131 dileklerini iletti. Ziyaretin devam\u0131nda \u00f6\u011fretmenlerle yap\u0131lan toplant\u0131da T\u00fcrkiye Y\u00fczy\u0131l\u0131 Maarif Modeli \u00fczerine de\u011ferlendirmelerde bulunuldu.<br \/>\n<\/span><span style=\"font-family: arial, helvetica, sans-serif; font-size: 14px;\">Murat Demir, daha sonra T\u00fcrkiye Odalar ve Borsalar Birli\u011fi Bah\u00e7elievler \u0130lkokulunda \u00f6\u011fretmen ve \u00f6\u011frencilerle bir araya geldi. S\u0131n\u0131flar\u0131 gezerek \u00f6\u011frencilerle sohbet eden M\u00fcd\u00fcr Demir, \u00f6\u011fretmenlerle yap\u0131lan g\u00f6r\u00fc\u015fmede T\u00fcrkiye Y\u00fczy\u0131l\u0131 Maarif Modeli&#8217;nin s\u0131n\u0131f i\u00e7i uygulamalar\u0131 \u00fczerine fikir al\u0131\u015fveri\u015finde bulundu.<br \/>\n<\/span><span style=\"font-family: arial, helvetica, sans-serif; font-size: 14px;\">\u0130nceleme program\u0131 kapsam\u0131nda yap\u0131m\u0131 devam eden Burhaniye Bilim ve Sanat Merkezi in\u015faat alan\u0131n\u0131 da ziyaret eden M\u00fcd\u00fcr Demir, \u00e7al\u0131\u015fmalar hakk\u0131nda yetkililerden bilgi ald\u0131. Merkezin tamamlanmas\u0131yla birlikte il\u00e7edeki bilim ve sanat e\u011fitiminin \u00f6nemli \u00f6l\u00e7\u00fcde g\u00fc\u00e7lenece\u011fini ifade eden M\u00fcd\u00fcr Demir, &#8220;Gelece\u011fin yeteneklerini ke\u015ffetme ve geli\u015ftirme amac\u0131yla hayata ge\u00e7irilen bu yat\u0131r\u0131m\u0131n Burhaniye&#8217;mize hay\u0131rl\u0131 olmas\u0131n\u0131 diliyorum.&#8221; dedi.<br \/>\n<\/span><span style=\"font-family: arial, helvetica, sans-serif; font-size: 14px;\">Ziyaret program\u0131 kapsam\u0131nda Emine Akel Anaokulunu da ziyaret eden \u0130l M\u00fcd\u00fcr\u00fc, minik \u00f6\u011frencilerle bir araya gelerek etkinliklere kat\u0131ld\u0131 ve \u00e7ocuklar\u0131n ne\u015fesine ortak oldu. \u00d6\u011fretmenlerle yapt\u0131\u011f\u0131 g\u00f6r\u00fc\u015fmede \u00f6\u011frencilerin geli\u015fim s\u00fcre\u00e7lerine ili\u015fkin bilgi alan M\u00fcd\u00fcr Demir, &#8220;Sevgiyle b\u00fcy\u00fcyen minik y\u00fcreklerin yan\u0131nda olmaya devam ediyoruz.&#8221; ifadelerini kulland\u0131.<br \/>\n<\/span><span style=\"font-family: arial, helvetica, sans-serif; font-size: 14px;\">Daha sonra Nadir Tolun Ortaokulunu ziyaret eden \u0130l M\u00fcd\u00fcr\u00fc, \u00f6\u011fretmenlerle bir araya gelerek T\u00fcrkiye Y\u00fczy\u0131l\u0131 Maarif Modeli \u00fczerine de\u011ferlendirmelerde bulundu. Okul idaresinden e\u011fitim-\u00f6\u011fretim faaliyetleri ve okulun genel durumu hakk\u0131nda bilgi ald\u0131.<br \/>\n<\/span><span style=\"font-family: arial, helvetica, sans-serif; font-size: 14px;\">Ziyaret program\u0131 Burhaniye Ticaret Odas\u0131 \u00d6zel E\u011fitim Uygulama Okulu ile sona erdi. M\u00fcd\u00fcr Demir, \u00f6zel \u00f6\u011frencilerle yak\u0131ndan ilgilenerek onlar\u0131n etkinliklerine kat\u0131ld\u0131, sohbet etti. \u00d6\u011fretmenlerden \u00f6\u011frencilerin geli\u015fim s\u00fcre\u00e7leri hakk\u0131nda bilgi alan M\u00fcd\u00fcr Demir, ayr\u0131ca \u00f6\u011frenci velileriyle de bir araya gelerek g\u00f6r\u00fc\u015f al\u0131\u015fveri\u015finde bulundu.<br \/>\n<\/span><span style=\"font-family: arial, helvetica, sans-serif; font-size: 14px;\">\u0130l Mill\u00ee E\u011fitim M\u00fcd\u00fcr\u00fc Murat Demir, &#8220;\u00d6zel e\u011fitim g\u00fc\u00e7l\u00fc bir ileti\u015fim ve sevgi temeliyle b\u00fcy\u00fcr; bizler de bu anlay\u0131\u015fla her bir \u00f6\u011frencimizin yan\u0131nda olmaya devam edece\u011fiz.&#8221; ifadeleriyle Burhaniye ziyaret program\u0131n\u0131\u00a0tamamlad\u0131.<\/span><\/p>\n","protected":false},"excerpt":{"rendered":"<p>\u0130l Mill\u00ee E\u011fitim M\u00fcd\u00fcr\u00fc Murat Demir, \u0130l Mill\u00ee E\u011fitim M\u00fcd\u00fcr Yard\u0131mc\u0131s\u0131 \u00d6zcan \u00d6zen ve Burhaniye \u0130l\u00e7e Mill\u00ee E\u011fitim M\u00fcd\u00fcr\u00fc Bora<\/p>\n","protected":false},"author":3,"featured_media":28978,"comment_status":"open","ping_status":"closed","sticky":false,"template":"","format":"standard","meta":{"colormag_page_container_layout":"default_layout","colormag_page_sidebar_layout":"default_layout","footnotes":""},"categories":[45,1,5,8],"tags":[],"class_list":["post-28977","post","type-post","status-publish","format-standard","has-post-thumbnail","hentry","category-egitim","category-genel","category-gundem","category-siyaset"],"_links":{"self":[{"href":"https:\/\/marmarayerelhizmet.com\/index.php\/wp-json\/wp\/v2\/posts\/28977","targetHints":{"allow":["GET"]}}],"collection":[{"href":"https:\/\/marmarayerelhizmet.com\/index.php\/wp-json\/wp\/v2\/posts"}],"about":[{"href":"https:\/\/marmarayerelhizmet.com\/index.php\/wp-json\/wp\/v2\/types\/post"}],"author":[{"embeddable":true,"href":"https:\/\/marmarayerelhizmet.com\/index.php\/wp-json\/wp\/v2\/users\/3"}],"replies":[{"embeddable":true,"href":"https:\/\/marmarayerelhizmet.com\/index.php\/wp-json\/wp\/v2\/comments?post=28977"}],"version-history":[{"count":0,"href":"https:\/\/marmarayerelhizmet.com\/index.php\/wp-json\/wp\/v2\/posts\/28977\/revisions"}],"wp:featuredmedia":[{"embeddable":true,"href":"https:\/\/marmarayerelhizmet.com\/index.php\/wp-json\/wp\/v2\/media\/28978"}],"wp:attachment":[{"href":"https:\/\/marmarayerelhizmet.com\/index.php\/wp-json\/wp\/v2\/media?parent=28977"}],"wp:term":[{"taxonomy":"category","embeddable":true,"href":"https:\/\/marmarayerelhizmet.com\/index.php\/wp-json\/wp\/v2\/categories?post=28977"},{"taxonomy":"post_tag","embeddable":true,"href":"https:\/\/marmarayerelhizmet.com\/index.php\/wp-json\/wp\/v2\/tags?post=28977"}],"curies":[{"name":"wp","href":"https:\/\/api.w.org\/{rel}","templated":true}]}}