{"id":28948,"date":"2025-09-17T20:33:17","date_gmt":"2025-09-17T17:33:17","guid":{"rendered":"https:\/\/marmarayerelhizmet.com\/?p=28948"},"modified":"2025-09-18T20:35:56","modified_gmt":"2025-09-18T17:35:56","slug":"buyuksehirden-ogrencilere-yakin-mutfak","status":"publish","type":"post","link":"https:\/\/marmarayerelhizmet.com\/index.php\/2025\/09\/17\/buyuksehirden-ogrencilere-yakin-mutfak\/","title":{"rendered":"B\u00fcy\u00fck\u015fehir&#8217;den \u00d6\u011frencilere Yak\u0131n Mutfak"},"content":{"rendered":"<p><strong><span style=\"font-family: arial, helvetica, sans-serif; font-size: 14px;\">\u201cBal\u0131kesir\u2019de hi\u00e7bir \u00e7ocuk yata\u011fa a\u00e7 girmeyecek&#8221; ilkesiyle \u015fehirde e\u011fitim g\u00f6ren \u00f6\u011frencilerin her zaman yan\u0131nda olan Bal\u0131kesir B\u00fcy\u00fck\u015fehir Belediye Ba\u015fkan\u0131 Ahmet Ak\u0131n, sosyal belediyecilik anlay\u0131\u015f\u0131yla benzersiz bir projeyi daha hayata ge\u00e7irdi. Hizmete a\u00e7\u0131lan Yak\u0131n Mutfak \u00d6\u011frenci Lokantas\u0131nda \u00f6\u011frenciler \u00fc\u00e7 \u00e7e\u015fit yeme\u011fe sadece 50 TL kar\u015f\u0131l\u0131\u011f\u0131nda ula\u015fabilecek.<\/span><\/strong><\/p>\n<p><span style=\"font-family: arial, helvetica, sans-serif; font-size: 14px;\">Bal\u0131kesir B\u00fcy\u00fck\u015fehir Belediye Ba\u015fkan\u0131 Ahmet Ak\u0131n, \u201cHi\u00e7bir \u00e7ocuk yata\u011fa a\u00e7 girmeyecek!&#8221; \u015fiar\u0131yla \u00f6\u011frencileri, e\u011fitim hayatlar\u0131nda asla yaln\u0131z b\u0131rakm\u0131yor. Beslenme paketi, k\u0131rtasiye yard\u0131m\u0131, ula\u015f\u0131m destekleri gibi pek \u00e7ok alanda \u00f6\u011frencilerin yan\u0131nda olan Ak\u0131n, Sanat Soka\u011f\u0131\u2019nda yer alan Yak\u0131n Mutfak \u00d6\u011frenci Lokantas\u0131n\u0131 hizmete a\u00e7t\u0131. A\u00e7\u0131l\u0131\u015f t\u00f6renine kat\u0131lan \u00f6\u011frencilere ilk servisi Ba\u015fkan Ak\u0131n, yapt\u0131. \u0130lk g\u00fcn men\u00fcs\u00fcnde orman kebab\u0131, pilav, mercimek \u00e7orbas\u0131, h\u00f6\u015fmerim, ayran ve su yer ald\u0131.<\/span><\/p>\n<p><strong><span style=\"font-family: arial, helvetica, sans-serif; font-size: 14px;\">\u201c\u00d6\u011eRENC\u0130N\u0130N SOFRASINA BEREKET KATIYORUZ&#8221;<br \/>\n<\/span><\/strong><span style=\"font-family: arial, helvetica, sans-serif; font-size: 14px;\">\u201c\u0130\u015fini en iyi yapan vatan\u0131n\u0131 sevendir!&#8221; diyen Bal\u0131kesir B\u00fcy\u00fck\u015fehir Belediye Ba\u015fkan\u0131 Ahmet Ak\u0131n, &#8220;Yapt\u0131\u011f\u0131m\u0131z her i\u015fte, att\u0131\u011f\u0131m\u0131z her ad\u0131mda asla ayr\u0131mc\u0131l\u0131\u011fa yer yok. Herkesi kucakl\u0131yor ve i\u015fimizi lay\u0131k\u0131yla yap\u0131yoruz. Bu, benim \u00e7ok \u00f6nem verdi\u011fim bir konu. Bug\u00fcn \u015fehrimizde ya\u015fayan gen\u00e7lerimizin sofras\u0131na bereket, y\u00fcreklerine umut katan bir ad\u0131m at\u0131yoruz. Bug\u00fcn Yak\u0131n Mutfak \u00d6\u011frenci Lokantam\u0131z\u0131 hizmete a\u00e7\u0131yoruz. \u00d6\u011frenci olmak zor. Hayat \u015fartlar\u0131 zor. Ekonomik ko\u015fullar ortada. Vatanda\u015f\u0131m\u0131z ciddi manada ekonomik a\u00e7\u0131dan s\u0131k\u0131nt\u0131l\u0131 bir s\u00fcre\u00e7ten ge\u00e7iyor. Bu s\u00fcre\u00e7te B\u00fcy\u00fck\u015fehir Belediye Ba\u015fkanlar\u0131 olarak elimizi ta\u015f\u0131n alt\u0131na koymam\u0131z gerekiyor. Hi\u00e7bir bahaneye s\u0131\u011f\u0131nmadan \u00e7aba g\u00f6stermeliyiz. Biz, elimizden gelen \u00e7abay\u0131 g\u00f6steriyoruz.&#8221; diye konu\u015ftu.<\/span><\/p>\n<p><strong><span style=\"font-family: arial, helvetica, sans-serif; font-size: 14px;\">\u00dc\u00c7 \u00c7E\u015e\u0130T YEMEK 50 TL<br \/>\n<\/span><\/strong><span style=\"font-family: arial, helvetica, sans-serif; font-size: 14px;\">Gen\u00e7lerin \u00fclkenin gelece\u011fi oldu\u011funu s\u00f6yleyen Ak\u0131n, \u201cUlu \u00d6nderimiz Gazi Mustafa Kemal Atat\u00fcrk \u2018B\u00fct\u00fcn \u00fcmidim gen\u00e7liktedir!\u2019 derken bunu net olarak ortaya koyuyor. Biz de asli g\u00f6revlerimizden biri olan ihtiya\u00e7lar\u0131 hafifletmek ve onlara elimizden gelen katk\u0131y\u0131 sunmak i\u00e7in \u00e7al\u0131\u015fmalar\u0131m\u0131za devam ediyoruz. \u00a0Art\u0131k \u00f6\u011frencilerimiz, g\u00fcn\u00fcn en g\u00fczel saatlerinde, yaln\u0131zca 50 TL kar\u015f\u0131l\u0131\u011f\u0131nda \u00fc\u00e7 \u00e7e\u015fit yeme\u011fe ula\u015facak. \u00c7\u00fcnk\u00fc ayn\u0131 sofrada payla\u015fmak ve ayn\u0131 ekme\u011fi b\u00f6l\u00fc\u015fmek, en b\u00fcy\u00fck dayan\u0131\u015fmad\u0131r. Kas\u0131m 2024\u2019ten bu yana 1 Kent Lokantas\u0131, 5 Yak\u0131n Mutfak ve 1 \u00f6\u011frenci lokantam\u0131zla 170 binden fazla hem\u015fehrimize ula\u015ft\u0131k. Bug\u00fcn bu say\u0131ya Band\u0131rma\u2019daki \u00d6\u011frenci Lokantam\u0131z da eklendi. Daha yolun ba\u015f\u0131nday\u0131z.&#8221; diye konu\u015ftu.<\/span><\/p>\n<p><strong><span style=\"font-family: arial, helvetica, sans-serif; font-size: 14px;\">AKIN\u2019DAN M\u00dcJDE<br \/>\n<\/span><\/strong><span style=\"font-family: arial, helvetica, sans-serif; font-size: 14px;\">Kepsut, Dursunbey, Manyas ve Bigadi\u00e7\u2019e yeni Kent Lokantas\u0131; S\u00fctl\u00fcce\u2019ye de yeni Yak\u0131n Mutfak a\u00e7mak i\u00e7in \u00e7al\u0131\u015fmalar\u0131n tamamland\u0131\u011f\u0131n\u0131 s\u00f6yleyen Ak\u0131n, &#8220;Bizim i\u00e7in mesele sadece yemek sunmak de\u011fil. \u00a0Bizim i\u00e7in mesele e\u015fitli\u011fi b\u00fcy\u00fctmek, dayan\u0131\u015fmay\u0131 \u00e7o\u011faltmak, \u00f6\u011frencilerimizin e\u011fitim yolculu\u011funa destek olmakt\u0131r. Bu projede eme\u011fi ge\u00e7en herkese te\u015fekk\u00fcr ediyorum.&#8221; dedi.<\/span><\/p>\n","protected":false},"excerpt":{"rendered":"<p>\u201cBal\u0131kesir\u2019de hi\u00e7bir \u00e7ocuk yata\u011fa a\u00e7 girmeyecek&#8221; ilkesiyle \u015fehirde e\u011fitim g\u00f6ren \u00f6\u011frencilerin her zaman yan\u0131nda olan Bal\u0131kesir B\u00fcy\u00fck\u015fehir Belediye Ba\u015fkan\u0131 Ahmet<\/p>\n","protected":false},"author":3,"featured_media":28949,"comment_status":"open","ping_status":"closed","sticky":false,"template":"","format":"standard","meta":{"colormag_page_container_layout":"default_layout","colormag_page_sidebar_layout":"default_layout","footnotes":""},"categories":[1,5,8],"tags":[],"class_list":["post-28948","post","type-post","status-publish","format-standard","has-post-thumbnail","hentry","category-genel","category-gundem","category-siyaset"],"_links":{"self":[{"href":"https:\/\/marmarayerelhizmet.com\/index.php\/wp-json\/wp\/v2\/posts\/28948","targetHints":{"allow":["GET"]}}],"collection":[{"href":"https:\/\/marmarayerelhizmet.com\/index.php\/wp-json\/wp\/v2\/posts"}],"about":[{"href":"https:\/\/marmarayerelhizmet.com\/index.php\/wp-json\/wp\/v2\/types\/post"}],"author":[{"embeddable":true,"href":"https:\/\/marmarayerelhizmet.com\/index.php\/wp-json\/wp\/v2\/users\/3"}],"replies":[{"embeddable":true,"href":"https:\/\/marmarayerelhizmet.com\/index.php\/wp-json\/wp\/v2\/comments?post=28948"}],"version-history":[{"count":0,"href":"https:\/\/marmarayerelhizmet.com\/index.php\/wp-json\/wp\/v2\/posts\/28948\/revisions"}],"wp:featuredmedia":[{"embeddable":true,"href":"https:\/\/marmarayerelhizmet.com\/index.php\/wp-json\/wp\/v2\/media\/28949"}],"wp:attachment":[{"href":"https:\/\/marmarayerelhizmet.com\/index.php\/wp-json\/wp\/v2\/media?parent=28948"}],"wp:term":[{"taxonomy":"category","embeddable":true,"href":"https:\/\/marmarayerelhizmet.com\/index.php\/wp-json\/wp\/v2\/categories?post=28948"},{"taxonomy":"post_tag","embeddable":true,"href":"https:\/\/marmarayerelhizmet.com\/index.php\/wp-json\/wp\/v2\/tags?post=28948"}],"curies":[{"name":"wp","href":"https:\/\/api.w.org\/{rel}","templated":true}]}}