{"id":28945,"date":"2025-09-15T20:32:00","date_gmt":"2025-09-15T17:32:00","guid":{"rendered":"https:\/\/marmarayerelhizmet.com\/?p=28945"},"modified":"2025-09-18T20:33:03","modified_gmt":"2025-09-18T17:33:03","slug":"dursunbeyde-ulasim-konforunu-artti","status":"publish","type":"post","link":"https:\/\/marmarayerelhizmet.com\/index.php\/2025\/09\/15\/dursunbeyde-ulasim-konforunu-artti\/","title":{"rendered":"Dursunbey\u2019de Ula\u015f\u0131m Konforunu Artt\u0131"},"content":{"rendered":"<p><strong><span style=\"font-family: arial, helvetica, sans-serif; font-size: 14px;\">Bal\u0131kesir B\u00fcy\u00fck\u015fehir Belediyesi taraf\u0131ndan Dursunbey\u2019in Delice Mahallesi\u2019nde vatanda\u015flar\u0131n \u00f6ncelikli taleplerinden olan yolda 11 kilometrelik sathi kaplama \u00e7al\u0131\u015fmas\u0131 ger\u00e7ekle\u015ftirildi. Modern ve konforlu bir hale getirilen yol, vatanda\u015flardan tam not ald\u0131.<\/span><\/strong><\/p>\n<p><span style=\"font-family: arial, helvetica, sans-serif; font-size: 14px;\">Bal\u0131kesir\u2019in 20 il\u00e7esine e\u015fit ve adil hizmet ula\u015ft\u0131rmak i\u00e7in \u00e7al\u0131\u015fmalar\u0131n\u0131 s\u00fcrd\u00fcren Bal\u0131kesir B\u00fcy\u00fck\u015fehir Belediyesi, Dursunbey\u2019in Delice Mahallesi\u2019nde 11 kilometrelik yolda sathi kaplama \u00e7al\u0131\u015fmalar\u0131n\u0131 tamamlad\u0131. Dursunbey\u2019e ba\u011fl\u0131 Delice Mahallesi\u2019nde y\u0131llard\u0131r \u00fcst\u00fc yamalarla kapat\u0131lan ve k\u0131sa s\u00fcreli \u00e7\u00f6z\u00fcmler sa\u011flanan yolda t\u00fcm bak\u0131m ve onar\u0131m \u00e7al\u0131\u015fmalar\u0131n\u0131n ard\u0131ndan Ba\u015fkan Ak\u0131n liderli\u011finde Bal\u0131kesir B\u00fcy\u00fck\u015fehir Belediyesi Yol Yap\u0131m, Bak\u0131m ve Onar\u0131m Dairesi Ba\u015fkanl\u0131\u011f\u0131n\u0131n koordinasyonunda sathi kaplama \u00e7al\u0131\u015fmas\u0131 yap\u0131ld\u0131. Mevcut yolun \u00f6mr\u00fcn\u00fc uzatmak ve s\u00fcr\u00fc\u015f konforunu art\u0131rmak i\u00e7in yap\u0131lan \u00e7al\u0131\u015fma kapsam\u0131nda yolun dayan\u0131kl\u0131l\u0131\u011f\u0131 da art\u0131r\u0131ld\u0131. Vatanda\u015flar, her g\u00fcn ge\u00e7tikleri yolun yenilenmesi nedeniyle mutlu olduklar\u0131n\u0131 s\u00f6ylediler.<\/span><\/p>\n<p><span style=\"font-family: arial, helvetica, sans-serif; font-size: 14px;\"><strong>\u201cYOLUN \u00d6NCEK\u0130 HAL\u0130 DAYANIKSIZ VE YIPRANMI\u015eTI\u201d<br \/>\n<\/strong><\/span><span style=\"font-family: arial, helvetica, sans-serif; font-size: 14px;\">Y\u0131llard\u0131r vatanda\u015f\u0131n dert yand\u0131\u011f\u0131 yolun Bal\u0131kesir B\u00fcy\u00fck\u015fehir Belediye Ba\u015fkan\u0131 Ahmet Ak\u0131n\u2019\u0131n giri\u015fimleriyle yenilendi\u011fini s\u00f6yleyen mahalle sakinlerinden Mehmet Evcimen, \u201cYolun \u00f6nceki hali \u00e7ok y\u0131pranm\u0131\u015f, dayan\u0131ks\u0131z ve da\u011f\u0131n\u0131kt\u0131. Bu yolu yapan Bal\u0131kesir B\u00fcy\u00fck\u015fehir Belediyesinden \u00e7ok memnunuz. Eme\u011fi ge\u00e7enlerden Allah raz\u0131 olsun.\u201d diyerek memnuniyetini dile getirdi. Yolun yeni halinin \u00e7ok g\u00fczel oldu\u011funu belirten Osman Ata, \u201cBu yol daha \u00f6nceden yap\u0131lmad\u0131, yamalarla kapat\u0131ld\u0131 ama idare etmeye \u00e7al\u0131\u015f\u0131yorduk. Yol yap\u0131l\u0131nca tabii daha iyi oldu ve \u00e7ok memnun olduk. Yolumuzu yapanlara \u00e7ok te\u015fekk\u00fcr ederiz.\u201d \u015feklinde konu\u015ftu.<\/span><\/p>\n<p><span style=\"font-family: arial, helvetica, sans-serif; font-size: 14px;\"><strong>\u201cYOLUMUZ \u00c7OK G\u00dcZEL OLDU\u201d<br \/>\n<\/strong><\/span><span style=\"font-family: arial, helvetica, sans-serif; font-size: 14px;\">K\u0131sa s\u00fcrede tamamlanan \u00e7al\u0131\u015fmalarla yolun yeni halinden \u00e7ok memnun oldu\u011funu dile getiren Ahmet Demirda\u011f, \u201cYolumuz olduk\u00e7a bozuktu. Yakla\u015f\u0131k 15 y\u0131ld\u0131r bu yoldan gidip geliyorum. G\u00fcnl\u00fck servislerle de kendi arac\u0131mla da gidip geliyorum. Yolumuz bozuktu ama \u015fu an \u00e7al\u0131\u015fmalar da yap\u0131ld\u0131 ve \u00e7ok g\u00fczel oldu. Bal\u0131kesir B\u00fcy\u00fck\u015fehir Belediye Ba\u015fkan\u0131m\u0131z Ahmet Ak\u0131n\u2019a ve eme\u011fi ge\u00e7enlere \u00e7ok te\u015fekk\u00fcr ederim.\u201d dedi.<\/span><\/p>\n<p><span style=\"font-family: arial, helvetica, sans-serif; font-size: 14px;\"><strong>\u201cAHMET BA\u015eKAN\u2019IMIZA TALEB\u0130M\u0130Z\u0130 \u0130LET\u0130R \u0130LETMEZ \u00c7ALI\u015eMALAR BA\u015eLADI\u201d<br \/>\n<\/strong><\/span><span style=\"font-family: arial, helvetica, sans-serif; font-size: 14px;\">Ba\u015fkan Ak\u0131n\u2019a yol taleplerini iletmelerinin ard\u0131ndan k\u0131sa s\u00fcrede \u00e7al\u0131\u015fmalar\u0131n tamamland\u0131\u011f\u0131n\u0131 belirten Delice Mahallesi Muhtar\u0131 H\u00fcsamettin G\u00fcm\u00fc\u015f, \u201cYollar\u0131m\u0131zda bozulmalar ba\u015flam\u0131\u015ft\u0131. Bu bozulmalar\u0131 \u00f6ncelikle il\u00e7e belediyemize, kaymakaml\u0131\u011fa, valili\u011fimize ve Bal\u0131kesir B\u00fcy\u00fck\u015fehir Belediye Ba\u015fkan\u0131m\u0131z Ahmet Ak\u0131n\u2019a bizzat kendim ilettim. Say\u0131n Ahmet Ak\u0131n bu konuyla ilgilenece\u011fini s\u00f6yledi ve hemen arkas\u0131ndan sa\u011f olsun k\u0131sa bir zamanda ilgilendiler. \u00d6nce yolumuzun alt yap\u0131s\u0131n\u0131 yapt\u0131lar. \u00c7\u00fcr\u00fck yerlerini kald\u0131r\u0131p ta\u015flar\u0131 d\u00f6\u015fediler. \u00c7al\u0131\u015fmalar\u0131 k\u0131sa zamanda tamamlad\u0131lar. K\u00f6yl\u00fcm\u00fcz, vatanda\u015flar\u0131m\u0131z mutlu. Ben t\u00fcm vatanda\u015flar\u0131m\u0131z ad\u0131na da te\u015fekk\u00fcr ederim.\u201d \u015feklinde konu\u015ftu.<\/span><\/p>\n","protected":false},"excerpt":{"rendered":"<p>Bal\u0131kesir B\u00fcy\u00fck\u015fehir Belediyesi taraf\u0131ndan Dursunbey\u2019in Delice Mahallesi\u2019nde vatanda\u015flar\u0131n \u00f6ncelikli taleplerinden olan yolda 11 kilometrelik sathi kaplama \u00e7al\u0131\u015fmas\u0131 ger\u00e7ekle\u015ftirildi. Modern ve<\/p>\n","protected":false},"author":3,"featured_media":28946,"comment_status":"open","ping_status":"closed","sticky":false,"template":"","format":"standard","meta":{"colormag_page_container_layout":"default_layout","colormag_page_sidebar_layout":"default_layout","footnotes":""},"categories":[1,5,8],"tags":[],"class_list":["post-28945","post","type-post","status-publish","format-standard","has-post-thumbnail","hentry","category-genel","category-gundem","category-siyaset"],"_links":{"self":[{"href":"https:\/\/marmarayerelhizmet.com\/index.php\/wp-json\/wp\/v2\/posts\/28945","targetHints":{"allow":["GET"]}}],"collection":[{"href":"https:\/\/marmarayerelhizmet.com\/index.php\/wp-json\/wp\/v2\/posts"}],"about":[{"href":"https:\/\/marmarayerelhizmet.com\/index.php\/wp-json\/wp\/v2\/types\/post"}],"author":[{"embeddable":true,"href":"https:\/\/marmarayerelhizmet.com\/index.php\/wp-json\/wp\/v2\/users\/3"}],"replies":[{"embeddable":true,"href":"https:\/\/marmarayerelhizmet.com\/index.php\/wp-json\/wp\/v2\/comments?post=28945"}],"version-history":[{"count":0,"href":"https:\/\/marmarayerelhizmet.com\/index.php\/wp-json\/wp\/v2\/posts\/28945\/revisions"}],"wp:featuredmedia":[{"embeddable":true,"href":"https:\/\/marmarayerelhizmet.com\/index.php\/wp-json\/wp\/v2\/media\/28946"}],"wp:attachment":[{"href":"https:\/\/marmarayerelhizmet.com\/index.php\/wp-json\/wp\/v2\/media?parent=28945"}],"wp:term":[{"taxonomy":"category","embeddable":true,"href":"https:\/\/marmarayerelhizmet.com\/index.php\/wp-json\/wp\/v2\/categories?post=28945"},{"taxonomy":"post_tag","embeddable":true,"href":"https:\/\/marmarayerelhizmet.com\/index.php\/wp-json\/wp\/v2\/tags?post=28945"}],"curies":[{"name":"wp","href":"https:\/\/api.w.org\/{rel}","templated":true}]}}