{"id":28935,"date":"2025-09-07T13:31:39","date_gmt":"2025-09-07T10:31:39","guid":{"rendered":"https:\/\/marmarayerelhizmet.com\/?p=28935"},"modified":"2025-09-07T13:31:39","modified_gmt":"2025-09-07T10:31:39","slug":"103-yillik-gurur-meydanlara-sigmadi","status":"publish","type":"post","link":"https:\/\/marmarayerelhizmet.com\/index.php\/2025\/09\/07\/103-yillik-gurur-meydanlara-sigmadi\/","title":{"rendered":"103 Y\u0131ll\u0131k Gurur Meydanlara S\u0131\u011fmad\u0131"},"content":{"rendered":"<div class=\"tg-post\">\n<article id=\"post-45017\" class=\"post-45017 post type-post status-publish format-standard has-post-thumbnail hentry category-genel category-ilceler category-siyaset\">\n<div class=\"cm-post-content\">\n<div class=\"cm-entry-summary\">\n<p><span style=\"font-family: arial, helvetica, sans-serif; font-size: 14px;\"><strong>Bal\u0131kesir\u2019in d\u00fc\u015fman i\u015fgalinden kurtulu\u015funun 103. y\u0131l\u0131, Alt\u0131eyl\u00fcl\u2019de d\u00fczenlenen 3 g\u00fcnl\u00fck dolu dolu etkinliklerle kutland\u0131. Meydanlar\u0131 dolduran binlerce vatanda\u015f, tarihe tan\u0131kl\u0131k ederken co\u015fkuyu doyas\u0131ya ya\u015fad\u0131.<br \/>\n<\/strong><\/span><br \/>\n<span style=\"font-family: arial, helvetica, sans-serif; font-size: 14px;\">Alt\u0131eyl\u00fcl Belediyesi\u2019nin ev sahipli\u011finde, Bal\u0131kesir B\u00fcy\u00fck\u015fehir Belediyesi\u2019nin katk\u0131lar\u0131yla ger\u00e7ekle\u015fen 6 Eyl\u00fcl Kurtulu\u015f G\u00fcn\u00fc etkinlikleri, bu y\u0131l da unutulmaz anlara sahne oldu. 4 Eyl\u00fcl\u2019de kortej y\u00fcr\u00fcy\u00fc\u015f\u00fcyle ba\u015flayan kutlamalar, 6 Eyl\u00fcl\u2019e kadar s\u00fcren k\u00fclt\u00fcrel, sportif ve sanatsal etkinliklerle devam etti.<\/span><\/p>\n<p><span style=\"font-family: arial, helvetica, sans-serif; font-size: 14px;\"><strong>A\u00e7\u0131l\u0131\u015f Kurdelesini Ba\u015fkanlar Birlikte Kesti<\/strong><\/span><br \/>\n<span style=\"font-family: arial, helvetica, sans-serif; font-size: 14px;\">Kutlama program\u0131n\u0131n a\u00e7\u0131l\u0131\u015f\u0131, Bal\u0131kesir B\u00fcy\u00fck\u015fehir Belediye Ba\u015fkan\u0131 Ahmet Ak\u0131n, Alt\u0131eyl\u00fcl Belediye Ba\u015fkan\u0131 Hakan \u015eehirli ve CHP Bal\u0131kesir Milletvekili Serkan Sar\u0131\u2019n\u0131n kat\u0131l\u0131m\u0131yla yap\u0131ld\u0131. Alt\u0131eyl\u00fcl il\u00e7esinde kurulan Kad\u0131n Eme\u011fi \u00c7ar\u015f\u0131s\u0131, kad\u0131nlar\u0131n el eme\u011fi g\u00f6z nuru \u00fcr\u00fcnlerini sergilemesi a\u00e7\u0131s\u0131ndan b\u00fcy\u00fck be\u011feni toplad\u0131. A\u00e7\u0131l\u0131\u015f kurdelesini birlikte kesen protokol \u00fcyeleri, stantlar\u0131 gezerek kad\u0131n \u00fcreticilere destek mesaj\u0131 verdi. Etkinliklerin ilk g\u00fcn\u00fc, 4 Eyl\u00fcl ak\u015fam\u0131 Mustafakemalpa\u015fa Belediye Orkestras\u0131 ve G\u00f6n\u00fcll\u00fc Korosunun sahne ald\u0131\u011f\u0131 80\u2019ler \u2013 90\u2019lar nostalji konseri ile ba\u015flad\u0131. Ard\u0131ndan sahne alan Yeni Sayfa rock grubu, enerjik performans\u0131yla izleyicilere m\u00fczik dolu bir gece ya\u015fatt\u0131. Meydan\u0131 dolduran Bal\u0131kesirliler, \u015fark\u0131lara hep bir a\u011f\u0131zdan e\u015flik ederek kurtulu\u015f co\u015fkusunu doruklarda ya\u015fad\u0131.<\/span><\/p>\n<p><span style=\"font-family: arial, helvetica, sans-serif; font-size: 14px;\"><strong>\u0130kinci G\u00fcn Uluslararas\u0131 Renklerle \u015eenlendi<\/strong><\/span><br \/>\n<span style=\"font-family: arial, helvetica, sans-serif; font-size: 14px;\">5 Eyl\u00fcl\u2019de Kuvayi Milliye Meydan\u0131\u2019nda ger\u00e7ekle\u015fen ikinci g\u00fcn etkinlikleri ise tam anlam\u0131yla g\u00f6rsel bir \u015f\u00f6lene d\u00f6n\u00fc\u015ft\u00fc. \u0130stanbul B\u00fcy\u00fck\u015fehir Belediyesi Mehter Tak\u0131m\u0131 ile G\u00fcrcistan\u2019\u0131n d\u00fcnyaca \u00fcnl\u00fc dans toplulu\u011fu Georgia Ajarian Song &amp; Dance State Academic Ensemble Arsiani, izleyenleri adeta b\u00fcy\u00fcledi. G\u00f6sterileri b\u00fcy\u00fck be\u011feni toplarken, meydanda toplanan vatanda\u015flar gecenin sonuna kadar co\u015fkuyu elden b\u0131rakmad\u0131. Ayn\u0131 g\u00fcn, \u00e7ocuklara \u00f6zel haz\u0131rlanan sahnelerde palya\u00e7o ve sihirbaz g\u00f6sterileri minik izleyicilere keyifli anlar ya\u015fatt\u0131.<\/span><\/p>\n<p><span style=\"font-family: arial, helvetica, sans-serif; font-size: 14px;\"><strong>Kurtulu\u015f G\u00fcn\u00fcnde co\u015fku SOLOT\u00dcRK\u2019le Zirveye Ula\u015ft\u0131<\/strong><\/span><br \/>\n<span style=\"font-family: arial, helvetica, sans-serif; font-size: 14px;\">6 Eyl\u00fcl sabah\u0131, Atat\u00fcrk An\u0131t\u0131\u2019na \u00e7elenk sunumu ile ba\u015flayan kutlamalar, resmi ge\u00e7it t\u00f6reniyle devam etti. Bal\u0131kesir protokol\u00fc halk\u0131 selamlarken, \u015fehrin simgesi haline gelen T\u00fcl\u00fctabaklar bu y\u0131l da renkli g\u00f6r\u00fcnt\u00fclere sahne oldu. Alt\u0131eyl\u00fcl Gazi Mustafa Kemal Atat\u00fcrk Spor Kompleksi\u2019nde d\u00fczenlenen Aquatlon turnuvas\u0131nda minik sporcular k\u0131yas\u0131ya yar\u0131\u015ft\u0131. Zorlu parkuru ba\u015far\u0131yla tamamlayan sporculara madalyalar\u0131n\u0131 Alt\u0131eyl\u00fcl Belediye Ba\u015fkan\u0131 Hakan \u015eehirli takdim etti. G\u00fcn\u00fcn devam\u0131nda Halalca Mahallesi\u2019nde ger\u00e7ekle\u015ftirilen Kurtulu\u015f Ko\u015fusu, Atl\u0131 Ok\u00e7uluk G\u00f6sterileri ve De\u011fnek M\u00fcsabakas\u0131, izleyenlere adeta nefes kesen anlar ya\u015fatt\u0131. At \u00fczerinde yap\u0131lan akrobatik hareketler ve tarihi gelenekleri ya\u015fatan g\u00f6steriler izleyicilerden tam not ald\u0131. Etkinliklerin en \u00e7ok ilgi g\u00f6ren anlar\u0131ndan biri ise hi\u00e7 \u015f\u00fcphesiz SOLOT\u00dcRK g\u00f6sterisiydi. Bal\u0131kesir Merkez Havaliman\u0131\u2019n\u0131 dolduran binlerce vatanda\u015f, T\u00fcrk Hava Kuvvetleri\u2019nin gururu olan SOLOT\u00dcRK pilotlar\u0131n\u0131n ger\u00e7ekle\u015ftirdi\u011fi akrobasi g\u00f6sterileriyle g\u00f6ky\u00fcz\u00fcne hayran kald\u0131. Y\u00fcksek h\u0131z ve hassas manevralarla g\u00f6ky\u00fcz\u00fcn\u00fc adeta dans pistine \u00e7eviren SOLOT\u00dcRK ekibi, dakikalarca ayakta alk\u0131\u015fland\u0131.<\/span><\/p>\n<p><span style=\"font-family: arial, helvetica, sans-serif; font-size: 14px;\"><strong>Finalde Nostaljik Yolculuk<\/strong><\/span><br \/>\n<span style=\"font-family: arial, helvetica, sans-serif; font-size: 14px;\">Kutlamalar\u0131n finali, Kuvayi Milliye Meydan\u0131\u2019nda kurulan sahnede \u0130stanbul B\u00fcy\u00fck\u015fehir Belediyesi Bandosu ile Bal\u0131kesir B\u00fcy\u00fck\u015fehir Belediyesi Kent Orkestras\u0131n\u0131n konseriyle ger\u00e7ekle\u015fti Binlerce Bal\u0131kesirlinin bir araya geldi\u011fi meydanda, \u00f6zenle haz\u0131rlanan sahnede m\u00fczi\u011fin evrensel dili ile tarihi bir bulu\u015fma ger\u00e7ekle\u015fti. Gecenin parlayan y\u0131ld\u0131zlar\u0131 \u0130stanbul B\u00fcy\u00fck\u015fehir Belediyesi Bandosu ve Bal\u0131kesir B\u00fcy\u00fck\u015fehir Belediyesi Kent Orkestras\u0131 oldu. \u0130ki farkl\u0131 \u015fehrin m\u00fczik toplulu\u011fu, ortak de\u011ferler etraf\u0131nda bir araya gelerek, kurtulu\u015f m\u00fccadelesinin ruhunu m\u00fczikle bulu\u015fturdu. Konser boyunca \u00e7al\u0131nan nostaljik ezgiler, sanki zaman makinesine d\u00f6n\u00fc\u015ft\u00fc. Kurtulu\u015f Sava\u015f\u0131 d\u00f6neminin mar\u015flar\u0131, Cumhuriyet\u2019in ilk y\u0131llar\u0131n\u0131n umut dolu t\u00fcrk\u00fcleri ve milletin haf\u0131zas\u0131nda yer etmi\u015f klasik eserler, dinleyicileri ge\u00e7mi\u015fe g\u00f6t\u00fcrd\u00fc. Meydan\u0131 dolduran Bal\u0131kesirliler, m\u00fczi\u011fin b\u00fcy\u00fcl\u00fc atmosferinde kurtulu\u015fun gururunu ve co\u015fkusunu doyas\u0131ya ya\u015fad\u0131.<\/span><\/p>\n<p><span style=\"font-family: arial, helvetica, sans-serif; font-size: 14px;\"><strong>Ba\u015fkanlardan Te\u015fekk\u00fcr Mesaj\u0131<\/strong><\/span><br \/>\n<span style=\"font-family: arial, helvetica, sans-serif; font-size: 14px;\">Kutlama programlar\u0131nda konu\u015fan Bal\u0131kesir B\u00fcy\u00fck\u015fehir Belediye Ba\u015fkan\u0131 Ahmet Ak\u0131n ve Alt\u0131eyl\u00fcl Belediye Ba\u015fkan\u0131 Hakan \u015eehirli, t\u00fcm Bal\u0131kesirlilere kat\u0131l\u0131mlar\u0131ndan dolay\u0131 te\u015fekk\u00fcr etti. Ba\u015fkan Ak\u0131n, \u201cBal\u0131kesir, kurtulu\u015fun, direni\u015fin ve Kuvay\u0131 Milliye\u2019nin \u015fehridir. 103 y\u0131l \u00f6nce bu topraklarda yanan ba\u011f\u0131ms\u0131zl\u0131k ate\u015fi, bug\u00fcn de kalbimizde ayn\u0131 heyecanla yan\u0131yor. Kurtulu\u015f matinelerinde halk\u0131m\u0131zla bir araya gelmek, bu b\u00fcy\u00fck onuru birlikte kutlamak bizim i\u00e7in \u00e7ok k\u0131ymetli. Bu co\u015fku, bu birlik duygusu Bal\u0131kesir\u2019in \u00f6z\u00fcd\u00fcr. Hep birlikte, ge\u00e7mi\u015ften ald\u0131\u011f\u0131m\u0131z ilhamla gelece\u011fe daha g\u00fc\u00e7l\u00fc y\u00fcr\u00fcyoruz. T\u00fcm hem\u015fehrilerime kat\u0131l\u0131mlar\u0131 i\u00e7in te\u015fekk\u00fcr ediyorum.\u201d dedi. Alt\u0131eyl\u00fcl Belediye Ba\u015fkan\u0131 Hakan \u015eehirli ise kurtulu\u015fun \u00f6nemine dikkat \u00e7ekerek \u015fu mesaj\u0131 verdi: \u201cAlt\u0131eyl\u00fcl\u2019\u00fcn her k\u00f6\u015fesinde dalgalanan bayraklar, yank\u0131lanan mar\u015flar ve meydanlar\u0131 dolduran vatanda\u015flar\u0131m\u0131z, bu \u015fehrin ne kadar g\u00fc\u00e7l\u00fc bir ruha sahip oldu\u011funu bir kez daha g\u00f6sterdi. Bu, sadece bir kutlama de\u011fil; atalar\u0131m\u0131za bir vefa, ba\u011f\u0131ms\u0131zl\u0131k m\u00fccadelemize bir sayg\u0131 duru\u015fudur. Kurtulu\u015fun 103. y\u0131l\u0131nda bizlere d\u00fc\u015fen g\u00f6rev, bu ruhu ya\u015fatmak ve gelecek nesillere aktarmakt\u0131r. T\u00fcm halk\u0131m\u0131za g\u00f6n\u00fclden te\u015fekk\u00fcr ediyorum\u201d<\/span><\/p>\n<p><span style=\"font-family: arial, helvetica, sans-serif; font-size: 14px;\"><strong>Bal\u0131kesir Kurtulu\u015funu Yine Tarihe Yazd\u0131<\/strong><\/span><br \/>\n<span style=\"font-family: arial, helvetica, sans-serif; font-size: 14px;\">103 y\u0131l \u00f6nce d\u00fc\u015fman i\u015fgalinden kurtar\u0131lan Bal\u0131kesir, bu y\u0131l da tarihine yak\u0131\u015f\u0131r bir \u015fekilde kurtulu\u015f g\u00fcn\u00fcn\u00fc kutlad\u0131. Co\u015fku, gurur ve birlik duygular\u0131n\u0131n h\u00e2kim oldu\u011fu bu \u00fc\u00e7 g\u00fcnl\u00fck program, Bal\u0131kesir\u2019in milli m\u00fccadeledeki onurlu duru\u015funu bir kez daha\u00a0hat\u0131rlatt\u0131.<\/span><\/p>\n<\/div>\n<\/div>\n<\/article>\n<\/div>\n<ul class=\"default-wp-page\">\n<li class=\"previous\"><\/li>\n<\/ul>\n","protected":false},"excerpt":{"rendered":"<p>Bal\u0131kesir\u2019in d\u00fc\u015fman i\u015fgalinden kurtulu\u015funun 103. y\u0131l\u0131, Alt\u0131eyl\u00fcl\u2019de d\u00fczenlenen 3 g\u00fcnl\u00fck dolu dolu etkinliklerle kutland\u0131. Meydanlar\u0131 dolduran binlerce vatanda\u015f, tarihe tan\u0131kl\u0131k<\/p>\n","protected":false},"author":3,"featured_media":28936,"comment_status":"open","ping_status":"open","sticky":false,"template":"","format":"standard","meta":{"colormag_page_container_layout":"default_layout","colormag_page_sidebar_layout":"default_layout","footnotes":""},"categories":[1,5,8],"tags":[],"class_list":["post-28935","post","type-post","status-publish","format-standard","has-post-thumbnail","hentry","category-genel","category-gundem","category-siyaset"],"_links":{"self":[{"href":"https:\/\/marmarayerelhizmet.com\/index.php\/wp-json\/wp\/v2\/posts\/28935","targetHints":{"allow":["GET"]}}],"collection":[{"href":"https:\/\/marmarayerelhizmet.com\/index.php\/wp-json\/wp\/v2\/posts"}],"about":[{"href":"https:\/\/marmarayerelhizmet.com\/index.php\/wp-json\/wp\/v2\/types\/post"}],"author":[{"embeddable":true,"href":"https:\/\/marmarayerelhizmet.com\/index.php\/wp-json\/wp\/v2\/users\/3"}],"replies":[{"embeddable":true,"href":"https:\/\/marmarayerelhizmet.com\/index.php\/wp-json\/wp\/v2\/comments?post=28935"}],"version-history":[{"count":0,"href":"https:\/\/marmarayerelhizmet.com\/index.php\/wp-json\/wp\/v2\/posts\/28935\/revisions"}],"wp:featuredmedia":[{"embeddable":true,"href":"https:\/\/marmarayerelhizmet.com\/index.php\/wp-json\/wp\/v2\/media\/28936"}],"wp:attachment":[{"href":"https:\/\/marmarayerelhizmet.com\/index.php\/wp-json\/wp\/v2\/media?parent=28935"}],"wp:term":[{"taxonomy":"category","embeddable":true,"href":"https:\/\/marmarayerelhizmet.com\/index.php\/wp-json\/wp\/v2\/categories?post=28935"},{"taxonomy":"post_tag","embeddable":true,"href":"https:\/\/marmarayerelhizmet.com\/index.php\/wp-json\/wp\/v2\/tags?post=28935"}],"curies":[{"name":"wp","href":"https:\/\/api.w.org\/{rel}","templated":true}]}}