{"id":28931,"date":"2025-09-05T09:51:25","date_gmt":"2025-09-05T06:51:25","guid":{"rendered":"https:\/\/marmarayerelhizmet.com\/?p=28931"},"modified":"2025-09-05T09:51:25","modified_gmt":"2025-09-05T06:51:25","slug":"kurtulus-etkinlikleri-coskuyla-basladi","status":"publish","type":"post","link":"https:\/\/marmarayerelhizmet.com\/index.php\/2025\/09\/05\/kurtulus-etkinlikleri-coskuyla-basladi\/","title":{"rendered":"Kurtulu\u015f Etkinlikleri Co\u015fkuyla Ba\u015flad\u0131"},"content":{"rendered":"<p><strong><span style=\"font-family: arial, helvetica, sans-serif; font-size: 14px;\">Kuva-y\u0131 Milliye ruhunun ilk k\u0131v\u0131lc\u0131m\u0131n\u0131n yak\u0131ld\u0131\u011f\u0131, kahramanl\u0131k destanlar\u0131yla dolu Bal\u0131kesir\u2019de, 6 Eyl\u00fcl Kurtulu\u015f G\u00fcn\u00fc etkinlikleri b\u00fcy\u00fck bir co\u015fku ve gururla ba\u015flad\u0131. Kurtulu\u015f Haftas\u0131 kapsam\u0131nda d\u00fczenlenen etkinlikler, ge\u00e7mi\u015fin \u015fanl\u0131 m\u00fccadelelerini yad ederken, gelecek nesillere umut a\u015f\u0131layan mesajlarla dolu anlara sahne oldu.<\/span><\/strong><\/p>\n<p><strong><span style=\"font-family: arial, helvetica, sans-serif; font-size: 14px;\">Kad\u0131n Eme\u011fi \u00c7ar\u015f\u0131s\u0131 A\u00e7\u0131ld\u0131<\/span><\/strong><br \/>\n<span style=\"font-family: arial, helvetica, sans-serif; font-size: 14px;\">Kurtulu\u015f Haftas\u0131 kapsam\u0131nda Alt\u0131eyl\u00fcl il\u00e7esinde kurulan Kad\u0131n Eme\u011fi \u00c7ar\u015f\u0131s\u0131, Bal\u0131kesir B\u00fcy\u00fck\u015fehir Belediye Ba\u015fkan\u0131 Ahmet Ak\u0131n, Alt\u0131eyl\u00fcl Belediye Ba\u015fkan\u0131 Hakan \u015eehirli ve CHP Bal\u0131kesir Milletvekili Serkan Sar\u0131\u2019n\u0131n kat\u0131l\u0131m\u0131yla a\u00e7\u0131ld\u0131. Protokol \u00fcyeleri a\u00e7\u0131l\u0131\u015f kurdelesini birlikte keserek, kad\u0131nlar\u0131n el eme\u011fi \u00fcr\u00fcnlerini sergiledi\u011fi stantlar\u0131 gezdi.<\/span><br \/>\n<span style=\"font-family: arial, helvetica, sans-serif; font-size: 14px;\">Kad\u0131n giri\u015fimcili\u011fini desteklemek amac\u0131yla d\u00fczenlenen bu anlaml\u0131 organizasyonda, y\u00f6resel \u00fcr\u00fcnlerden el sanatlar\u0131na kadar pek \u00e7ok emek dolu eser yer ald\u0131. Vatanda\u015flar, yerel \u00fcreticilere destek olmak i\u00e7in \u00e7ar\u015f\u0131ya yo\u011fun ilgi g\u00f6sterdi. Belediye ba\u015fkanlar\u0131 da stantlar\u0131 tek tek ziyaret ederek kad\u0131n \u00fcreticilerle sohbet etti, hay\u0131rl\u0131 i\u015fler diledi.<\/span><\/p>\n<p><strong><span style=\"font-family: arial, helvetica, sans-serif; font-size: 14px;\">\u201cBu Topraklar Destanlar\u0131n Yaz\u0131ld\u0131\u011f\u0131 Topraklard\u0131r\u201d<\/span><\/strong><br \/>\n<span style=\"font-family: arial, helvetica, sans-serif; font-size: 14px;\">Alt\u0131eyl\u00fcl Belediye Ba\u015fkan\u0131 Hakan \u015eehirli, a\u00e7\u0131l\u0131\u015fta yapt\u0131\u011f\u0131 konu\u015fmada, 6 Eyl\u00fcl\u2019\u00fcn sadece bir zafer g\u00fcn\u00fc de\u011fil; ayn\u0131 zamanda milletin birlik ve inan\u00e7la aya\u011fa kalk\u0131\u015f\u0131n\u0131n timsali oldu\u011funu vurgulad\u0131. Ba\u015fkan \u015eehirli \u201cBug\u00fcn bizleri burada bulu\u015fturan, yaln\u0131zca bir tarih de\u011fil; ayn\u0131 zamanda \u00f6zg\u00fcrl\u00fc\u011f\u00fcn, cesaretin ve inanc\u0131n simgesidir. 6 Eyl\u00fcl, milletimizin \u2018ya istiklal ya \u00f6l\u00fcm\u2019 diyerek yazd\u0131\u011f\u0131 destan\u0131n en anlaml\u0131 sayfalar\u0131ndan biridir. Bu topraklarda m\u00fccadele eden isimsiz kahramanlar\u0131m\u0131z\u0131, vatan i\u00e7in g\u00f6z\u00fcn\u00fc k\u0131rpmadan can\u0131n\u0131 feda eden \u015fehitlerimizi, ve gazi olup dimdik ayakta duran yi\u011fitlerimizi rahmetle, minnetle an\u0131yoruz.&#8221; Ba\u015fkan \u015eehirli, Bal\u0131kesir\u2019in Kuvay\u0131 Milliye ruhuyla yo\u011frulmu\u015f bir \u015fehir oldu\u011funa dikkat \u00e7ekerek s\u00f6zlerini \u015f\u00f6yle s\u00fcrd\u00fcrd\u00fc: \u201cBizler, \u2018Kuva-y\u0131 Milliye \u015eehri Bal\u0131kesir\u2019in evlatlar\u0131 olarak, ba\u011f\u0131ms\u0131zl\u0131\u011f\u0131m\u0131z\u0131n de\u011ferini bilmek ve bu kutsal emaneti gelecek nesillere ta\u015f\u0131makla m\u00fckellefiz. Bug\u00fcn kutlad\u0131\u011f\u0131m\u0131z bu kurtulu\u015f g\u00fcn\u00fc, sadece ge\u00e7mi\u015fi yad etmek de\u011fil; ayn\u0131 zamanda gelece\u011fe umutla bakmak, ge\u00e7mi\u015ften ald\u0131\u011f\u0131m\u0131z ilhamla daha g\u00fc\u00e7l\u00fc bir yar\u0131n in\u015fa etmektir. \u015eehitlerimizin emaneti olan bu vatan\u0131 her ko\u015fulda koruyaca\u011f\u0131z. Birlik ve beraberli\u011fimiz, en b\u00fcy\u00fck g\u00fcc\u00fcm\u00fczd\u00fcr.\u201d dedi.<\/span><\/p>\n<p><strong><span style=\"font-family: arial, helvetica, sans-serif; font-size: 14px;\">\u201cBal\u0131kesir\u2019in Ba\u011f\u0131ms\u0131zl\u0131k Ate\u015fi Hi\u00e7 S\u00f6nmedi, S\u00f6nmeyecek\u201d<\/span><\/strong><br \/>\n<span style=\"font-family: arial, helvetica, sans-serif; font-size: 14px;\">Bal\u0131kesir B\u00fcy\u00fck\u015fehir Belediye Ba\u015fkan\u0131 Ahmet Ak\u0131n, t\u00f6rende yapt\u0131\u011f\u0131 konu\u015fmada \u015fehrin tarihsel misyonuna ve milli m\u00fccadeledeki \u00f6nc\u00fc rol\u00fcne vurgu yapt\u0131. Ak\u0131n, Bal\u0131kesir\u2019in sadece bir \u015fehir de\u011fil, bir direni\u015fin ve uyan\u0131\u015f\u0131n ad\u0131 oldu\u011funun alt\u0131n\u0131 \u00e7izdi. Bal\u0131kesir B\u00fcy\u00fck\u015fehir Belediye Ba\u015fkan\u0131 Ahmet Ak\u0131n \u201cBizler, tarihi de\u011fi\u015ftiren Bal\u0131kesir\u2019i d\u00fc\u015fman i\u015fgalinden kurtaran Kuvay\u0131 Milliyecilerin torunlar\u0131y\u0131z. 103 y\u0131l \u00f6nce bu topraklarda yak\u0131lan ba\u011f\u0131ms\u0131zl\u0131k ate\u015fi, o g\u00fcn nas\u0131l g\u00fc\u00e7l\u00fc yan\u0131yorsa bug\u00fcn de ayn\u0131 inan\u00e7 ve kararl\u0131l\u0131kla yanmaya devam ediyor. \u00c7\u00fcnk\u00fc bu ate\u015f, halk\u0131m\u0131z\u0131n y\u00fcre\u011finde yan\u0131yor. \u201cGen\u00e7lerimize sesleniyorum; atalar\u0131n\u0131z\u0131n verdi\u011fi bu b\u00fcy\u00fck m\u00fccadeleyi asla unutmay\u0131n. Bu \u015fehir, ilk ve son kur\u015funun at\u0131ld\u0131\u011f\u0131 yer. Her kar\u0131\u015f topra\u011f\u0131 direni\u015fle, al\u0131n teriyle, kanla sulanm\u0131\u015ft\u0131r. Bizlere d\u00fc\u015fen, bu onurlu ge\u00e7mi\u015fi sadece anmak de\u011fil, ya\u015fatmak, korumak ve daha ileri ta\u015f\u0131makt\u0131r. Bal\u0131kesir\u2019in ba\u011f\u0131ms\u0131zl\u0131k ate\u015fi hi\u00e7 s\u00f6nmedi, s\u00f6nmeyecek.\u201d diye konu\u015ftu.<\/span><\/p>\n<p><strong><span style=\"font-family: arial, helvetica, sans-serif; font-size: 14px;\">\u201cBu Topraklar Kahramanl\u0131klarla Yo\u011fruldu\u201d<\/span><\/strong><br \/>\n<span style=\"font-family: arial, helvetica, sans-serif; font-size: 14px;\">CHP Bal\u0131kesir Milletvekili Serkan Sar\u0131 da etkinlikte yapt\u0131\u011f\u0131 konu\u015fmada, Bal\u0131kesir\u2019in Milli M\u00fccadele tarihindeki kilit rol\u00fcne dikkat \u00e7ekti. Sar\u0131 \u201cMilli M\u00fccadele\u2019nin ilk ate\u015finin yak\u0131ld\u0131\u011f\u0131 bu topraklar, yaln\u0131zca askeri zaferlerin de\u011fil, ayn\u0131 zamanda halk\u0131n topyek\u00fbn direni\u015finin sembol\u00fcd\u00fcr. Bal\u0131kesir halk\u0131, i\u015fgale ilk kar\u015f\u0131 koyanlardan olmu\u015f, korkmadan, y\u0131lmadan m\u00fccadele etmi\u015ftir. \u0130lk kur\u015funun ve son direni\u015fin oldu\u011fu bu \u015fehirde, nice kahramanl\u0131k hik\u00e2yeleri yaz\u0131lm\u0131\u015ft\u0131r. Bug\u00fcn burada bu zaferi kutluyor olmak, sadece bir tarih sayfas\u0131n\u0131 \u00e7evirmek de\u011fil, ayn\u0131 zamanda bize miras b\u0131rak\u0131lan de\u011ferlere sahip \u00e7\u0131kmakt\u0131r. Bu vesileyle, ba\u015fta Gazi Mustafa Kemal Atat\u00fcrk olmak \u00fczere, t\u00fcm silah arkada\u015flar\u0131n\u0131, aziz \u015fehitlerimizi ve kahraman gazilerimizi rahmet ve minnetle an\u0131yorum.\u201d dedi.<\/span><\/p>\n<p><strong><span style=\"font-family: arial, helvetica, sans-serif; font-size: 14px;\">Konserler Meydan\u0131 Co\u015fturdu<\/span><\/strong><br \/>\n<span style=\"font-family: arial, helvetica, sans-serif; font-size: 14px;\">Kutlamalar, ak\u015fam saatlerinde Kuva-y\u0131 Milliye Meydan\u0131\u2019nda d\u00fczenlenen konserlerle devam etti. Mustafakemalpa\u015fa Belediye Orkestras\u0131 ve G\u00f6n\u00fcll\u00fc Korosu\u2019nun sahne ald\u0131\u011f\u0131 80\u2019ler &#8211; 90\u2019lar konseri, vatanda\u015flara m\u00fczik dolu nostaljik anlar ya\u015fatt\u0131. Ard\u0131ndan sahneye \u00e7\u0131kan \u201cYeni Sayfa\u201d rock grubu, enerjik performans\u0131yla izleyenlere unutulmaz bir gece ya\u015fatt\u0131. Konser sonunda Alt\u0131eyl\u00fcl Belediye Ba\u015fkan\u0131 Hakan \u015eehirli, sahne alan sanat\u00e7\u0131lara \u00e7i\u00e7ek ve plaket takdim ederek te\u015fekk\u00fcr etti. Etkinlikler boyunca meydan\u0131 dolduran vatanda\u015flar, ellerinde T\u00fcrk bayraklar\u0131yla \u015fark\u0131lara\u00a0e\u015flik\u00a0etti.<\/span><\/p>\n","protected":false},"excerpt":{"rendered":"<p>Kuva-y\u0131 Milliye ruhunun ilk k\u0131v\u0131lc\u0131m\u0131n\u0131n yak\u0131ld\u0131\u011f\u0131, kahramanl\u0131k destanlar\u0131yla dolu Bal\u0131kesir\u2019de, 6 Eyl\u00fcl Kurtulu\u015f G\u00fcn\u00fc etkinlikleri b\u00fcy\u00fck bir co\u015fku ve gururla<\/p>\n","protected":false},"author":3,"featured_media":28932,"comment_status":"open","ping_status":"open","sticky":false,"template":"","format":"standard","meta":{"colormag_page_container_layout":"default_layout","colormag_page_sidebar_layout":"default_layout","footnotes":""},"categories":[1,5,8],"tags":[],"class_list":["post-28931","post","type-post","status-publish","format-standard","has-post-thumbnail","hentry","category-genel","category-gundem","category-siyaset"],"_links":{"self":[{"href":"https:\/\/marmarayerelhizmet.com\/index.php\/wp-json\/wp\/v2\/posts\/28931","targetHints":{"allow":["GET"]}}],"collection":[{"href":"https:\/\/marmarayerelhizmet.com\/index.php\/wp-json\/wp\/v2\/posts"}],"about":[{"href":"https:\/\/marmarayerelhizmet.com\/index.php\/wp-json\/wp\/v2\/types\/post"}],"author":[{"embeddable":true,"href":"https:\/\/marmarayerelhizmet.com\/index.php\/wp-json\/wp\/v2\/users\/3"}],"replies":[{"embeddable":true,"href":"https:\/\/marmarayerelhizmet.com\/index.php\/wp-json\/wp\/v2\/comments?post=28931"}],"version-history":[{"count":0,"href":"https:\/\/marmarayerelhizmet.com\/index.php\/wp-json\/wp\/v2\/posts\/28931\/revisions"}],"wp:featuredmedia":[{"embeddable":true,"href":"https:\/\/marmarayerelhizmet.com\/index.php\/wp-json\/wp\/v2\/media\/28932"}],"wp:attachment":[{"href":"https:\/\/marmarayerelhizmet.com\/index.php\/wp-json\/wp\/v2\/media?parent=28931"}],"wp:term":[{"taxonomy":"category","embeddable":true,"href":"https:\/\/marmarayerelhizmet.com\/index.php\/wp-json\/wp\/v2\/categories?post=28931"},{"taxonomy":"post_tag","embeddable":true,"href":"https:\/\/marmarayerelhizmet.com\/index.php\/wp-json\/wp\/v2\/tags?post=28931"}],"curies":[{"name":"wp","href":"https:\/\/api.w.org\/{rel}","templated":true}]}}