{"id":28928,"date":"2025-09-05T00:10:24","date_gmt":"2025-09-04T21:10:24","guid":{"rendered":"https:\/\/marmarayerelhizmet.com\/?p=28928"},"modified":"2025-09-05T00:10:24","modified_gmt":"2025-09-04T21:10:24","slug":"baskan-akin-balikesirin-kurtulusunun-103-yildonumunu-kutladi","status":"publish","type":"post","link":"https:\/\/marmarayerelhizmet.com\/index.php\/2025\/09\/05\/baskan-akin-balikesirin-kurtulusunun-103-yildonumunu-kutladi\/","title":{"rendered":"Ba\u015fkan Ak\u0131n, Bal\u0131kesir\u2019in Kurtulu\u015funun 103. Y\u0131ld\u00f6n\u00fcm\u00fcn\u00fc Kutlad\u0131"},"content":{"rendered":"<div class=\"tg-post\">\n<article id=\"post-44942\" class=\"post-44942 post type-post status-publish format-standard has-post-thumbnail hentry category-genel category-ilceler category-siyaset\">\n<div class=\"cm-post-content\">\n<div class=\"cm-entry-summary\">\n<p><span style=\"font-family: arial, helvetica, sans-serif; font-size: 14px;\"><strong>Kad\u0131n\u0131yla, erke\u011fiyle, genciyle, ya\u015fl\u0131s\u0131yla herkesin vatan savunmas\u0131na ko\u015ftu\u011fu Kuvay\u0131milliye \u015fehri Bal\u0131kesir\u2019in 103\u2019\u00fcnc\u00fc kurtulu\u015f g\u00fcn\u00fcn\u00fc kutlayan Bal\u0131kesir B\u00fcy\u00fck\u015fehir Belediye Ba\u015fkan\u0131 Ahmet Ak\u0131n \u201cOkuma Yurdu\u2019nda toplanan yi\u011fit Kuvay\u0131milliyecilerimiz, cephede m\u00fccadele eden yi\u011fitlerimiz, milli iradeyi ayakta tutan g\u00f6n\u00fcl insanlar\u0131m\u0131z, bu \u015fehrin ad\u0131n\u0131 tarihe alt\u0131n harflerle yazd\u0131rd\u0131.\u201d dedi.<\/strong><\/span><\/p>\n<p><span style=\"font-family: arial, helvetica, sans-serif; font-size: 14px;\">Bal\u0131kesir B\u00fcy\u00fck\u015fehir Belediye Ba\u015fkan\u0131 Ahmet Ak\u0131n, 6 Eyl\u00fcl Bal\u0131kesir\u2019in Kurtulu\u015f G\u00fcn\u00fc dolay\u0131s\u0131yla bir mesaj yay\u0131mlad\u0131. Bal\u0131kesirliler i\u00e7in ba\u011f\u0131ms\u0131zl\u0131\u011f\u0131m\u0131z\u0131n ve vatan sevdas\u0131n\u0131n sars\u0131lmaz simgesi olan 6 Eyl\u00fcl Bal\u0131kesir\u2019in Kurtulu\u015f G\u00fcn\u00fc\u2019n\u00fc g\u00f6n\u00fclden kutlad\u0131\u011f\u0131n\u0131 dile getirerek hem\u015fehrilerinin bayram co\u015fkusunu en kalbi duygular\u0131yla payla\u015ft\u0131\u011f\u0131n\u0131 vurgulayan Ba\u015fkan Ahmet Ak\u0131n, devam\u0131nda \u015fu ifadelere yer verdi:<\/span><br \/>\n<span style=\"font-family: arial, helvetica, sans-serif; font-size: 14px;\">\u201c1922\u2019de Kuvay\u0131milliye\u2019nin ba\u015f\u015fehri Bal\u0131kesir\u2019imiz, halk\u0131m\u0131z\u0131n inanc\u0131 ve kararl\u0131l\u0131\u011f\u0131yla d\u00fc\u015fman i\u015fgalinden kurtar\u0131ld\u0131. O g\u00fcn, yaln\u0131zca Bal\u0131kesir\u2019in de\u011fil; t\u00fcm Anadolu\u2019nun y\u00fcre\u011fi daha g\u00fc\u00e7l\u00fc att\u0131. Kurtulu\u015f m\u00fccadelesi, bizim \u015fehrimizde, bu topraklarda filizlendi. Kuvay\u0131milliye\u2019nin \u00f6nc\u00fcs\u00fc olan Bal\u0131kesir, i\u015fgale boyun e\u011fmeden \u2018Ya istikl\u00e2l ya \u00f6l\u00fcm!\u2019 diyerek sesini y\u00fckseltti. Kad\u0131n\u0131yla, erke\u011fiyle, genciyle, ya\u015fl\u0131s\u0131yla herkes vatan savunmas\u0131na ko\u015ftu. Okuma Yurdu\u2019nda toplanan yi\u011fit Kuvay\u0131milliyecilerimiz, cephede m\u00fccadele eden yi\u011fitlerimiz, milli iradeyi ayakta tutan g\u00f6n\u00fcl insanlar\u0131m\u0131z, bu \u015fehrin ad\u0131n\u0131 tarihe alt\u0131n harflerle yazd\u0131rd\u0131.<\/span><br \/>\n<span style=\"font-family: arial, helvetica, sans-serif; font-size: 14px;\">Bug\u00fcn bizler, o kahramanlar\u0131n torunlar\u0131 olarak, onlar\u0131n miras\u0131na sahip \u00e7\u0131kman\u0131n sorumlulu\u011funu ta\u015f\u0131yoruz. Bal\u0131kesir\u2019in kurtulu\u015fu sadece bir zafer de\u011fil; ayn\u0131 zamanda birli\u011fin, karde\u015fli\u011fin ve dayan\u0131\u015fman\u0131n en b\u00fcy\u00fck \u00f6rne\u011fidir. Bu ruh sayesinde biz, gelece\u011fe g\u00fcvenle bakabiliyoruz.<\/span><br \/>\n<span style=\"font-family: arial, helvetica, sans-serif; font-size: 14px;\">Cumhuriyetimizin ikinci y\u00fczy\u0131l\u0131nda Bal\u0131kesir\u2019i daha g\u00fc\u00e7l\u00fc, daha \u00fcretken, daha m\u00fcreffeh bir \u015fehir yapmak boynumuzun borcudur. Bizler, atalar\u0131m\u0131z\u0131n emanetine sahip \u00e7\u0131karak adaletin, e\u015fitli\u011fin, karde\u015fli\u011fin ve \u00f6zg\u00fcrl\u00fc\u011f\u00fcn \u015fehrini in\u015fa etmeye devam edece\u011fiz.<\/span><br \/>\n<span style=\"font-family: arial, helvetica, sans-serif; font-size: 14px;\">Bu vesileyle, ba\u015fta Gazi Mustafa Kemal Atat\u00fcrk ve silah arkada\u015flar\u0131 olmak \u00fczere, kurtulu\u015f m\u00fccadelesinde canlar\u0131n\u0131 feda eden t\u00fcm Kuvay\u0131milliyeci \u015fehitlerimizi rahmetle, gazilerimizi minnetle an\u0131yorum.\u201d<\/span><\/p>\n<\/div>\n<\/div>\n<\/article>\n<\/div>\n<ul class=\"default-wp-page\">\n<li class=\"previous\"><\/li>\n<\/ul>\n","protected":false},"excerpt":{"rendered":"<p>Kad\u0131n\u0131yla, erke\u011fiyle, genciyle, ya\u015fl\u0131s\u0131yla herkesin vatan savunmas\u0131na ko\u015ftu\u011fu Kuvay\u0131milliye \u015fehri Bal\u0131kesir\u2019in 103\u2019\u00fcnc\u00fc kurtulu\u015f g\u00fcn\u00fcn\u00fc kutlayan Bal\u0131kesir B\u00fcy\u00fck\u015fehir Belediye Ba\u015fkan\u0131 Ahmet<\/p>\n","protected":false},"author":3,"featured_media":28929,"comment_status":"open","ping_status":"open","sticky":false,"template":"","format":"standard","meta":{"colormag_page_container_layout":"default_layout","colormag_page_sidebar_layout":"default_layout","footnotes":""},"categories":[1,5,8],"tags":[],"class_list":["post-28928","post","type-post","status-publish","format-standard","has-post-thumbnail","hentry","category-genel","category-gundem","category-siyaset"],"_links":{"self":[{"href":"https:\/\/marmarayerelhizmet.com\/index.php\/wp-json\/wp\/v2\/posts\/28928","targetHints":{"allow":["GET"]}}],"collection":[{"href":"https:\/\/marmarayerelhizmet.com\/index.php\/wp-json\/wp\/v2\/posts"}],"about":[{"href":"https:\/\/marmarayerelhizmet.com\/index.php\/wp-json\/wp\/v2\/types\/post"}],"author":[{"embeddable":true,"href":"https:\/\/marmarayerelhizmet.com\/index.php\/wp-json\/wp\/v2\/users\/3"}],"replies":[{"embeddable":true,"href":"https:\/\/marmarayerelhizmet.com\/index.php\/wp-json\/wp\/v2\/comments?post=28928"}],"version-history":[{"count":0,"href":"https:\/\/marmarayerelhizmet.com\/index.php\/wp-json\/wp\/v2\/posts\/28928\/revisions"}],"wp:featuredmedia":[{"embeddable":true,"href":"https:\/\/marmarayerelhizmet.com\/index.php\/wp-json\/wp\/v2\/media\/28929"}],"wp:attachment":[{"href":"https:\/\/marmarayerelhizmet.com\/index.php\/wp-json\/wp\/v2\/media?parent=28928"}],"wp:term":[{"taxonomy":"category","embeddable":true,"href":"https:\/\/marmarayerelhizmet.com\/index.php\/wp-json\/wp\/v2\/categories?post=28928"},{"taxonomy":"post_tag","embeddable":true,"href":"https:\/\/marmarayerelhizmet.com\/index.php\/wp-json\/wp\/v2\/tags?post=28928"}],"curies":[{"name":"wp","href":"https:\/\/api.w.org\/{rel}","templated":true}]}}