{"id":28922,"date":"2025-09-04T14:13:45","date_gmt":"2025-09-04T11:13:45","guid":{"rendered":"https:\/\/marmarayerelhizmet.com\/?p=28922"},"modified":"2025-09-04T14:13:45","modified_gmt":"2025-09-04T11:13:45","slug":"sehirliden-zabita-ekibine-pastali-kutlama","status":"publish","type":"post","link":"https:\/\/marmarayerelhizmet.com\/index.php\/2025\/09\/04\/sehirliden-zabita-ekibine-pastali-kutlama\/","title":{"rendered":"\u015eehirli&#8217;den Zab\u0131ta Ekibine Pastal\u0131 Kutlama"},"content":{"rendered":"<p><strong><span style=\"font-family: arial, helvetica, sans-serif; font-size: 14px;\">Alt\u0131eyl\u00fcl Belediye Ba\u015fkan\u0131 Hakan \u015eehirli, 1-7 Eyl\u00fcl tarihleri aras\u0131nda kutlanan Zab\u0131ta Haftas\u0131 dolay\u0131s\u0131yla Alt\u0131eyl\u00fcl Belediyesi Zab\u0131ta M\u00fcd\u00fcrl\u00fc\u011f\u00fc\u2019n\u00fc ziyaret ederek, kent d\u00fczeni ve kamu g\u00fcvenli\u011fi i\u00e7in gece g\u00fcnd\u00fcz demeden \u00e7al\u0131\u015fan zab\u0131ta personelinin haftas\u0131n\u0131 kutlad\u0131. Belediye hizmetlerinin sahadaki ilk y\u00fcz\u00fc olan zab\u0131ta ekiplerine \u00f6zverili \u00e7al\u0131\u015fmalar\u0131 i\u00e7in te\u015fekk\u00fcr eden Ba\u015fkan \u015eehirli, g\u00f6rev ba\u015f\u0131ndaki personelle tek tek sohbet etti, pasta keserek bu \u00f6zel g\u00fcn\u00fc hep birlikte kutlad\u0131.<\/span><\/strong><\/p>\n<p><span style=\"font-family: arial, helvetica, sans-serif; font-size: 14px;\">Zab\u0131ta M\u00fcd\u00fcrl\u00fc\u011f\u00fc\u2019nde ger\u00e7ekle\u015fen ziyarette Ba\u015fkan \u015eehirli, zab\u0131tan\u0131n sadece d\u00fczen sa\u011flayan bir birim de\u011fil, ayn\u0131 zamanda vatanda\u015fla belediye aras\u0131nda k\u00f6pr\u00fc kuran \u00f6nemli bir yap\u0131 oldu\u011funu vurgulad\u0131. Ba\u015fkan \u015eehirli, belediyecilik anlay\u0131\u015f\u0131n\u0131n temel ta\u015flar\u0131ndan biri olan zab\u0131ta te\u015fkilat\u0131n\u0131n, toplumun huzur ve refah\u0131 i\u00e7in \u00fcstlendi\u011fi misyonun her t\u00fcrl\u00fc takdiri hak etti\u011fini s\u00f6yledi.<\/span><\/p>\n<p><strong><span style=\"font-family: arial, helvetica, sans-serif; font-size: 14px;\">\u201cZab\u0131ta, Belediyecili\u011fin Vicdan\u0131d\u0131r\u201d<\/span><\/strong><br \/>\n<span style=\"font-family: arial, helvetica, sans-serif; font-size: 14px;\">Ziyaret s\u0131ras\u0131nda yapt\u0131\u011f\u0131 konu\u015fmada zab\u0131ta te\u015fkilat\u0131n\u0131n \u00f6nemine dikkat \u00e7eken Ba\u015fkan Hakan \u015eehirli \u201cZab\u0131ta birimleri, belediyemizin sahadaki g\u00f6z\u00fc, kula\u011f\u0131 ve vicdan\u0131d\u0131r. Halk\u0131m\u0131zla do\u011frudan temas h\u00e2linde olan, onlar\u0131n g\u00fcnl\u00fck ya\u015fam\u0131n\u0131 kolayla\u015ft\u0131rmak i\u00e7in emek veren ilk ekip sizlersiniz. Kimi zaman g\u00fclery\u00fczle bir esnaf\u0131 dinleyen, kimi zaman kararl\u0131l\u0131kla kurallar\u0131 hat\u0131rlatan, ama her zaman sab\u0131rla g\u00f6rev yapan birimler olarak sizlere minnettar\u0131z. Vatanda\u015f\u0131n derdine ko\u015fan, sorunlar\u0131 \u00e7\u00f6zen, gerekti\u011finde can\u0131n\u0131 di\u015fine takarak \u00e7al\u0131\u015fan bir te\u015fkilat\u0131n mensubu olmak b\u00fcy\u00fck bir sorumluluk ve ayn\u0131 zamanda b\u00fcy\u00fck bir onurdur. Sizlerin duru\u015fu, disiplini ve \u00f6zverisi sayesinde Alt\u0131eyl\u00fcl daha d\u00fczenli, daha ya\u015fanabilir bir kent haline geliyor. Ekip arkada\u015flar\u0131m olarak sizlerden beklentim, bu sorumlulu\u011fu ayn\u0131 duyarl\u0131l\u0131kla ta\u015f\u0131maya devam etmenizdir. Hep birlikte, i\u015fimizi en iyi \u015fekilde yapmaya, vatanda\u015flar\u0131m\u0131z\u0131n hayat\u0131n\u0131 kolayla\u015ft\u0131rmaya devam edece\u011fiz. Zab\u0131ta Haftas\u0131 vesilesiyle t\u00fcm mesai arkada\u015flar\u0131ma te\u015fekk\u00fcr ediyor, ba\u015far\u0131lar\u0131n\u0131z\u0131n devam\u0131n\u0131 diliyorum.\u201d<\/span><\/p>\n<p><strong><span style=\"font-family: arial, helvetica, sans-serif; font-size: 14px;\">\u201cBiz B\u00fcy\u00fck Bir Aileyiz\u201d<\/span><\/strong><br \/>\n<span style=\"font-family: arial, helvetica, sans-serif; font-size: 14px;\">Ziyarette zab\u0131ta personelinin dilek ve taleplerini de dinleyen Ba\u015fkan \u015eehirli, kar\u015f\u0131l\u0131kl\u0131 fikir al\u0131\u015fveri\u015finde bulunarak ekip ruhunun \u00f6nemine de\u011findi. \u201cAlt\u0131eyl\u00fcl Belediyesi olarak biz b\u00fcy\u00fck bir aileyiz. Her bir birimimiz, bu ailenin vazge\u00e7ilmez bir par\u00e7as\u0131. Zab\u0131ta te\u015fkilat\u0131m\u0131z da bu ailenin en dinamik ve sahaya en h\u00e2kim g\u00fcc\u00fc. Hep birlikte daha g\u00fc\u00e7l\u00fc, daha \u00fcretken bir Alt\u0131eyl\u00fcl i\u00e7in \u00e7al\u0131\u015fmaya devam edece\u011fiz,\u201d\u00a0dedi.<\/span><\/p>\n","protected":false},"excerpt":{"rendered":"<p>Alt\u0131eyl\u00fcl Belediye Ba\u015fkan\u0131 Hakan \u015eehirli, 1-7 Eyl\u00fcl tarihleri aras\u0131nda kutlanan Zab\u0131ta Haftas\u0131 dolay\u0131s\u0131yla Alt\u0131eyl\u00fcl Belediyesi Zab\u0131ta M\u00fcd\u00fcrl\u00fc\u011f\u00fc\u2019n\u00fc ziyaret ederek, kent<\/p>\n","protected":false},"author":3,"featured_media":28923,"comment_status":"open","ping_status":"open","sticky":false,"template":"","format":"standard","meta":{"colormag_page_container_layout":"default_layout","colormag_page_sidebar_layout":"default_layout","footnotes":""},"categories":[1,5,8],"tags":[],"class_list":["post-28922","post","type-post","status-publish","format-standard","has-post-thumbnail","hentry","category-genel","category-gundem","category-siyaset"],"_links":{"self":[{"href":"https:\/\/marmarayerelhizmet.com\/index.php\/wp-json\/wp\/v2\/posts\/28922","targetHints":{"allow":["GET"]}}],"collection":[{"href":"https:\/\/marmarayerelhizmet.com\/index.php\/wp-json\/wp\/v2\/posts"}],"about":[{"href":"https:\/\/marmarayerelhizmet.com\/index.php\/wp-json\/wp\/v2\/types\/post"}],"author":[{"embeddable":true,"href":"https:\/\/marmarayerelhizmet.com\/index.php\/wp-json\/wp\/v2\/users\/3"}],"replies":[{"embeddable":true,"href":"https:\/\/marmarayerelhizmet.com\/index.php\/wp-json\/wp\/v2\/comments?post=28922"}],"version-history":[{"count":0,"href":"https:\/\/marmarayerelhizmet.com\/index.php\/wp-json\/wp\/v2\/posts\/28922\/revisions"}],"wp:featuredmedia":[{"embeddable":true,"href":"https:\/\/marmarayerelhizmet.com\/index.php\/wp-json\/wp\/v2\/media\/28923"}],"wp:attachment":[{"href":"https:\/\/marmarayerelhizmet.com\/index.php\/wp-json\/wp\/v2\/media?parent=28922"}],"wp:term":[{"taxonomy":"category","embeddable":true,"href":"https:\/\/marmarayerelhizmet.com\/index.php\/wp-json\/wp\/v2\/categories?post=28922"},{"taxonomy":"post_tag","embeddable":true,"href":"https:\/\/marmarayerelhizmet.com\/index.php\/wp-json\/wp\/v2\/tags?post=28922"}],"curies":[{"name":"wp","href":"https:\/\/api.w.org\/{rel}","templated":true}]}}