{"id":28918,"date":"2025-09-03T00:00:15","date_gmt":"2025-09-02T21:00:15","guid":{"rendered":"https:\/\/marmarayerelhizmet.com\/?p=28918"},"modified":"2025-09-03T10:22:33","modified_gmt":"2025-09-03T07:22:33","slug":"kentin-tarihi-mirasi-buyuksehire-emanet","status":"publish","type":"post","link":"https:\/\/marmarayerelhizmet.com\/index.php\/2025\/09\/03\/kentin-tarihi-mirasi-buyuksehire-emanet\/","title":{"rendered":"Kentin Tarihi Miras\u0131 B\u00fcy\u00fck\u015fehir\u2019e Emanet"},"content":{"rendered":"<p><strong><span style=\"font-family: arial, helvetica, sans-serif; font-size: 14px;\">\u201cBal\u0131kesir Emanettir\u201d anlay\u0131\u015f\u0131yla \u015fehrin tarihi miras\u0131na de\u011fer katan Bal\u0131kesir B\u00fcy\u00fck\u015fehir Belediye Ba\u015fkan\u0131 Ahmet Ak\u0131n\u2019\u0131n vizyonuyla \u201cTarihi Edremit Evleri G\u00fcn Y\u00fcz\u00fcne \u00c7\u0131k\u0131yor -Gazi \u0130lyas Caddesi Sokak Sa\u011fl\u0131kla\u015ft\u0131rmas\u0131\u201d projesi kapsam\u0131nda restorasyon \u00e7al\u0131\u015fmalar\u0131 t\u00fcm h\u0131z\u0131yla s\u00fcr\u00fcyor.<\/span><\/strong><\/p>\n<p><span style=\"font-family: arial, helvetica, sans-serif; font-size: 14px;\">Bal\u0131kesir B\u00fcy\u00fck\u015fehir Belediye Ba\u015fkan\u0131 Ahmet Ak\u0131n, kentin tarihi dokusunu koruyup gelece\u011fe en iyi \u015fekilde ta\u015f\u0131mak ad\u0131na \u00f6nemli projeleri hayata ge\u00e7iriyor. Bu kapsamda k\u00fclt\u00fcrel miras\u0131n korunmas\u0131na y\u00f6nelik proje ve yat\u0131r\u0131mlar\u0131 s\u00fcrd\u00fcren Bal\u0131kesir B\u00fcy\u00fck\u015fehir Belediyesi\u2019nin \u201cTarihi Edremit Evleri G\u00fcn Y\u00fcz\u00fcne \u00c7\u0131k\u0131yor \u2013 Gazi \u0130lyas Caddesi Sokak Sa\u011fl\u0131kla\u015ft\u0131rmas\u0131\u201d projesi kapsam\u0131nda restorasyon \u00e7al\u0131\u015fmalar\u0131 t\u00fcm h\u0131z\u0131yla s\u00fcr\u00fcyor.<\/span><\/p>\n<p><strong><span style=\"font-family: arial, helvetica, sans-serif; font-size: 14px;\">\u0130L\u00c7EN\u0130N TUR\u0130ZM POTANS\u0130YEL\u0130 ARTACAK<br \/>\n<\/span><\/strong><span style=\"font-family: arial, helvetica, sans-serif; font-size: 14px;\">Zengin tarihi ve e\u015fsiz co\u011frafyas\u0131yla turizm potansiyeli y\u00fcksek olan Edremit\u2019te Bal\u0131kesir B\u00fcy\u00fck\u015fehir Belediyesi Kent Tarihi ve Tan\u0131t\u0131m\u0131 Dairesi Ba\u015fkanl\u0131\u011f\u0131 koordinesinde Kap\u0131c\u0131ba\u015f\u0131 Mahallesi\u2019nde bulunan iki katl\u0131 yap\u0131da restorasyon \u00e7al\u0131\u015fmalar\u0131 ba\u015flad\u0131. Sokak sa\u011fl\u0131kla\u015ft\u0131rma \u00e7al\u0131\u015fmalar\u0131 kapsam\u0131nda restore edilecek yap\u0131n\u0131n, \u00e7al\u0131\u015fmalar\u0131n\u0131n tamamlanmas\u0131n\u0131n ard\u0131ndan Edremit turizmine kazand\u0131r\u0131lmas\u0131 hedefleniyor. \u0130ki katl\u0131 ah\u015fap karkas aras\u0131 dolgulu yap\u0131 avlulu plana sahip. Zemin ve tavan d\u00f6\u015femeleri \u00e7\u00f6km\u00fc\u015f ve \u00e7at\u0131s\u0131n\u0131n bir k\u0131sm\u0131 y\u0131k\u0131lm\u0131\u015f olan yap\u0131n\u0131n; hamam, mutfak,ah\u015fap dolaplar, gusulhane korunarak restore edilecek. Yap\u0131, restorasyon \u00e7al\u0131\u015fmalar\u0131 tamamland\u0131ktan sonra il\u00e7enin turizmine kazand\u0131r\u0131lacak.<\/span><\/p>\n<p><strong><span style=\"font-family: arial, helvetica, sans-serif; font-size: 14px;\">121 YILLIK B\u0130NADA RESTORASYON BA\u015eLIYOR<br \/>\n<\/span><\/strong><span style=\"font-family: arial, helvetica, sans-serif; font-size: 14px;\">Edremit il\u00e7esinin Hamidiye Mahallesi\u2019nde 1904 y\u0131l\u0131nda in\u015fa edilen ve 1926 y\u0131l\u0131na kadar konut, sonras\u0131nda ise Edremit Sa\u011fl\u0131k \u0130daresi Ba\u015ftabipli\u011fi ve Verem Sava\u015f Dispanseri olarak kullan\u0131lan yap\u0131da restorasyon \u00e7al\u0131\u015fmalar\u0131 ba\u015flad\u0131. Bodrum ve zemin kat olmak \u00fczere 2 katl\u0131 kargir yap\u0131, 4 bin 779 metrekare y\u00fcz\u00f6l\u00e7\u00fcm\u00fcne sahip bir arazi \u00fczerinde bulunurken 160 metrekarelik bir oturum alan\u0131na sahip. Y\u0131llard\u0131r at\u0131l durumda olan bina Bal\u0131kesir B\u00fcy\u00fck\u015fehir Belediyesi taraf\u0131ndan restore edilerek kentin sosyal ve k\u00fclt\u00fcrel de\u011ferlerinden olacak.<\/span><\/p>\n","protected":false},"excerpt":{"rendered":"<p>\u201cBal\u0131kesir Emanettir\u201d anlay\u0131\u015f\u0131yla \u015fehrin tarihi miras\u0131na de\u011fer katan Bal\u0131kesir B\u00fcy\u00fck\u015fehir Belediye Ba\u015fkan\u0131 Ahmet Ak\u0131n\u2019\u0131n vizyonuyla \u201cTarihi Edremit Evleri G\u00fcn Y\u00fcz\u00fcne<\/p>\n","protected":false},"author":3,"featured_media":28919,"comment_status":"open","ping_status":"open","sticky":false,"template":"","format":"standard","meta":{"colormag_page_container_layout":"default_layout","colormag_page_sidebar_layout":"default_layout","footnotes":""},"categories":[1,5,6,8],"tags":[],"class_list":["post-28918","post","type-post","status-publish","format-standard","has-post-thumbnail","hentry","category-genel","category-gundem","category-kultur-sanat","category-siyaset"],"_links":{"self":[{"href":"https:\/\/marmarayerelhizmet.com\/index.php\/wp-json\/wp\/v2\/posts\/28918","targetHints":{"allow":["GET"]}}],"collection":[{"href":"https:\/\/marmarayerelhizmet.com\/index.php\/wp-json\/wp\/v2\/posts"}],"about":[{"href":"https:\/\/marmarayerelhizmet.com\/index.php\/wp-json\/wp\/v2\/types\/post"}],"author":[{"embeddable":true,"href":"https:\/\/marmarayerelhizmet.com\/index.php\/wp-json\/wp\/v2\/users\/3"}],"replies":[{"embeddable":true,"href":"https:\/\/marmarayerelhizmet.com\/index.php\/wp-json\/wp\/v2\/comments?post=28918"}],"version-history":[{"count":0,"href":"https:\/\/marmarayerelhizmet.com\/index.php\/wp-json\/wp\/v2\/posts\/28918\/revisions"}],"wp:featuredmedia":[{"embeddable":true,"href":"https:\/\/marmarayerelhizmet.com\/index.php\/wp-json\/wp\/v2\/media\/28919"}],"wp:attachment":[{"href":"https:\/\/marmarayerelhizmet.com\/index.php\/wp-json\/wp\/v2\/media?parent=28918"}],"wp:term":[{"taxonomy":"category","embeddable":true,"href":"https:\/\/marmarayerelhizmet.com\/index.php\/wp-json\/wp\/v2\/categories?post=28918"},{"taxonomy":"post_tag","embeddable":true,"href":"https:\/\/marmarayerelhizmet.com\/index.php\/wp-json\/wp\/v2\/tags?post=28918"}],"curies":[{"name":"wp","href":"https:\/\/api.w.org\/{rel}","templated":true}]}}