{"id":28915,"date":"2025-08-30T12:44:54","date_gmt":"2025-08-30T09:44:54","guid":{"rendered":"https:\/\/marmarayerelhizmet.com\/?p=28915"},"modified":"2025-09-01T19:05:23","modified_gmt":"2025-09-01T16:05:23","slug":"balikesirde-30-agustos-zafer-bayrami-coskusu-2","status":"publish","type":"post","link":"https:\/\/marmarayerelhizmet.com\/index.php\/2025\/08\/30\/balikesirde-30-agustos-zafer-bayrami-coskusu-2\/","title":{"rendered":"Bal\u0131kesir\u2019de 30 A\u011fustos Zafer Bayram\u0131 Co\u015fkusu"},"content":{"rendered":"<p><strong><span style=\"font-family: arial, helvetica, sans-serif; font-size: 14px;\">Bal\u0131kesir\u2019de \u015fanl\u0131 tarihimizin en b\u00fcy\u00fck zaferlerinden biri olan 30 A\u011fustos Zafer Bayram\u0131\u2019n\u0131n 103\u2019\u00fcnc\u00fc y\u0131ld\u00f6n\u00fcm\u00fc b\u00fcy\u00fck bir co\u015fkuyla kutland\u0131. B\u00fcy\u00fck Zafer\u2019in y\u0131l d\u00f6n\u00fcm\u00fcnde d\u00fczenlenen zafer y\u00fcr\u00fcy\u00fc\u015f\u00fc ve ard\u0131ndan ger\u00e7ekle\u015fen MOD10 Gen\u00e7lik Orkestras\u0131 Konseri ile 7\u2019den 70\u2019e herkes T\u00fcrk bayraklar\u0131 ve mar\u015flar e\u015fli\u011finde kutlamalara kat\u0131ld\u0131.<\/span><\/strong><\/p>\n<p><span style=\"font-family: arial, helvetica, sans-serif; font-size: 14px;\">Kuvay\u0131milliye \u015fehri Bal\u0131kesir\u2019de 30 A\u011fustos Zafer Bayram\u0131\u2019n\u0131n 103\u2019\u00fcnc\u00fc y\u0131l d\u00f6n\u00fcm\u00fc b\u00fcy\u00fck bir co\u015fkuyla kutland\u0131. Kuvay\u0131milliye Meydan\u0131\u2019nda ger\u00e7ekle\u015fen resmi t\u00f6renlerin ard\u0131ndan ak\u015fam saatlerinde ger\u00e7ekle\u015fen zafer y\u00fcr\u00fcy\u00fc\u015f\u00fc Bal\u0131kesirlileri bulu\u015fturdu. Cumhuriyet Meydan\u0131\u2019ndan Atat\u00fcrk An\u0131t\u0131\u2019na kadar Bal\u0131kesir B\u00fcy\u00fck\u015fehir Belediye Bandosunun mar\u015flar\u0131 e\u015fli\u011finde y\u00fcr\u00fcyen vatanda\u015flar caddeleri doldurdu. Bal\u0131kesir B\u00fcy\u00fck\u015fehir Belediye Ba\u015fkan\u0131 Ahmet Ak\u0131n\u2019\u0131n yan\u0131 s\u0131ra CHP Bal\u0131kesir Milletvekili Serkan Sar\u0131, CHP Bal\u0131kesir \u0130l Ba\u015fkan\u0131 Erden K\u00f6yba\u015f\u0131, Alt\u0131eyl\u00fcl Belediye Ba\u015fkan\u0131 Hakan \u015eehirli, Karesi Belediye Ba\u015fkan\u0131 Mesut Akb\u0131y\u0131k ve vatanda\u015flar y\u00fcr\u00fcy\u00fc\u015fe kat\u0131ld\u0131. Y\u00fcr\u00fcy\u00fc\u015f\u00fcn ard\u0131ndan Avlu\u2019da ger\u00e7ekle\u015fen MOD10 Gen\u00e7lik Orkestras\u0131 konseri t\u00fcm Bal\u0131kesirlilere 30 A\u011fustos Zafer Bayram\u0131 co\u015fkusunu ya\u015fatt\u0131.<\/span><\/p>\n<p><strong><span style=\"font-family: arial, helvetica, sans-serif; font-size: 14px;\">&#8220;KUVAYIM\u0130LL\u0130YEC\u0130LER\u0130N \u0130Z\u0130 VAR\u201d<br \/>\n<\/span><\/strong><span style=\"font-family: arial, helvetica, sans-serif; font-size: 14px;\">Y\u00fcr\u00fcy\u00fc\u015f\u00fcn ard\u0131ndan Atat\u00fcrk An\u0131t\u0131\u2019ndaki konu\u015fmas\u0131na 30 A\u011fustos Zafer Bayram\u0131\u2019n\u0131 kutlayarak ba\u015flayan Bal\u0131kesir B\u00fcy\u00fck\u015fehir Belediye Ba\u015fkan\u0131 Ahmet Ak\u0131n, \u201cBizler Ulu \u00d6nder Gazi Mustafa Kemal Atat\u00fcrk\u2019\u00fcn emanetine sahip \u00e7\u0131kan Kuvay\u0131milliye\u2019nin evlatlar\u0131y\u0131z. Bal\u0131kesir\u2019in her ta\u015f\u0131nda, her topra\u011f\u0131nda Kuvay\u0131milliyecilerin izi var. Onun i\u00e7in bizler bu birlik ve beraberlik i\u00e7erisinde emaneti kutsal sayarak bu emanete sahip \u00e7\u0131k\u0131p daha da y\u00fcceltmek i\u00e7in b\u00fcy\u00fck bir heyecanla \u00e7al\u0131\u015fmalar\u0131m\u0131za devam ediyoruz. Ayn\u0131 zamanda her m\u00fccadelemizde bize emanet edilen Cumhuriyete sahip \u00e7\u0131k\u0131yoruz. 30 A\u011fustos Zafer Bayram\u0131\u2019n\u0131 kutlaman\u0131n onurunu ve gururunu ya\u015f\u0131yoruz. T\u00fcrk milletinin esarete boyun e\u011fmeyece\u011fini t\u00fcm d\u00fcnyaya g\u00f6sterdi. \u2018Hangi \u00e7\u0131lg\u0131n bana zincir vuracakm\u0131\u015f\u2019 diyen bu milletin ordusu, 30 A\u011fustos\u2019ta zafer yazd\u0131. T\u00fcrk milleti, Ba\u015fkomutan\u0131m\u0131z Gazi Mustafa Kemal Atat\u00fcrk\u2019\u00fcn &#8220;Hatt\u0131 m\u00fcdafaa yoktur, sath\u0131 m\u00fcdafaa vard\u0131r. O sat\u0131h, b\u00fct\u00fcn vatand\u0131r. Vatan\u0131n her kar\u0131\u015f topra\u011f\u0131, vatanda\u015f\u0131n kan\u0131yla \u0131slanmad\u0131k\u00e7a terk olunamaz&#8221; s\u00f6z\u00fcn\u00fcn \u0131\u015f\u0131\u011f\u0131nda ulusal ba\u011f\u0131ms\u0131zl\u0131\u011f\u0131n\u0131 elde etmi\u015ftir. Bug\u00fcn, ayn\u0131 inan\u0131\u015f ve ayn\u0131 ruhla 30 A\u011fustos\u2019un co\u015fkusunu y\u00fcrekten kutluyoruz. Bal\u0131kesir\u2019imiz milli m\u00fccadelenin ve Kuvay\u0131milliye\u2019nin ba\u015f\u015fehridir. Bal\u0131kesir, ilk kur\u015funun da son kur\u015fununda at\u0131ld\u0131\u011f\u0131 yerdir. Ba\u011f\u0131ms\u0131zl\u0131k ve \u00f6zg\u00fcrl\u00fck me\u015falesinin yak\u0131ld\u0131\u011f\u0131 \u015fehrimizde ayn\u0131 ruhla m\u00fccadelemizi s\u00fcrd\u00fcr\u00fcyoruz.\u201d ifadelerini kulland\u0131.<\/span><\/p>\n<p><strong><span style=\"font-family: arial, helvetica, sans-serif; font-size: 14px;\">\u201cCUMHUR\u0130YET\u0130M\u0130ZE SONUNA KADAR SAH\u0130P \u00c7IKACA\u011eIZ\u201d<br \/>\n<\/span><\/strong><span style=\"font-family: arial, helvetica, sans-serif; font-size: 14px;\">Ak\u0131n konu\u015fmas\u0131n\u0131 \u015fu s\u00f6zlerle s\u00fcrd\u00fcrd\u00fc; \u201cCumhuriyet emanettir. Emanete sahip \u00e7\u0131kmak boynumuzun borcudur. Mustafa Kemal\u2019in askerleri olarak Cumhuriyetimize sonuna kadar sahip \u00e7\u0131kaca\u011f\u0131z. \u0130stiklal Madalyas\u0131 sahibi bir dedenin torunu olmaktan gurur duyuyorum. Milletvekili oldu\u011fum zamanlardan beri \u0130stiklal Madalyas\u0131 i\u00e7in m\u00fccadele ediyorum. Kahramanlar\u0131m\u0131za olan vefa borcumuzu ancak \u0130stiklal Madalyas\u0131\u2019n\u0131 Bal\u0131kesir\u2019imize getirirsek \u00f6deyebilece\u011fimize inan\u0131yorum.\u201d<\/span><\/p>\n<p><strong><span style=\"font-family: arial, helvetica, sans-serif; font-size: 14px;\">\u201cBALIKES\u0130R\u2019\u0130M\u0130Z \u0130ST\u0130KLAL MADALYASI\u2019NI \u00c7OKTAN HAK ETM\u0130\u015eT\u0130R&#8221;<br \/>\n<\/span><\/strong><span style=\"font-family: arial, helvetica, sans-serif; font-size: 14px;\">Bal\u0131kesir\u2019i \u0130stiklal Madalyas\u0131 kazand\u0131rmak i\u00e7in b\u00fcy\u00fck bir m\u00fccadele verdi\u011finin alt\u0131n\u0131 \u00e7izen Ak\u0131n, \u201cBulundu\u011fum t\u00fcm g\u00f6revlerde \u201cBen ezelden beridir h\u00fcr ya\u015fad\u0131m, h\u00fcr ya\u015far\u0131m!\u201d s\u00f6z\u00fcn\u00fc \u015fiar kabul ederek hareket ettim. Bu do\u011frultuda Bal\u0131kesir ile beraber \u0130stiklal Madalyas\u0131 i\u00e7in m\u00fccadele edece\u011fiz. Bal\u0131kesir\u2019imiz \u0130stiklal Madalyas\u0131\u2019n\u0131 \u00e7oktan hak etmi\u015ftir. Bunu t\u00fcm milletvekillerimizle, devletimizin t\u00fcm kademeleriyle ve belediyelerimizle el ele, kol kola verece\u011fiz ve in\u015fallah Bal\u0131kesir\u2019imize \u0130stiklal Madalyas\u0131\u2019n\u0131 getirerek \u015fehitlerimize, gazilerimize borcumuzu \u00f6deyece\u011fiz. \u00a0Ba\u015fkomutan\u0131m\u0131z Gazi Mustafa Kemal Atat\u00fcrk ba\u015fta olmak \u00fczere t\u00fcm \u015fehitlerimizi rahmetle an\u0131yor, gazilerimize sayg\u0131lar\u0131m\u0131 sunuyorum. Ya\u015fas\u0131n Cumhuriyet, Ya\u015fas\u0131n Mustafa Kemal Atat\u00fcrk. 30 A\u011fustos Zafer Bayram\u0131m\u0131z kutlu olsun.\u201d \u015feklinde konu\u015ftu.<\/span><\/p>\n<p><strong><span style=\"font-family: arial, helvetica, sans-serif; font-size: 14px;\">MOD10\u2019DAN MUHTE\u015eEM KONSER<br \/>\n<\/span><\/strong><span style=\"font-family: arial, helvetica, sans-serif; font-size: 14px;\">Bal\u0131kesir B\u00fcy\u00fck\u015fehir Belediyesinin tamam\u0131 \u00e7ocuklardan olu\u015fan MOD10 Gen\u00e7lik Orkestras\u0131, 30 A\u011fustos Zafer Bayram\u0131\u2019na \u00f6zel benzersiz bir konsere imza att\u0131. Avlu\u2019da ger\u00e7ekle\u015fen konserde birbirinden g\u00fczel mar\u015flara t\u00fcm Bal\u0131kesirliler hep bir a\u011f\u0131zdan e\u015flik etti. Bal\u0131kesir B\u00fcy\u00fck\u015fehir Belediyesinin \u00f6z kaynaklar\u0131yla olu\u015fturulan ve ba\u015far\u0131lar\u0131yla gururland\u0131ran MOD10 Gen\u00e7lik Orkestras\u0131, vatanda\u015flara unutulmaz bir ak\u015fam ya\u015fatt\u0131.<\/span><\/p>\n","protected":false},"excerpt":{"rendered":"<p>Bal\u0131kesir\u2019de \u015fanl\u0131 tarihimizin en b\u00fcy\u00fck zaferlerinden biri olan 30 A\u011fustos Zafer Bayram\u0131\u2019n\u0131n 103\u2019\u00fcnc\u00fc y\u0131ld\u00f6n\u00fcm\u00fc b\u00fcy\u00fck bir co\u015fkuyla kutland\u0131. B\u00fcy\u00fck Zafer\u2019in<\/p>\n","protected":false},"author":3,"featured_media":28916,"comment_status":"open","ping_status":"open","sticky":false,"template":"","format":"standard","meta":{"colormag_page_container_layout":"default_layout","colormag_page_sidebar_layout":"default_layout","footnotes":""},"categories":[1,5,8],"tags":[],"class_list":["post-28915","post","type-post","status-publish","format-standard","has-post-thumbnail","hentry","category-genel","category-gundem","category-siyaset"],"_links":{"self":[{"href":"https:\/\/marmarayerelhizmet.com\/index.php\/wp-json\/wp\/v2\/posts\/28915","targetHints":{"allow":["GET"]}}],"collection":[{"href":"https:\/\/marmarayerelhizmet.com\/index.php\/wp-json\/wp\/v2\/posts"}],"about":[{"href":"https:\/\/marmarayerelhizmet.com\/index.php\/wp-json\/wp\/v2\/types\/post"}],"author":[{"embeddable":true,"href":"https:\/\/marmarayerelhizmet.com\/index.php\/wp-json\/wp\/v2\/users\/3"}],"replies":[{"embeddable":true,"href":"https:\/\/marmarayerelhizmet.com\/index.php\/wp-json\/wp\/v2\/comments?post=28915"}],"version-history":[{"count":0,"href":"https:\/\/marmarayerelhizmet.com\/index.php\/wp-json\/wp\/v2\/posts\/28915\/revisions"}],"wp:featuredmedia":[{"embeddable":true,"href":"https:\/\/marmarayerelhizmet.com\/index.php\/wp-json\/wp\/v2\/media\/28916"}],"wp:attachment":[{"href":"https:\/\/marmarayerelhizmet.com\/index.php\/wp-json\/wp\/v2\/media?parent=28915"}],"wp:term":[{"taxonomy":"category","embeddable":true,"href":"https:\/\/marmarayerelhizmet.com\/index.php\/wp-json\/wp\/v2\/categories?post=28915"},{"taxonomy":"post_tag","embeddable":true,"href":"https:\/\/marmarayerelhizmet.com\/index.php\/wp-json\/wp\/v2\/tags?post=28915"}],"curies":[{"name":"wp","href":"https:\/\/api.w.org\/{rel}","templated":true}]}}