{"id":28912,"date":"2025-09-01T18:44:29","date_gmt":"2025-09-01T15:44:29","guid":{"rendered":"https:\/\/marmarayerelhizmet.com\/?p=28912"},"modified":"2025-09-01T18:44:29","modified_gmt":"2025-09-01T15:44:29","slug":"balik-sezonu-ilk-mezatla-acildi","status":"publish","type":"post","link":"https:\/\/marmarayerelhizmet.com\/index.php\/2025\/09\/01\/balik-sezonu-ilk-mezatla-acildi\/","title":{"rendered":"Bal\u0131k Sezonu \u0130lk Mezatla A\u00e7\u0131ld\u0131"},"content":{"rendered":"<p><strong><span style=\"font-family: arial, helvetica, sans-serif; font-size: 14px;\">Ege ve Marmara denizlerinin bulu\u015fma noktas\u0131 Bal\u0131kesir\u2019de, bal\u0131k sezonu Band\u0131rma Su \u00dcr\u00fcnleri Hali\u2019nde ger\u00e7ekle\u015ftirilen ilk mezatla a\u00e7\u0131ld\u0131.<\/span><\/strong><\/p>\n<p><span style=\"font-family: arial, helvetica, sans-serif; font-size: 14px;\">Bal\u0131k\u00e7\u0131l\u0131\u011f\u0131n \u00f6nemli bir ge\u00e7im kayna\u011f\u0131 oldu\u011fu Bal\u0131kesir\u2019de av yasa\u011f\u0131n\u0131n kalkmas\u0131yla haz\u0131rl\u0131klar\u0131n\u0131 g\u00fcnler \u00f6ncesinden tamamlayan bal\u0131k\u00e7\u0131lar, \u201cVira Bismillah\u201d diyerek a\u011flar\u0131n\u0131 denizle bulu\u015fturdu. Bal\u0131kesir B\u00fcy\u00fck\u015fehir Belediyesi Band\u0131rma Su \u00fcr\u00fcnleri Hali\u2019nde sabah\u0131n ilk \u0131\u015f\u0131klar\u0131yla ger\u00e7ekle\u015ftirilen mezat program\u0131nda tutulan ilk bal\u0131klar mezat usul\u00fc sat\u0131\u015fa \u00e7\u0131kar\u0131ld\u0131. Bal\u0131k sezonunun ilk mezat\u0131n\u0131 Band\u0131rma Belediye Ba\u015fkan\u0131 Dursun Mirza, Bal\u0131kesir B\u00fcy\u00fck\u015fehir Belediyesi G\u00fcney Marmara Koordinat\u00f6r\u00fc Murat Karakoyun, Bal\u0131kesir B\u00fcy\u00fck\u015fehir Belediyesi Edremit Koordinat\u00f6r\u00fc Yurt Y\u0131ld\u0131r\u0131m, BATA\u015e Genel M\u00fcd\u00fcr\u00fc Halit \u00d6zdeliba\u015f ve hal esnaf\u0131 birlikte ger\u00e7ekle\u015ftirdi.<\/span><\/p>\n<p><span style=\"font-family: arial, helvetica, sans-serif; font-size: 14px;\"><strong>AKIN: \u201cDEN\u0130ZLER\u0130M\u0130Z\u0130N BEREKET\u0130 SOFRALARIMIZA BOLLUK GET\u0130RS\u0130N\u201d<br \/>\n<\/strong><\/span><span style=\"font-family: arial, helvetica, sans-serif; font-size: 14px;\">Bal\u0131k sezonunun bolluk ve bereket i\u00e7inde ge\u00e7mesi temennisinde bulunan Bal\u0131kesir B\u00fcy\u00fck\u015fehir Belediye Ba\u015fkan\u0131 Ahmet Ak\u0131n, \u201cBal\u0131kesir\u2019imizde bal\u0131k sezonu hay\u0131rl\u0131 olsun. T\u00fcm bal\u0131k\u00e7\u0131 hem\u015fehrilerime bereketli ve kazas\u0131z bir sezon olmas\u0131n\u0131 diliyorum. Denizlerimizin bereketi sofralar\u0131m\u0131za bolluk getirsin. Vira Bismillah.\u201d diyerek t\u00fcm bal\u0131k\u00e7\u0131lara bereketli bir sezon diledi.<\/span><\/p>\n<div class=\"row\">\n<div id=\"\" class=\"col-lg-3 col-md-4 col-sm-12 p-1\"><\/div>\n<\/div>\n","protected":false},"excerpt":{"rendered":"<p>Ege ve Marmara denizlerinin bulu\u015fma noktas\u0131 Bal\u0131kesir\u2019de, bal\u0131k sezonu Band\u0131rma Su \u00dcr\u00fcnleri Hali\u2019nde ger\u00e7ekle\u015ftirilen ilk mezatla a\u00e7\u0131ld\u0131. Bal\u0131k\u00e7\u0131l\u0131\u011f\u0131n \u00f6nemli bir<\/p>\n","protected":false},"author":3,"featured_media":28913,"comment_status":"open","ping_status":"open","sticky":false,"template":"","format":"standard","meta":{"colormag_page_container_layout":"default_layout","colormag_page_sidebar_layout":"default_layout","footnotes":""},"categories":[1,5,8],"tags":[],"class_list":["post-28912","post","type-post","status-publish","format-standard","has-post-thumbnail","hentry","category-genel","category-gundem","category-siyaset"],"_links":{"self":[{"href":"https:\/\/marmarayerelhizmet.com\/index.php\/wp-json\/wp\/v2\/posts\/28912","targetHints":{"allow":["GET"]}}],"collection":[{"href":"https:\/\/marmarayerelhizmet.com\/index.php\/wp-json\/wp\/v2\/posts"}],"about":[{"href":"https:\/\/marmarayerelhizmet.com\/index.php\/wp-json\/wp\/v2\/types\/post"}],"author":[{"embeddable":true,"href":"https:\/\/marmarayerelhizmet.com\/index.php\/wp-json\/wp\/v2\/users\/3"}],"replies":[{"embeddable":true,"href":"https:\/\/marmarayerelhizmet.com\/index.php\/wp-json\/wp\/v2\/comments?post=28912"}],"version-history":[{"count":0,"href":"https:\/\/marmarayerelhizmet.com\/index.php\/wp-json\/wp\/v2\/posts\/28912\/revisions"}],"wp:featuredmedia":[{"embeddable":true,"href":"https:\/\/marmarayerelhizmet.com\/index.php\/wp-json\/wp\/v2\/media\/28913"}],"wp:attachment":[{"href":"https:\/\/marmarayerelhizmet.com\/index.php\/wp-json\/wp\/v2\/media?parent=28912"}],"wp:term":[{"taxonomy":"category","embeddable":true,"href":"https:\/\/marmarayerelhizmet.com\/index.php\/wp-json\/wp\/v2\/categories?post=28912"},{"taxonomy":"post_tag","embeddable":true,"href":"https:\/\/marmarayerelhizmet.com\/index.php\/wp-json\/wp\/v2\/tags?post=28912"}],"curies":[{"name":"wp","href":"https:\/\/api.w.org\/{rel}","templated":true}]}}