{"id":28897,"date":"2025-08-26T16:52:04","date_gmt":"2025-08-26T13:52:04","guid":{"rendered":"https:\/\/marmarayerelhizmet.com\/?p=28897"},"modified":"2025-08-26T16:52:04","modified_gmt":"2025-08-26T13:52:04","slug":"altieylul-kent-konseyinden-anlamli-etkinlik","status":"publish","type":"post","link":"https:\/\/marmarayerelhizmet.com\/index.php\/2025\/08\/26\/altieylul-kent-konseyinden-anlamli-etkinlik\/","title":{"rendered":"Alt\u0131eyl\u00fcl Kent Konseyi&#8217;nden Anlaml\u0131 Etkinlik"},"content":{"rendered":"<p><strong><span style=\"font-family: arial, helvetica, sans-serif; font-size: 14px;\">Alt\u0131eyl\u00fcl Kent Konseyi \u00fcyeleri, \u00e7evre bilincini art\u0131rmak ve toplumsal fark\u0131ndal\u0131k olu\u015fturmak amac\u0131yla anlaml\u0131 bir etkinli\u011fe imza att\u0131. Kent Konseyi \u00fcyeleri, Alt\u0131eyl\u00fcl s\u0131n\u0131rlar\u0131 i\u00e7erisinde yer alan \u0130kizcetepeler Mesire Alan\u0131\u2019nda \u00e7evre temizli\u011fi ger\u00e7ekle\u015ftirdi. Etkinli\u011fe Selimiye K\u00f6y\u00fc Muhtar\u0131 ve e\u015fi de kat\u0131larak destek verdi.<br \/>\n<\/span><\/strong><br \/>\n<span style=\"font-family: arial, helvetica, sans-serif; font-size: 14px;\">Kent Konseyi&#8217;nin \u00e7a\u011fr\u0131s\u0131yla bir araya gelen g\u00f6n\u00fcll\u00fcler, sabah\u0131n erken saatlerinde mesire alan\u0131nda bulu\u015ftu. Etkinlik boyunca do\u011faya at\u0131lan plastik, cam, metal ve \u00e7e\u015fitli at\u0131klar b\u00fcy\u00fck bir titizlikle topland\u0131. Toplanan \u00e7\u00f6pler, geri d\u00f6n\u00fc\u015f\u00fcm kurallar\u0131na uygun \u015fekilde ayr\u0131\u015ft\u0131r\u0131larak belediye ekiplerine teslim edildi.<\/span><\/p>\n<p><strong><span style=\"font-family: arial, helvetica, sans-serif; font-size: 14px;\">\u201cAMACIMIZ DUYARLI B\u0130R TOPLUM\u201d <\/span><\/strong><br \/>\n<span style=\"font-family: arial, helvetica, sans-serif; font-size: 14px;\">Alt\u0131eyl\u00fcl Kent Konseyi Kad\u0131n Meclisi Ba\u015fkan\u0131 Derya Erkan yapt\u0131\u011f\u0131 a\u00e7\u0131klamada, \u00e7evre temizli\u011finin sadece belediyelere b\u0131rak\u0131lmamas\u0131 gerekti\u011fini, her bireyin ya\u015fad\u0131\u011f\u0131 \u00e7evreye kar\u015f\u0131 sorumluluk ta\u015f\u0131d\u0131\u011f\u0131n\u0131 vurgulad\u0131. Erkan \u201cAmac\u0131m\u0131z sadece alan\u0131 temizlemek de\u011fil, ayn\u0131 zamanda \u00e7evre bilincini art\u0131rmak ve bu t\u00fcr etkinliklerle toplumsal fark\u0131ndal\u0131k olu\u015fturmak. Bug\u00fcn burada, \u0130kizcetepeler Mesire Alan\u0131\u2019nda ger\u00e7ekle\u015ftirdi\u011fimiz \u00e7evre temizli\u011fi etkinli\u011fiyle, hem do\u011fam\u0131za sahip \u00e7\u0131kman\u0131n \u00f6nemini bir kez daha hat\u0131rlad\u0131k hem de \u00e7evre bilincini toplumumuzda yayg\u0131nla\u015ft\u0131rmay\u0131 ama\u00e7lad\u0131k. Kent Konseyi olarak \u00e7evreye duyarl\u0131 bir toplum olu\u015fturman\u0131n hepimizin ortak sorumlulu\u011fu oldu\u011funu d\u00fc\u015f\u00fcn\u00fcyoruz. Temiz ve sa\u011fl\u0131kl\u0131 bir \u00e7evrede ya\u015famak sadece belediyelerin de\u011fil, bizlerin de g\u00f6revidir. Bu bilin\u00e7le, vatanda\u015flar\u0131m\u0131z\u0131 do\u011faya kar\u015f\u0131 duyarl\u0131 olmaya davet ediyoruz. Selimiye K\u00f6y\u00fc Muhtar\u0131m\u0131z ve de\u011ferli e\u015finin de kat\u0131l\u0131m\u0131yla, dayan\u0131\u015fma i\u00e7inde g\u00fczel bir \u00e7al\u0131\u015fma ger\u00e7ekle\u015ftirdik. Amac\u0131m\u0131z sadece \u00e7\u00f6pleri toplamak de\u011fil, gelecek nesillere daha ya\u015fanabilir bir d\u00fcnya b\u0131rakmak. Bu t\u00fcr etkinlikleri s\u00fcrd\u00fcr\u00fclebilir k\u0131lmak ve farkl\u0131 b\u00f6lgelerde de yayg\u0131nla\u015ft\u0131rmak i\u00e7in \u00e7al\u0131\u015fmalar\u0131m\u0131za devam edece\u011fiz. Kat\u0131lan t\u00fcm g\u00f6n\u00fcll\u00fclerimize te\u015fekk\u00fcr ediyor, t\u00fcm Alt\u0131eyl\u00fcl halk\u0131n\u0131 \u00e7evreye sahip \u00e7\u0131kmaya davet ediyorum.\u201d dedi.<\/span><\/p>\n<p><strong><span style=\"font-family: arial, helvetica, sans-serif; font-size: 14px;\">TEM\u0130Z \u00c7EVRE \u0130\u00c7\u0130N EL ELE<\/span><\/strong><br \/>\n<span style=\"font-family: arial, helvetica, sans-serif; font-size: 14px;\">Etkinlik s\u0131ras\u0131nda a\u00e7\u0131klamada bulunan Selimiye K\u00f6y\u00fc Muhtar\u0131 Hasan D\u00fcndar da \u201cBu t\u00fcr organizasyonlar k\u00f6y\u00fcm\u00fcz ve b\u00f6lgemiz i\u00e7in \u00e7ok k\u0131ymetli. E\u015fimle birlikte bu \u00e7al\u0131\u015fmaya kat\u0131lmaktan onur duyduk. Hep birlikte daha temiz, ya\u015fanabilir bir \u00e7evre i\u00e7in \u00e7al\u0131\u015fmaya devam edece\u011fiz\u201d \u015feklinde konu\u015ftu. Etkinlik sonunda, kat\u0131l\u0131mc\u0131lara Kent Konseyi taraf\u0131ndan \u00e7evre dostu file \u00e7antalar ve k\u00fc\u00e7\u00fck hat\u0131ra hediyeleri takdim edildi. Konsey \u00fcyeleri, bu t\u00fcr temizlik faaliyetlerinin d\u00fczenli aral\u0131klarla farkl\u0131 b\u00f6lgelerde de yap\u0131lmas\u0131 i\u00e7in \u00e7al\u0131\u015fmalar\u0131n\u0131 s\u00fcrd\u00fcreceklerini\u00a0belirtti.<\/span><\/p>\n","protected":false},"excerpt":{"rendered":"<p>Alt\u0131eyl\u00fcl Kent Konseyi \u00fcyeleri, \u00e7evre bilincini art\u0131rmak ve toplumsal fark\u0131ndal\u0131k olu\u015fturmak amac\u0131yla anlaml\u0131 bir etkinli\u011fe imza att\u0131. Kent Konseyi \u00fcyeleri,<\/p>\n","protected":false},"author":3,"featured_media":28898,"comment_status":"open","ping_status":"open","sticky":false,"template":"","format":"standard","meta":{"colormag_page_container_layout":"default_layout","colormag_page_sidebar_layout":"default_layout","footnotes":""},"categories":[1,5,8],"tags":[],"class_list":["post-28897","post","type-post","status-publish","format-standard","has-post-thumbnail","hentry","category-genel","category-gundem","category-siyaset"],"_links":{"self":[{"href":"https:\/\/marmarayerelhizmet.com\/index.php\/wp-json\/wp\/v2\/posts\/28897","targetHints":{"allow":["GET"]}}],"collection":[{"href":"https:\/\/marmarayerelhizmet.com\/index.php\/wp-json\/wp\/v2\/posts"}],"about":[{"href":"https:\/\/marmarayerelhizmet.com\/index.php\/wp-json\/wp\/v2\/types\/post"}],"author":[{"embeddable":true,"href":"https:\/\/marmarayerelhizmet.com\/index.php\/wp-json\/wp\/v2\/users\/3"}],"replies":[{"embeddable":true,"href":"https:\/\/marmarayerelhizmet.com\/index.php\/wp-json\/wp\/v2\/comments?post=28897"}],"version-history":[{"count":0,"href":"https:\/\/marmarayerelhizmet.com\/index.php\/wp-json\/wp\/v2\/posts\/28897\/revisions"}],"wp:featuredmedia":[{"embeddable":true,"href":"https:\/\/marmarayerelhizmet.com\/index.php\/wp-json\/wp\/v2\/media\/28898"}],"wp:attachment":[{"href":"https:\/\/marmarayerelhizmet.com\/index.php\/wp-json\/wp\/v2\/media?parent=28897"}],"wp:term":[{"taxonomy":"category","embeddable":true,"href":"https:\/\/marmarayerelhizmet.com\/index.php\/wp-json\/wp\/v2\/categories?post=28897"},{"taxonomy":"post_tag","embeddable":true,"href":"https:\/\/marmarayerelhizmet.com\/index.php\/wp-json\/wp\/v2\/tags?post=28897"}],"curies":[{"name":"wp","href":"https:\/\/api.w.org\/{rel}","templated":true}]}}