{"id":28891,"date":"2025-08-21T01:26:55","date_gmt":"2025-08-20T22:26:55","guid":{"rendered":"https:\/\/marmarayerelhizmet.com\/?p=28891"},"modified":"2025-08-21T01:26:55","modified_gmt":"2025-08-20T22:26:55","slug":"gureslerde-1730-yigit-kol-baglayacak","status":"publish","type":"post","link":"https:\/\/marmarayerelhizmet.com\/index.php\/2025\/08\/21\/gureslerde-1730-yigit-kol-baglayacak\/","title":{"rendered":"G\u00fcre\u015flerde 1730 Yi\u011fit Kol Ba\u011flayacak"},"content":{"rendered":"<p><span style=\"font-family: arial, helvetica, sans-serif; font-size: 14px;\"><strong>65\u2019incisi d\u00fczenlenecek olan Kurtdereli Mehmet Pehlivan Ya\u011fl\u0131 G\u00fcre\u015fleri, 22 A\u011fustos Cuma g\u00fcn\u00fc ba\u015fl\u0131yor. 3 g\u00fcn s\u00fcrecek olan g\u00fcre\u015flerde 1730 yi\u011fit g\u00fcre\u015f\u00e7i kol ba\u011flayacak. Antren\u00f6rler ve hakemlerle birlikte yakla\u015f\u0131k 2 bin 500 profesyonel g\u00fcre\u015f\u00e7iyi a\u011f\u0131rlayacak Kurtdereli G\u00fcre\u015fleri\u2019nde 74 pehlivan alt\u0131n kemer i\u00e7in ter d\u00f6kecek.<\/strong><\/span><\/p>\n<p><span style=\"font-family: arial, helvetica, sans-serif; font-size: 14px;\">Bal\u0131kesir B\u00fcy\u00fck\u015fehir Belediyesi ve Karesi Belediyesi\u2019nin ev sahipli\u011finde 22-24 A\u011fustos g\u00fcnleri aras\u0131nda 65\u2019incisi d\u00fczenlenecek olan Kurtdereli Mehmet Pehlivan Ya\u011fl\u0131 G\u00fcre\u015fleri\u2019nde 1730 pehlivan dual\u0131 \u00e7ay\u0131rda kol ba\u011flayacak. Sporcular\u0131n antren\u00f6rleri ve hakemlerle birlikte yakla\u015f\u0131k 2 bin 500 profesyonel g\u00fcre\u015f\u00e7i, Bal\u0131kesir\u2019de olacak. Cihan \u015eampiyonu Kurtdereli Mehmet Pehlivan\u2019\u0131n ad\u0131n\u0131n ya\u015fat\u0131ld\u0131\u011f\u0131 g\u00fcre\u015fler, 3 g\u00fcn boyunca muhte\u015fem bir atmosferde ger\u00e7ekle\u015ftirilecek.<\/span><\/p>\n<p><span style=\"font-family: arial, helvetica, sans-serif; font-size: 14px;\"><strong>\u00a0<\/strong><strong>BA\u015eKAN AKIN\u00a0<\/strong><strong>S\u00d6Z VERD\u0130\u011e\u0130 YEN\u0130 TR\u0130B\u00dcN\u00dc A\u00c7ACAK<br \/>\n<\/strong>22 A\u011fustos Cuma g\u00fcn\u00fc saat 08.00\u2019da Kurtdere Mahallesi\u2019nde; minik 1, minik 2, te\u015fvik 1, te\u015fvik 2, tozkoparan, ayak, deste 1, deste 2, deste 3 ve k\u00fc\u00e7\u00fck orta 1-2 boy ayr\u0131m\u0131yla ba\u015flayacak Kurtdereli G\u00fcre\u015fleri; 12.30\u2019da Kurtdereli Mehmet Pehlivan\u2019\u0131n an\u0131t mezar\u0131n\u0131 ziyaret ile devam edecek. 12.45\u2019te Mevlid-i \u015eerif\u2019in okutulaca\u011f\u0131 programda 14.00\u2019da mevlit yeme\u011fi verilecek. G\u00fcre\u015flerin resmi a\u00e7\u0131l\u0131\u015f\u0131yla birlikte Bal\u0131kesir B\u00fcy\u00fck\u015fehir Belediye Ba\u015fkan\u0131 Ahmet Ak\u0131n\u2019\u0131n ge\u00e7ti\u011fimiz y\u0131l s\u00f6z verdi\u011fi yeni trib\u00fcn\u00fcnde a\u00e7\u0131l\u0131\u015f\u0131 14.30\u2019da ger\u00e7ekle\u015ftirilerek ya\u011fl\u0131 g\u00fcre\u015f m\u00fcsabakalar\u0131 ba\u015flayacak. 18.00\u2019da \u015eeyh L\u00fctfullah Camisi Meydan\u0131\u2019ndan kortej y\u00fcr\u00fcy\u00fc\u015f\u00fc ve 19.00\u2019de Kurtdereli Mehmet Pehlivan An\u0131t\u0131\u2019na \u00e7elenk sunulacak.<\/span><\/p>\n<p><span style=\"font-family: arial, helvetica, sans-serif; font-size: 14px;\"><strong>\u00d6D\u00dcL T\u00d6REN\u0130YLE SONA ERECEK<br \/>\n<\/strong>23 A\u011fustos Cumartesi g\u00fcn\u00fc ya\u011fl\u0131 g\u00fcre\u015f m\u00fcsabakalar\u0131n\u0131n 09.00\u2019da ba\u015flayaca\u011f\u0131 Kurtdereli G\u00fcre\u015fleri; 24 A\u011fustos Pazar g\u00fcn\u00fc ise 12.00\u2019da ba\u015fpehlivanlar\u0131n kura \u00e7ekimi, 18.30\u2019da Ba\u015fpehlivanl\u0131k final g\u00fcre\u015fi ve 19.00\u2019daki \u00f6d\u00fcl t\u00f6reni ile sona erecek.<\/span><\/p>\n","protected":false},"excerpt":{"rendered":"<p>65\u2019incisi d\u00fczenlenecek olan Kurtdereli Mehmet Pehlivan Ya\u011fl\u0131 G\u00fcre\u015fleri, 22 A\u011fustos Cuma g\u00fcn\u00fc ba\u015fl\u0131yor. 3 g\u00fcn s\u00fcrecek olan g\u00fcre\u015flerde 1730 yi\u011fit<\/p>\n","protected":false},"author":3,"featured_media":28892,"comment_status":"open","ping_status":"open","sticky":false,"template":"","format":"standard","meta":{"colormag_page_container_layout":"default_layout","colormag_page_sidebar_layout":"default_layout","footnotes":""},"categories":[1,5,8],"tags":[],"class_list":["post-28891","post","type-post","status-publish","format-standard","has-post-thumbnail","hentry","category-genel","category-gundem","category-siyaset"],"_links":{"self":[{"href":"https:\/\/marmarayerelhizmet.com\/index.php\/wp-json\/wp\/v2\/posts\/28891","targetHints":{"allow":["GET"]}}],"collection":[{"href":"https:\/\/marmarayerelhizmet.com\/index.php\/wp-json\/wp\/v2\/posts"}],"about":[{"href":"https:\/\/marmarayerelhizmet.com\/index.php\/wp-json\/wp\/v2\/types\/post"}],"author":[{"embeddable":true,"href":"https:\/\/marmarayerelhizmet.com\/index.php\/wp-json\/wp\/v2\/users\/3"}],"replies":[{"embeddable":true,"href":"https:\/\/marmarayerelhizmet.com\/index.php\/wp-json\/wp\/v2\/comments?post=28891"}],"version-history":[{"count":0,"href":"https:\/\/marmarayerelhizmet.com\/index.php\/wp-json\/wp\/v2\/posts\/28891\/revisions"}],"wp:featuredmedia":[{"embeddable":true,"href":"https:\/\/marmarayerelhizmet.com\/index.php\/wp-json\/wp\/v2\/media\/28892"}],"wp:attachment":[{"href":"https:\/\/marmarayerelhizmet.com\/index.php\/wp-json\/wp\/v2\/media?parent=28891"}],"wp:term":[{"taxonomy":"category","embeddable":true,"href":"https:\/\/marmarayerelhizmet.com\/index.php\/wp-json\/wp\/v2\/categories?post=28891"},{"taxonomy":"post_tag","embeddable":true,"href":"https:\/\/marmarayerelhizmet.com\/index.php\/wp-json\/wp\/v2\/tags?post=28891"}],"curies":[{"name":"wp","href":"https:\/\/api.w.org\/{rel}","templated":true}]}}