{"id":28885,"date":"2025-08-19T00:00:36","date_gmt":"2025-08-18T21:00:36","guid":{"rendered":"https:\/\/marmarayerelhizmet.com\/?p=28885"},"modified":"2025-08-19T00:01:13","modified_gmt":"2025-08-18T21:01:13","slug":"baskan-akin-vatandaslara-verdigi-sozu-tuttu","status":"publish","type":"post","link":"https:\/\/marmarayerelhizmet.com\/index.php\/2025\/08\/19\/baskan-akin-vatandaslara-verdigi-sozu-tuttu\/","title":{"rendered":"Ba\u015fkan Ak\u0131n Vatanda\u015flara Verdi\u011fi S\u00f6z\u00fc Tuttu"},"content":{"rendered":"<p><span style=\"font-family: arial, helvetica, sans-serif; font-size: 14px;\"><strong>Halk\u0131n taleplerinin h\u0131zla \u00e7\u00f6z\u00fcme kavu\u015fmas\u0131 i\u00e7in t\u00fcm ekipleri harekete ge\u00e7iren Bal\u0131kesir B\u00fcy\u00fck\u015fehir Belediye Ba\u015fkan\u0131 Ahmet Ak\u0131n, vatanda\u015flara verdi\u011fi s\u00f6z\u00fc tuttu. Ak\u0131n\u2019\u0131n talimat\u0131yla b\u00f6lgedeki kanalizasyon \u015febeke hatt\u0131n\u0131 k\u0131sa s\u00fcrede tamamlayan Bal\u0131kesir Su ve Kanalizasyon \u0130daresi (BASK\u0130) Genel M\u00fcd\u00fcrl\u00fc\u011f\u00fc, \u00f6zellikle yaz aylar\u0131nda artan n\u00fcfusuyla turizm cenneti Erdek\u2019in Ocaklar Mahallesi\u2019nde altyap\u0131 sorununu \u00e7\u00f6zd\u00fc.<\/strong><\/span><\/p>\n<p><span style=\"font-family: arial, helvetica, sans-serif; font-size: 14px;\">Vatanda\u015flar\u0131n belediyecilik hizmetinden h\u0131zl\u0131 ve kesintisiz yararlanabilmesi i\u00e7in t\u00fcm imk\u00e2nlar\u0131 seferber eden Bal\u0131kesir B\u00fcy\u00fck\u015fehir Belediye Ba\u015fkan\u0131 Ahmet Ak\u0131n, vatanda\u015flara verdi\u011fi s\u00f6z\u00fc tutuyor. Tatil cenneti Erdek\u2019te \u00f6zellikle yaz aylar\u0131nda artan n\u00fcfusa yetersiz gelen altyap\u0131y\u0131, Ba\u015fkan Ak\u0131n\u2019\u0131n talimatlar\u0131 do\u011frultusunda g\u00fc\u00e7lendiren Bal\u0131kesir Su ve Kanalizasyon \u0130daresi (BASK\u0130) Genel M\u00fcd\u00fcrl\u00fc\u011f\u00fc, Erdek\u2019in Ocaklar Mahallesi\u2019nde yeni kanalizasyon \u015febeke hatt\u0131 yap\u0131m\u0131n\u0131 tamamlad\u0131. BASK\u0130 Genel M\u00fcd\u00fcr\u00fc Erdo\u011fan \u00d6zt\u00fcrk, altyap\u0131 yat\u0131r\u0131mlar\u0131n\u0131n t\u00fcm k\u0131y\u0131 mahallelerinde s\u00fcrd\u00fcr\u00fclece\u011fini vurgulad\u0131.<\/span><\/p>\n<p><span style=\"font-family: arial, helvetica, sans-serif; font-size: 14px;\"><strong>SA\u011eLIKLI VE MODERN ALTYAPI<br \/>\n<\/strong>\u015eehrin altyap\u0131s\u0131n\u0131 ve i\u00e7me suyu kaynaklar\u0131n\u0131 g\u00fc\u00e7lendirmek i\u00e7in kapsaml\u0131 bir \u00e7al\u0131\u015fma ba\u015flatan BASK\u0130 ekipleri, \u00f6zellikle yaz aylar\u0131nda n\u00fcfusu artan b\u00f6lgelerde altyap\u0131 sorunu ya\u015fanmamas\u0131 i\u00e7in kanalizasyon hatlar\u0131nda detayl\u0131 bak\u0131m ger\u00e7ekle\u015ftiriyor. Genel M\u00fcd\u00fcr Erdo\u011fan \u00d6zt\u00fcrk\u2019\u00fcn koordinesinde y\u00fcr\u00fct\u00fclen \u00e7al\u0131\u015fmalarda Erdek\u2019in turistik Ocaklar Mahallesi\u2019nde kanalizasyon \u015febeke hatt\u0131 h\u0131zl\u0131 ve titiz bir \u015fekilde tamamland\u0131. Ekipler, \u015fehrin altyap\u0131s\u0131n\u0131 planlanan program d\u00e2hilinde sa\u011fl\u0131kl\u0131 ve modern bir hale getiriyor.<\/span><\/p>\n","protected":false},"excerpt":{"rendered":"<p>Halk\u0131n taleplerinin h\u0131zla \u00e7\u00f6z\u00fcme kavu\u015fmas\u0131 i\u00e7in t\u00fcm ekipleri harekete ge\u00e7iren Bal\u0131kesir B\u00fcy\u00fck\u015fehir Belediye Ba\u015fkan\u0131 Ahmet Ak\u0131n, vatanda\u015flara verdi\u011fi s\u00f6z\u00fc tuttu.<\/p>\n","protected":false},"author":3,"featured_media":28886,"comment_status":"open","ping_status":"open","sticky":false,"template":"","format":"standard","meta":{"colormag_page_container_layout":"default_layout","colormag_page_sidebar_layout":"default_layout","footnotes":""},"categories":[1,5,8],"tags":[],"class_list":["post-28885","post","type-post","status-publish","format-standard","has-post-thumbnail","hentry","category-genel","category-gundem","category-siyaset"],"_links":{"self":[{"href":"https:\/\/marmarayerelhizmet.com\/index.php\/wp-json\/wp\/v2\/posts\/28885","targetHints":{"allow":["GET"]}}],"collection":[{"href":"https:\/\/marmarayerelhizmet.com\/index.php\/wp-json\/wp\/v2\/posts"}],"about":[{"href":"https:\/\/marmarayerelhizmet.com\/index.php\/wp-json\/wp\/v2\/types\/post"}],"author":[{"embeddable":true,"href":"https:\/\/marmarayerelhizmet.com\/index.php\/wp-json\/wp\/v2\/users\/3"}],"replies":[{"embeddable":true,"href":"https:\/\/marmarayerelhizmet.com\/index.php\/wp-json\/wp\/v2\/comments?post=28885"}],"version-history":[{"count":0,"href":"https:\/\/marmarayerelhizmet.com\/index.php\/wp-json\/wp\/v2\/posts\/28885\/revisions"}],"wp:featuredmedia":[{"embeddable":true,"href":"https:\/\/marmarayerelhizmet.com\/index.php\/wp-json\/wp\/v2\/media\/28886"}],"wp:attachment":[{"href":"https:\/\/marmarayerelhizmet.com\/index.php\/wp-json\/wp\/v2\/media?parent=28885"}],"wp:term":[{"taxonomy":"category","embeddable":true,"href":"https:\/\/marmarayerelhizmet.com\/index.php\/wp-json\/wp\/v2\/categories?post=28885"},{"taxonomy":"post_tag","embeddable":true,"href":"https:\/\/marmarayerelhizmet.com\/index.php\/wp-json\/wp\/v2\/tags?post=28885"}],"curies":[{"name":"wp","href":"https:\/\/api.w.org\/{rel}","templated":true}]}}