{"id":28876,"date":"2025-08-11T15:02:05","date_gmt":"2025-08-11T12:02:05","guid":{"rendered":"https:\/\/marmarayerelhizmet.com\/?p=28876"},"modified":"2025-08-11T19:02:36","modified_gmt":"2025-08-11T16:02:36","slug":"bakanlar-deprem-bolgesinde","status":"publish","type":"post","link":"https:\/\/marmarayerelhizmet.com\/index.php\/2025\/08\/11\/bakanlar-deprem-bolgesinde\/","title":{"rendered":"Bakanlar deprem B\u00f6lgesinde"},"content":{"rendered":"<div class=\"tg-post\">\n<article id=\"post-44390\" class=\"post-44390 post type-post status-publish format-standard has-post-thumbnail hentry category-asayis category-genel category-ilceler category-saglik category-siyaset\">\n<div class=\"cm-post-content\">\n<div class=\"cm-entry-summary\">\n<p><span style=\"font-family: arial, helvetica, sans-serif; font-size: 14px;\"><strong>S\u0131nd\u0131rg\u0131\u2019da a\u00e7\u0131klama yapan Sa\u011fl\u0131k Bakan\u0131 Kemal Memi\u015fo\u011flu, hastanede tedavisi yap\u0131lan 29 yaral\u0131dan 19\u2019unun taburcu edildi\u011fini s\u00f6yledi. Memi\u015fo\u011flu hastanede 3\u2019\u00fc direkt deprem etkisiyle enkazdan \u00e7\u0131kar\u0131lmak \u00fczere toplam 10 yaral\u0131n\u0131n bulundu\u011funu s\u00f6yledi.<\/strong><\/span><\/p>\n<p><span style=\"font-family: arial, helvetica, sans-serif; font-size: 14px;\">6.1\u2019lik depremin ya\u015fand\u0131\u011f\u0131 Bal\u0131kesir\u2019in S\u0131nd\u0131rg\u0131 il\u00e7esinde \u0130\u00e7i\u015fleri Bakan\u0131 Ali Yerlikaya ile birlikte a\u00e7\u0131klama yapan Kemal Memi\u015fo\u011flu depremde yaralanan vatanda\u015flarla ilgili son durumu payla\u015ft\u0131.\u00a0S\u0131nd\u0131rg\u0131\u2019ya \u2019ge\u00e7mi\u015f olsun\u2019 dilekleri ile s\u00f6zlerine ba\u015flayan Memi\u015fo\u011flu, \u201cDepremin ilk an\u0131ndan itibaren AFAD\u2019\u0131n koordinasyonunda gerekli m\u00fcdahaleler ve gerekli yard\u0131mlar herkese yap\u0131lmaya ba\u015fland\u0131. Biz d\u00fcn gece gelip hastanedeki yaral\u0131lar\u0131m\u0131z\u0131 ziyaret ettik. Toplam 52 ba\u015fvuru var. 29\u2019u yaral\u0131 olarak hastanelerimizde tedaviye al\u0131nd\u0131. Bu 29 yaral\u0131dan 19\u2019unu taburcu ettik. \u015eu anda hastanelerimizde 3\u2019\u00fc direkt deprem etkisiyle enkazdan \u00e7\u0131kar\u0131lmak \u00fczere toplam 10 yaral\u0131m\u0131z var. Hepsinin genel durumlar\u0131 iyi. En k\u0131sa zamanda di\u011fer yaral\u0131lar\u0131m\u0131z\u0131 da in\u015fallah taburcu edece\u011fiz. Ben \u00f6zellikle rahmetli olan vatanda\u015f\u0131m\u0131z\u0131n ailesine sab\u0131rlar diliyorum. Allah mekan\u0131n\u0131 cennet eylesin diyorum. Bir daha b\u00f6yle ac\u0131lar ya\u015famayal\u0131m diye de dua ediyoruz. Deprem bir k\u00fclt\u00fcr art\u0131k. Bizim depreme hep haz\u0131rl\u0131kl\u0131 olmam\u0131z laz\u0131m, hem davran\u0131\u015f y\u00f6ntemleriyle hem bina fiziki yap\u0131lar\u0131m\u0131zla buna haz\u0131r olmam\u0131z laz\u0131m. Toplumsal olarak haz\u0131r olmam\u0131z laz\u0131m. Devlet kurumlar\u0131, AFAD\u2019\u0131yla, K\u0131z\u0131lay\u2019\u0131yla, sivil toplumuyla, bakanl\u0131klar\u0131yla, depremle ilgili biliyorsunuz \u00e7ok b\u00fcy\u00fck bir tecr\u00fcbeye ve organizasyona sahibiz ama bunun toplumsal olarak da uyum g\u00f6stermesi ve toplumsal olarak da hep beraber daha iyi, daha haz\u0131rl\u0131kl\u0131 olmam\u0131z gerekiyor. Sonu\u00e7ta deprem \u00f6ld\u00fcrm\u00fcyorsa asl\u0131nda yapt\u0131\u011f\u0131m\u0131z binalar \u00f6ld\u00fcr\u00fcyor. Depremler maalesef \u00fclkemizin ger\u00e7e\u011fi. Buna haz\u0131rl\u0131kl\u0131 olaca\u011f\u0131z in\u015fallah. Hepinize sayg\u0131lar sunuyorum. Allah\u2019a emanet ediyorum\u201d diye konu\u015ftu. \u0130HA<\/span><\/p>\n<\/div>\n<\/div>\n<\/article>\n<\/div>\n<p>&nbsp;<\/p>\n","protected":false},"excerpt":{"rendered":"<p>S\u0131nd\u0131rg\u0131\u2019da a\u00e7\u0131klama yapan Sa\u011fl\u0131k Bakan\u0131 Kemal Memi\u015fo\u011flu, hastanede tedavisi yap\u0131lan 29 yaral\u0131dan 19\u2019unun taburcu edildi\u011fini s\u00f6yledi. Memi\u015fo\u011flu hastanede 3\u2019\u00fc direkt<\/p>\n","protected":false},"author":3,"featured_media":28877,"comment_status":"open","ping_status":"open","sticky":false,"template":"","format":"standard","meta":{"colormag_page_container_layout":"default_layout","colormag_page_sidebar_layout":"default_layout","footnotes":""},"categories":[3,1,8],"tags":[],"class_list":["post-28876","post","type-post","status-publish","format-standard","has-post-thumbnail","hentry","category-ekonomi","category-genel","category-siyaset"],"_links":{"self":[{"href":"https:\/\/marmarayerelhizmet.com\/index.php\/wp-json\/wp\/v2\/posts\/28876","targetHints":{"allow":["GET"]}}],"collection":[{"href":"https:\/\/marmarayerelhizmet.com\/index.php\/wp-json\/wp\/v2\/posts"}],"about":[{"href":"https:\/\/marmarayerelhizmet.com\/index.php\/wp-json\/wp\/v2\/types\/post"}],"author":[{"embeddable":true,"href":"https:\/\/marmarayerelhizmet.com\/index.php\/wp-json\/wp\/v2\/users\/3"}],"replies":[{"embeddable":true,"href":"https:\/\/marmarayerelhizmet.com\/index.php\/wp-json\/wp\/v2\/comments?post=28876"}],"version-history":[{"count":0,"href":"https:\/\/marmarayerelhizmet.com\/index.php\/wp-json\/wp\/v2\/posts\/28876\/revisions"}],"wp:featuredmedia":[{"embeddable":true,"href":"https:\/\/marmarayerelhizmet.com\/index.php\/wp-json\/wp\/v2\/media\/28877"}],"wp:attachment":[{"href":"https:\/\/marmarayerelhizmet.com\/index.php\/wp-json\/wp\/v2\/media?parent=28876"}],"wp:term":[{"taxonomy":"category","embeddable":true,"href":"https:\/\/marmarayerelhizmet.com\/index.php\/wp-json\/wp\/v2\/categories?post=28876"},{"taxonomy":"post_tag","embeddable":true,"href":"https:\/\/marmarayerelhizmet.com\/index.php\/wp-json\/wp\/v2\/tags?post=28876"}],"curies":[{"name":"wp","href":"https:\/\/api.w.org\/{rel}","templated":true}]}}