{"id":28870,"date":"2025-08-10T20:58:53","date_gmt":"2025-08-10T17:58:53","guid":{"rendered":"https:\/\/marmarayerelhizmet.com\/?p=28870"},"modified":"2025-08-11T18:59:22","modified_gmt":"2025-08-11T15:59:22","slug":"depremde-bina-yikildi","status":"publish","type":"post","link":"https:\/\/marmarayerelhizmet.com\/index.php\/2025\/08\/10\/depremde-bina-yikildi\/","title":{"rendered":"Depremde Bina Y\u0131k\u0131ld\u0131"},"content":{"rendered":"<div class=\"tg-post\">\n<article id=\"post-44327\" class=\"post-44327 post type-post status-publish format-standard has-post-thumbnail hentry category-asayis category-genel category-ilceler\">\n<div class=\"cm-post-content\">\n<div class=\"cm-entry-summary\">\n<p><span style=\"font-family: arial, helvetica, sans-serif; font-size: 14px;\"><strong>Depremden sonra a\u00e7\u0131klama yapan S\u0131nd\u0131rg\u0131 Belediye Ba\u015fkan\u0131 Serkan Sak, \u201c\u0130lk tespitlere g\u00f6re 10 binam\u0131z y\u0131k\u0131ld\u0131, 1 binada 6 ki\u015fi var 3 ki\u015fi kurtar\u0131ld\u0131 di\u011ferleri i\u00e7in \u00e7al\u0131\u015fma devam ediyor\u201d dedi.<\/strong><\/span><\/p>\n<p><span style=\"font-family: arial, helvetica, sans-serif; font-size: 14px;\">Depremin merkez \u00fcss\u00fc olan S\u0131nd\u0131rg\u0131 il\u00e7esi, en \u00e7ok etkilenen b\u00f6lge oldu. \u0130lk belirlemelere g\u00f6re S\u0131nd\u0131rg\u0131 merkezinde bir bina tamamen y\u0131k\u0131ld\u0131. K\u0131rsal mahallelerde baz\u0131 evlerde ciddi yap\u0131sal hasar olu\u015ftu<\/span><br \/>\n<span style=\"font-family: arial, helvetica, sans-serif; font-size: 14px;\">Orman\u0131c\u0131 ve \u00e7evresi, art\u00e7\u0131 sars\u0131nt\u0131lar\u0131n merkezleri aras\u0131nda yer ald\u0131. Bal\u0131kesir merkez ve \u00e7evre il\u00e7elerde \u00e7atlaklar ve hafif hasarlar bildirildi<\/span><br \/>\n<span style=\"font-family: arial, helvetica, sans-serif; font-size: 14px;\">AFAD ve arama-kurtarma ekipleri, \u00f6zellikle S\u0131nd\u0131rg\u0131 merkez ve k\u0131rsal alanlarda y\u0131k\u0131m ya\u015fanan b\u00f6lgelerde \u00e7al\u0131\u015fmalar\u0131n\u0131 s\u00fcrd\u00fcr\u00fcyor.<\/span><br \/>\n<span style=\"font-family: arial, helvetica, sans-serif; font-size: 14px;\">Depremin ard\u0131ndan k\u0131sa bir a\u00e7\u0131klama yapan S\u0131nd\u0131rg\u0131 Belediye Ba\u015fkan\u0131 Serkan Sak, \u201c\u0130lk tespitlere g\u00f6re 10 binam\u0131z y\u0131k\u0131ld\u0131, 1 binada 6 ki\u015fi var 3 ki\u015fi kurtar\u0131ld\u0131 di\u011ferleri i\u00e7in \u00e7al\u0131\u015fma devam ediyor\u201d dedi. \u0130HA<\/span><\/p>\n<\/div>\n<\/div>\n<\/article>\n<\/div>\n","protected":false},"excerpt":{"rendered":"<p>Depremden sonra a\u00e7\u0131klama yapan S\u0131nd\u0131rg\u0131 Belediye Ba\u015fkan\u0131 Serkan Sak, \u201c\u0130lk tespitlere g\u00f6re 10 binam\u0131z y\u0131k\u0131ld\u0131, 1 binada 6 ki\u015fi var<\/p>\n","protected":false},"author":3,"featured_media":28871,"comment_status":"open","ping_status":"open","sticky":false,"template":"","format":"standard","meta":{"colormag_page_container_layout":"default_layout","colormag_page_sidebar_layout":"default_layout","footnotes":""},"categories":[1,5],"tags":[],"class_list":["post-28870","post","type-post","status-publish","format-standard","has-post-thumbnail","hentry","category-genel","category-gundem"],"_links":{"self":[{"href":"https:\/\/marmarayerelhizmet.com\/index.php\/wp-json\/wp\/v2\/posts\/28870","targetHints":{"allow":["GET"]}}],"collection":[{"href":"https:\/\/marmarayerelhizmet.com\/index.php\/wp-json\/wp\/v2\/posts"}],"about":[{"href":"https:\/\/marmarayerelhizmet.com\/index.php\/wp-json\/wp\/v2\/types\/post"}],"author":[{"embeddable":true,"href":"https:\/\/marmarayerelhizmet.com\/index.php\/wp-json\/wp\/v2\/users\/3"}],"replies":[{"embeddable":true,"href":"https:\/\/marmarayerelhizmet.com\/index.php\/wp-json\/wp\/v2\/comments?post=28870"}],"version-history":[{"count":0,"href":"https:\/\/marmarayerelhizmet.com\/index.php\/wp-json\/wp\/v2\/posts\/28870\/revisions"}],"wp:featuredmedia":[{"embeddable":true,"href":"https:\/\/marmarayerelhizmet.com\/index.php\/wp-json\/wp\/v2\/media\/28871"}],"wp:attachment":[{"href":"https:\/\/marmarayerelhizmet.com\/index.php\/wp-json\/wp\/v2\/media?parent=28870"}],"wp:term":[{"taxonomy":"category","embeddable":true,"href":"https:\/\/marmarayerelhizmet.com\/index.php\/wp-json\/wp\/v2\/categories?post=28870"},{"taxonomy":"post_tag","embeddable":true,"href":"https:\/\/marmarayerelhizmet.com\/index.php\/wp-json\/wp\/v2\/tags?post=28870"}],"curies":[{"name":"wp","href":"https:\/\/api.w.org\/{rel}","templated":true}]}}