{"id":28866,"date":"2025-08-11T01:57:39","date_gmt":"2025-08-10T22:57:39","guid":{"rendered":"https:\/\/marmarayerelhizmet.com\/?p=28866"},"modified":"2025-08-11T18:58:36","modified_gmt":"2025-08-11T15:58:36","slug":"baskan-akin-birlikte-asacagiz","status":"publish","type":"post","link":"https:\/\/marmarayerelhizmet.com\/index.php\/2025\/08\/11\/baskan-akin-birlikte-asacagiz\/","title":{"rendered":"Ba\u015fkan Ak\u0131n: \u201cBirlikte A\u015faca\u011f\u0131z\u201d"},"content":{"rendered":"<div class=\"tg-post\">\n<article id=\"post-44387\" class=\"post-44387 post type-post status-publish format-standard has-post-thumbnail hentry category-asayis category-genel category-ilceler category-siyaset\">\n<div class=\"cm-post-content\">\n<div class=\"cm-entry-summary\">\n<p><span style=\"font-family: arial, helvetica, sans-serif; font-size: 14px;\"><strong>Bal\u0131kesir B\u00fcy\u00fck\u015fehir Belediye Ba\u015fkan\u0131 Ahmet Ak\u0131n, S\u0131nd\u0131rg\u0131\u2019da d\u00fcn ak\u015fam saatlerinde meydana gelen 6.1 \u015fiddetindeki depremden etkilenen ve geceyi d\u0131\u015farda ge\u00e7iren vatanda\u015flarla tek tek ilgilendi. Ak\u0131n\u2019\u0131n talimat\u0131yla Bal\u0131kesir B\u00fcy\u00fck\u015fehir Belediyesinin Yak\u0131n Mutfak T\u0131r\u2019\u0131 ve Mobil Kent Lokantas\u0131, gece boyunca yiyecek ve i\u00e7ecek ikram\u0131 yaparken On On Kafe \u015fubeleri de sabaha kadar vatanda\u015flara kap\u0131lar\u0131n\u0131 a\u00e7t\u0131.<\/strong><\/span><\/p>\n<p><span style=\"font-family: arial, helvetica, sans-serif; font-size: 14px;\">S\u0131nd\u0131rg\u0131\u2019da meydana gelen 6.1 \u015fiddetindeki deprem sonras\u0131 vatanda\u015flar geceyi toplanma alanlar\u0131nda ge\u00e7irdi. Depremden etkilenenlerle yak\u0131ndan ilgilenen Bal\u0131kesir B\u00fcy\u00fck\u015fehir Belediye Ba\u015fkan\u0131 Ahmet Ak\u0131n\u2019\u0131n talimat\u0131yla belediyenin t\u00fcm birimleri sahada g\u00f6rev yapt\u0131. Yak\u0131n Mutfak T\u0131r\u0131 ile il\u00e7ede vatanda\u015flara s\u0131cak yemek ikram\u0131 yap\u0131ld\u0131. On On Kafelerin S\u0131nd\u0131rg\u0131, Avlu ve Za\u011fnos Pa\u015fa \u015fubeleri de sabaha kadar kap\u0131lar\u0131n\u0131 vatanda\u015flara a\u00e7t\u0131. \u201cBirlikte ya\u015fad\u0131k, birlikte atlataca\u011f\u0131z.\u201d diyerek S\u0131nd\u0131rg\u0131 Belediye Ba\u015fkan\u0131 Serkan Sak ile birlikte deprem b\u00f6lgesinde incelemelerde bulunan Ak\u0131n, hem\u015fehrilerini bir an olsun yaln\u0131z b\u0131rakmad\u0131.<\/span><\/p>\n<div class=\"row\">\n<div id=\"\" class=\"col-lg-3 col-md-4 col-sm-12 p-1\"><\/div>\n<\/div>\n<\/div>\n<\/div>\n<\/article>\n<\/div>\n<p>&nbsp;<\/p>\n","protected":false},"excerpt":{"rendered":"<p>Bal\u0131kesir B\u00fcy\u00fck\u015fehir Belediye Ba\u015fkan\u0131 Ahmet Ak\u0131n, S\u0131nd\u0131rg\u0131\u2019da d\u00fcn ak\u015fam saatlerinde meydana gelen 6.1 \u015fiddetindeki depremden etkilenen ve geceyi d\u0131\u015farda ge\u00e7iren<\/p>\n","protected":false},"author":3,"featured_media":28867,"comment_status":"open","ping_status":"open","sticky":false,"template":"","format":"standard","meta":{"colormag_page_container_layout":"default_layout","colormag_page_sidebar_layout":"default_layout","footnotes":""},"categories":[1,5,8],"tags":[],"class_list":["post-28866","post","type-post","status-publish","format-standard","has-post-thumbnail","hentry","category-genel","category-gundem","category-siyaset"],"_links":{"self":[{"href":"https:\/\/marmarayerelhizmet.com\/index.php\/wp-json\/wp\/v2\/posts\/28866","targetHints":{"allow":["GET"]}}],"collection":[{"href":"https:\/\/marmarayerelhizmet.com\/index.php\/wp-json\/wp\/v2\/posts"}],"about":[{"href":"https:\/\/marmarayerelhizmet.com\/index.php\/wp-json\/wp\/v2\/types\/post"}],"author":[{"embeddable":true,"href":"https:\/\/marmarayerelhizmet.com\/index.php\/wp-json\/wp\/v2\/users\/3"}],"replies":[{"embeddable":true,"href":"https:\/\/marmarayerelhizmet.com\/index.php\/wp-json\/wp\/v2\/comments?post=28866"}],"version-history":[{"count":0,"href":"https:\/\/marmarayerelhizmet.com\/index.php\/wp-json\/wp\/v2\/posts\/28866\/revisions"}],"wp:featuredmedia":[{"embeddable":true,"href":"https:\/\/marmarayerelhizmet.com\/index.php\/wp-json\/wp\/v2\/media\/28867"}],"wp:attachment":[{"href":"https:\/\/marmarayerelhizmet.com\/index.php\/wp-json\/wp\/v2\/media?parent=28866"}],"wp:term":[{"taxonomy":"category","embeddable":true,"href":"https:\/\/marmarayerelhizmet.com\/index.php\/wp-json\/wp\/v2\/categories?post=28866"},{"taxonomy":"post_tag","embeddable":true,"href":"https:\/\/marmarayerelhizmet.com\/index.php\/wp-json\/wp\/v2\/tags?post=28866"}],"curies":[{"name":"wp","href":"https:\/\/api.w.org\/{rel}","templated":true}]}}