{"id":28864,"date":"2025-08-10T20:00:05","date_gmt":"2025-08-10T17:00:05","guid":{"rendered":"https:\/\/marmarayerelhizmet.com\/?p=28864"},"modified":"2025-08-11T18:56:36","modified_gmt":"2025-08-11T15:56:36","slug":"balikesirde-6-1lik-deprem","status":"publish","type":"post","link":"https:\/\/marmarayerelhizmet.com\/index.php\/2025\/08\/10\/balikesirde-6-1lik-deprem\/","title":{"rendered":"Bal\u0131kesir\u2019de 6.1\u2019lik Deprem"},"content":{"rendered":"<div class=\"tg-post\">\n<article id=\"post-44324\" class=\"post-44324 post type-post status-publish format-standard has-post-thumbnail hentry category-turizm category-genel category-ilceler\">\n<div class=\"cm-post-content\">\n<div class=\"cm-entry-summary\">\n<p><span style=\"font-family: arial, helvetica, sans-serif; font-size: 14px;\"><strong>S\u0131nd\u0131rg\u0131\u2019da bug\u00fcn saat 19.53\u2019te yerin 11 km derinli\u011finde, 6.1 b\u00fcy\u00fckl\u00fc\u011f\u00fcnde bir deprem meydana geldi. Sars\u0131nt\u0131, \u0130stanbul, \u0130zmir, Bursa, \u00c7anakkale ve Yalova gibi \u00e7evre illerde de g\u00fc\u00e7l\u00fc \u015fekilde hissedildi.<\/strong><\/span><\/p>\n<p><span style=\"font-family: arial, helvetica, sans-serif; font-size: 14px;\">AFAD ve di\u011fer acil yard\u0131m ekipleri b\u00f6lgeye sevk edildi. \u015eu ana kadar resmi kaynaklardan can kayb\u0131 veya a\u011f\u0131r yaralanma bilgisi payla\u015f\u0131lmad\u0131. Ancak baz\u0131 evlerin hasar g\u00f6rd\u00fc\u011f\u00fc ve y\u0131k\u0131ld\u0131\u011f\u0131 y\u00f6n\u00fcnde yerel bilgiler geliyor. Ekipler sahada incelemelerini s\u00fcrd\u00fcr\u00fcyor.<\/span><\/p>\n<p><span style=\"font-family: arial, helvetica, sans-serif; font-size: 14px;\"><strong>Yetkililerden Uyar\u0131lar<br \/>\n<\/strong>Hasarl\u0131 binalara girilmemesi gerekti\u011fi vurguland\u0131. Art\u00e7\u0131 sars\u0131nt\u0131lar konusunda dikkatli olunmas\u0131 istendi. Vatanda\u015flar\u0131n resmi a\u00e7\u0131klamalar\u0131 takip etmesi \u00f6neriliyor.<\/span><br \/>\n<span style=\"font-family: arial, helvetica, sans-serif; font-size: 14px;\">AFAD ve di\u011fer acil m\u00fcdahale ekipleri, S\u0131nd\u0131rg\u0131\u2019da sahaya sevk edildi. \u0130lk belirlemelere g\u00f6re: Can kayb\u0131 bilgisi hen\u00fcz netle\u015fmedi, ancak baz\u0131 evlerin y\u0131k\u0131ld\u0131\u011f\u0131 bildirildi. Ekipler, arama-kurtarma ve hasar tespiti \u00e7al\u0131\u015fmalar\u0131n\u0131 s\u00fcrd\u00fcr\u00fcyor. Vatanda\u015flara resmi a\u00e7\u0131klamalar\u0131 takip etmeleri ve hasarl\u0131 binalardan uzak durmalar\u0131 uyar\u0131s\u0131 yap\u0131ld\u0131. Deprem sonras\u0131 b\u00f6lgede birka\u00e7 art\u00e7\u0131 sars\u0131nt\u0131 kaydedildi 3.5 ve 3.1 b\u00fcy\u00fckl\u00fc\u011f\u00fcnde iki ayr\u0131 art\u00e7\u0131 deprem ya\u015fand\u0131. \u0130HA<\/span><\/p>\n<\/div>\n<\/div>\n<\/article>\n<\/div>\n<ul class=\"default-wp-page\">\n<li class=\"previous\"><\/li>\n<\/ul>\n","protected":false},"excerpt":{"rendered":"<p>S\u0131nd\u0131rg\u0131\u2019da bug\u00fcn saat 19.53\u2019te yerin 11 km derinli\u011finde, 6.1 b\u00fcy\u00fckl\u00fc\u011f\u00fcnde bir deprem meydana geldi. Sars\u0131nt\u0131, \u0130stanbul, \u0130zmir, Bursa, \u00c7anakkale ve<\/p>\n","protected":false},"author":3,"featured_media":16631,"comment_status":"open","ping_status":"open","sticky":false,"template":"","format":"standard","meta":{"colormag_page_container_layout":"default_layout","colormag_page_sidebar_layout":"default_layout","footnotes":""},"categories":[1,5],"tags":[],"class_list":["post-28864","post","type-post","status-publish","format-standard","has-post-thumbnail","hentry","category-genel","category-gundem"],"_links":{"self":[{"href":"https:\/\/marmarayerelhizmet.com\/index.php\/wp-json\/wp\/v2\/posts\/28864","targetHints":{"allow":["GET"]}}],"collection":[{"href":"https:\/\/marmarayerelhizmet.com\/index.php\/wp-json\/wp\/v2\/posts"}],"about":[{"href":"https:\/\/marmarayerelhizmet.com\/index.php\/wp-json\/wp\/v2\/types\/post"}],"author":[{"embeddable":true,"href":"https:\/\/marmarayerelhizmet.com\/index.php\/wp-json\/wp\/v2\/users\/3"}],"replies":[{"embeddable":true,"href":"https:\/\/marmarayerelhizmet.com\/index.php\/wp-json\/wp\/v2\/comments?post=28864"}],"version-history":[{"count":0,"href":"https:\/\/marmarayerelhizmet.com\/index.php\/wp-json\/wp\/v2\/posts\/28864\/revisions"}],"wp:featuredmedia":[{"embeddable":true,"href":"https:\/\/marmarayerelhizmet.com\/index.php\/wp-json\/wp\/v2\/media\/16631"}],"wp:attachment":[{"href":"https:\/\/marmarayerelhizmet.com\/index.php\/wp-json\/wp\/v2\/media?parent=28864"}],"wp:term":[{"taxonomy":"category","embeddable":true,"href":"https:\/\/marmarayerelhizmet.com\/index.php\/wp-json\/wp\/v2\/categories?post=28864"},{"taxonomy":"post_tag","embeddable":true,"href":"https:\/\/marmarayerelhizmet.com\/index.php\/wp-json\/wp\/v2\/tags?post=28864"}],"curies":[{"name":"wp","href":"https:\/\/api.w.org\/{rel}","templated":true}]}}