{"id":28857,"date":"2025-08-06T18:48:53","date_gmt":"2025-08-06T15:48:53","guid":{"rendered":"https:\/\/marmarayerelhizmet.com\/?p=28857"},"modified":"2025-08-06T18:48:53","modified_gmt":"2025-08-06T15:48:53","slug":"gelecegin-yildizlari-altieylulde-yetisiyor","status":"publish","type":"post","link":"https:\/\/marmarayerelhizmet.com\/index.php\/2025\/08\/06\/gelecegin-yildizlari-altieylulde-yetisiyor\/","title":{"rendered":"Gelece\u011fin Y\u0131ld\u0131zlar\u0131 Alt\u0131eyl\u00fcl&#8217;de Yeti\u015fiyor"},"content":{"rendered":"<p><strong><span style=\"font-family: arial, helvetica, sans-serif; font-size: 14px;\">Alt\u0131eyl\u00fcl Belediyesi&#8217;nin yaz kurslar\u0131 kapsam\u0131nda d\u00fczenledi\u011fi futbol okulunda onlarca gen\u00e7 sporcu, uzman antren\u00f6rler e\u015fli\u011finde hem futbol tekniklerini geli\u015ftiriyor hem de yaz tatilinin keyfini \u00e7\u0131kar\u0131yor. Alt\u0131eyl\u00fcl Belediyesi b\u00fcnyesinde 3 ayr\u0131 merkezde kurulan futbol akademisinde e\u011fitim alan \u00e7ocuklar, gelece\u011fin futbol y\u0131ld\u0131zlar\u0131 olmak i\u00e7in ad\u0131m ad\u0131m ilerliyor.<br \/>\n<\/span><\/strong><br \/>\n<span style=\"font-family: arial, helvetica, sans-serif; font-size: 14px;\">Yaz aylar\u0131n\u0131n s\u0131cak g\u00fcnlerinde bile co\u015fkuyla antrenman yapan gen\u00e7 sporcular, antren\u00f6rlerinden ald\u0131klar\u0131 profesyonel e\u011fitimle futbol becerilerini her ge\u00e7en g\u00fcn daha da geli\u015ftiriyor. Alt\u0131eyl\u00fcl gen\u00e7 yetenekleri ke\u015ffetmek ve desteklemek amac\u0131yla projelerini s\u00fcrd\u00fcr\u00fcyor.<\/span><\/p>\n<p><strong><span style=\"font-family: arial, helvetica, sans-serif; font-size: 14px;\">&#8220;\u00c7OCUKLARIN POTANS\u0130YEL\u0130N\u0130 ORTAYA \u00c7IKARMAK \u0130\u00c7\u0130N BURADAYIZ&#8221;<\/span><\/strong><br \/>\n<span style=\"font-family: arial, helvetica, sans-serif; font-size: 14px;\">Futbol okulunun antren\u00f6r\u00fc Mecit Uzun, program\u0131n detaylar\u0131 hakk\u0131nda \u015funlar\u0131 s\u00f6yledi: &#8220;Burada sadece futbol \u00f6\u011fretmiyoruz, ayn\u0131 zamanda \u00e7ocuklar\u0131n karakterini \u015fekillendiren de\u011ferler de a\u015f\u0131l\u0131yoruz. Her antrenman \u00f6ncesi disiplin, sayg\u0131, dayan\u0131\u015fma ve fair play ruhunun \u00f6nemini vurguluyoruz. Futbol okulumuzda 7 ya\u015f\u0131ndan 12 ya\u015f\u0131na kadar farkl\u0131 kategorilerde \u00e7ocuklar\u0131m\u0131z var. Her ya\u015f grubuna \u00f6zel haz\u0131rlad\u0131\u011f\u0131m\u0131z antrenman programlar\u0131yla \u00e7ocuklar\u0131n fiziksel geli\u015fimlerinin yan\u0131 s\u0131ra teknik ve taktik becerilerini de geli\u015ftiriyoruz. \u00d6zellikle pas verme, top kontrol\u00fc, \u015fut \u00e7ekme ve dribling gibi temel teknikler \u00fczerinde yo\u011funla\u015f\u0131yoruz. Haftan\u0131n belirli g\u00fcnlerinde d\u00fczenli olarak antrenman yap\u0131yoruz. Minikler 17:00-19:00 saatleri aras\u0131nda 2 grup halinde \u00e7al\u0131\u015f\u0131yor. S\u0131cak havalarda \u00e7ocuklar\u0131n sa\u011fl\u0131\u011f\u0131n\u0131 korumak i\u00e7in bol bol su molas\u0131 veriyoruz ve antrenmanlar\u0131m\u0131z\u0131 g\u00f6lgelik alanlarda ger\u00e7ekle\u015ftirmeye \u00f6zen g\u00f6steriyoruz. \u00c7ocuklar\u0131m\u0131z\u0131n sadece futbol \u00f6\u011frenmekle kalmay\u0131p, ayn\u0131 zamanda sosyal becerilerini de geli\u015ftirdiklerini g\u00f6zlemliyoruz. Tak\u0131m ruhu, liderlik, sorumluluk alma gibi hayat\u0131n her alan\u0131nda faydal\u0131 olacak \u00f6zellikler kazan\u0131yorlar. Bir\u00e7ok \u00e7ocu\u011fumuzun \u00f6zg\u00fcveninin artt\u0131\u011f\u0131n\u0131 ve kendilerini daha iyi ifade ettiklerini g\u00f6r\u00fcyoruz.<\/span><\/p>\n<p><strong><span style=\"font-family: arial, helvetica, sans-serif; font-size: 14px;\">\u201cGELECE\u011e\u0130N YILDIZLARI BURADAN DA \u00c7IKAB\u0130L\u0130R\u201d<\/span><\/strong><br \/>\n<span style=\"font-family: arial, helvetica, sans-serif; font-size: 14px;\">\u00d6\u011frencilerle birlikte sezon finalinde bir turnuva d\u00fczenlemek istediklerini belirten Uzun \u201cBu yaz kursumuzun sonunda \u00e7ocuklar\u0131m\u0131zla bir turnuva d\u00fczenlemeyi planl\u0131yoruz. Aileler de davetli olacak ve \u00e7ocuklar\u0131 destekleyebilecekler. Bu turnuva, \u00f6\u011frendikleri teknikleri sahada sergileyebilmeleri i\u00e7in harika bir f\u0131rsat olacak. Ayr\u0131ca en yetenekli \u00e7ocuklar\u0131m\u0131z\u0131 tespit ederek, onlar\u0131 daha \u00fcst seviye antrenman gruplar\u0131na y\u00f6nlendirece\u011fiz. Buradan t\u00fcm ailelere \u00e7a\u011fr\u0131da bulunuyorum: \u00c7ocuklar\u0131n\u0131z\u0131n spor yapmas\u0131, hem fiziksel hem de mental geli\u015fimleri i\u00e7in \u00e7ok \u00f6nemli. Futbol sadece bir oyun de\u011fil, hayat dersi. Alt\u0131eyl\u00fcl Belediyesi&#8217;nin bu muhte\u015fem imkan\u0131ndan faydalan\u0131n ve \u00e7ocuklar\u0131n\u0131z\u0131 bizlerle bulu\u015fturun. Belki de gelece\u011fin Kenan Y\u0131ld\u0131z&#8217;\u0131, Arda G\u00fcler\u2019i aram\u0131zdan \u00e7\u0131kacak!&#8221; diye konu\u015ftu. Alt\u0131eyl\u00fcl Belediyesi futbol okulu, A\u011fustos ay\u0131 sonuna kadar\u00a0devam\u00a0edecek.<\/span><\/p>\n","protected":false},"excerpt":{"rendered":"<p>Alt\u0131eyl\u00fcl Belediyesi&#8217;nin yaz kurslar\u0131 kapsam\u0131nda d\u00fczenledi\u011fi futbol okulunda onlarca gen\u00e7 sporcu, uzman antren\u00f6rler e\u015fli\u011finde hem futbol tekniklerini geli\u015ftiriyor hem de<\/p>\n","protected":false},"author":3,"featured_media":28858,"comment_status":"open","ping_status":"open","sticky":false,"template":"","format":"standard","meta":{"colormag_page_container_layout":"default_layout","colormag_page_sidebar_layout":"default_layout","footnotes":""},"categories":[1,5,8,9],"tags":[],"class_list":["post-28857","post","type-post","status-publish","format-standard","has-post-thumbnail","hentry","category-genel","category-gundem","category-siyaset","category-spor"],"_links":{"self":[{"href":"https:\/\/marmarayerelhizmet.com\/index.php\/wp-json\/wp\/v2\/posts\/28857","targetHints":{"allow":["GET"]}}],"collection":[{"href":"https:\/\/marmarayerelhizmet.com\/index.php\/wp-json\/wp\/v2\/posts"}],"about":[{"href":"https:\/\/marmarayerelhizmet.com\/index.php\/wp-json\/wp\/v2\/types\/post"}],"author":[{"embeddable":true,"href":"https:\/\/marmarayerelhizmet.com\/index.php\/wp-json\/wp\/v2\/users\/3"}],"replies":[{"embeddable":true,"href":"https:\/\/marmarayerelhizmet.com\/index.php\/wp-json\/wp\/v2\/comments?post=28857"}],"version-history":[{"count":0,"href":"https:\/\/marmarayerelhizmet.com\/index.php\/wp-json\/wp\/v2\/posts\/28857\/revisions"}],"wp:featuredmedia":[{"embeddable":true,"href":"https:\/\/marmarayerelhizmet.com\/index.php\/wp-json\/wp\/v2\/media\/28858"}],"wp:attachment":[{"href":"https:\/\/marmarayerelhizmet.com\/index.php\/wp-json\/wp\/v2\/media?parent=28857"}],"wp:term":[{"taxonomy":"category","embeddable":true,"href":"https:\/\/marmarayerelhizmet.com\/index.php\/wp-json\/wp\/v2\/categories?post=28857"},{"taxonomy":"post_tag","embeddable":true,"href":"https:\/\/marmarayerelhizmet.com\/index.php\/wp-json\/wp\/v2\/tags?post=28857"}],"curies":[{"name":"wp","href":"https:\/\/api.w.org\/{rel}","templated":true}]}}