{"id":28854,"date":"2025-08-06T18:47:42","date_gmt":"2025-08-06T15:47:42","guid":{"rendered":"https:\/\/marmarayerelhizmet.com\/?p=28854"},"modified":"2025-08-06T18:47:42","modified_gmt":"2025-08-06T15:47:42","slug":"balikesirden-iki-okul-basarili-ornekler-sergisinde","status":"publish","type":"post","link":"https:\/\/marmarayerelhizmet.com\/index.php\/2025\/08\/06\/balikesirden-iki-okul-basarili-ornekler-sergisinde\/","title":{"rendered":"Bal\u0131kesir&#8217;den \u0130ki Okul \u2018Ba\u015far\u0131l\u0131 \u00d6rnekler Sergisi\u2019nde"},"content":{"rendered":"<div class=\"tg-post\">\n<article id=\"post-44236\" class=\"post-44236 post type-post status-publish format-standard has-post-thumbnail hentry category-egitim category-genel category-ilceler\">\n<div class=\"cm-post-content\">\n<div class=\"cm-entry-summary\">\n<p><span style=\"font-family: arial, helvetica, sans-serif; font-size: 14px;\"><strong>Mill\u00ee E\u011fitim Bakanl\u0131\u011f\u0131 Din \u00d6\u011fretimi Genel M\u00fcd\u00fcrl\u00fc\u011f\u00fc taraf\u0131ndan imam hatip okullar\u0131nda y\u00fcr\u00fct\u00fclen \u00f6zg\u00fcn ve nitelikli uygulamalar\u0131n payla\u015f\u0131lmas\u0131 ve yayg\u0131nla\u015ft\u0131r\u0131lmas\u0131 amac\u0131yla her y\u0131l d\u00fczenlenen \u201cBa\u015far\u0131l\u0131 \u00d6rnekler Sergisi\u201dnin 2025 y\u0131l\u0131 ba\u015fvuru s\u00fcreci tamamland\u0131.<\/strong><\/span><\/p>\n<p><span style=\"font-family: arial, helvetica, sans-serif; font-size: 14px;\">Bu kapsamda Havran \u0130mam Hatip Ortaokulu ve Edremit Turhan D\u00f6kmecio\u011flu \u0130mam Hatip Ortaokulu, T\u00fcrkiye genelinde se\u00e7ilen 50 okul aras\u0131na girerek sergide yer almaya hak kazand\u0131.<\/span><br \/>\n<span style=\"font-family: arial, helvetica, sans-serif; font-size: 14px;\">Havran \u0130mam Hatip Ortaokulu, \u201cAr-Ge ve Proje Uygulamalar\u0131\u201d temas\u0131nda,<\/span><br \/>\n<span style=\"font-family: arial, helvetica, sans-serif; font-size: 14px;\">Edremit Turhan D\u00f6kmecio\u011flu \u0130mam Hatip Ortaokulu ise \u201cKurumsal Kapasite ve Akademik Geli\u015fim\u201d temas\u0131nda ba\u015far\u0131l\u0131 bulundu.<\/span><br \/>\n<span style=\"font-family: arial, helvetica, sans-serif; font-size: 14px;\">Her iki okul da sergiye kat\u0131lma hakk\u0131 kazanman\u0131n yan\u0131 s\u0131ra \u201cBa\u015far\u0131l\u0131 \u00d6rnekler Sergisi\u201d kitab\u0131nda da yer alacak.<\/span><br \/>\n<span style=\"font-family: arial, helvetica, sans-serif; font-size: 14px;\">\u00d6d\u00fcl t\u00f6reni, imam hatip okullar\u0131n\u0131n yeniden a\u00e7\u0131l\u0131\u015f\u0131n\u0131n y\u0131l d\u00f6n\u00fcm\u00fc olan 17 Ekim 2025 tarihinde ger\u00e7ekle\u015ftirilecektir.<\/span><br \/>\n<span style=\"font-family: arial, helvetica, sans-serif; font-size: 14px;\">\u0130l Milli E\u011fitim M\u00fcd\u00fcr\u00fc Murat Demir yapt\u0131\u011f\u0131 a\u00e7\u0131klamada, \u201cBu anlaml\u0131 ve prestijli organizasyonda ilimizi ba\u015far\u0131yla temsil edecek olan okullar\u0131m\u0131z\u0131 y\u00fcrekten tebrik ediyor, eme\u011fi ge\u00e7en t\u00fcm y\u00f6netici ve \u00f6\u011fretmenlerimize te\u015fekk\u00fcr ediyoruz.\u201d dedi.<\/span><\/p>\n<\/div>\n<\/div>\n<\/article>\n<\/div>\n<ul class=\"default-wp-page\">\n<li class=\"previous\"><\/li>\n<\/ul>\n","protected":false},"excerpt":{"rendered":"<p>Mill\u00ee E\u011fitim Bakanl\u0131\u011f\u0131 Din \u00d6\u011fretimi Genel M\u00fcd\u00fcrl\u00fc\u011f\u00fc taraf\u0131ndan imam hatip okullar\u0131nda y\u00fcr\u00fct\u00fclen \u00f6zg\u00fcn ve nitelikli uygulamalar\u0131n payla\u015f\u0131lmas\u0131 ve yayg\u0131nla\u015ft\u0131r\u0131lmas\u0131 amac\u0131yla<\/p>\n","protected":false},"author":3,"featured_media":28855,"comment_status":"open","ping_status":"open","sticky":false,"template":"","format":"standard","meta":{"colormag_page_container_layout":"default_layout","colormag_page_sidebar_layout":"default_layout","footnotes":""},"categories":[45,1,5],"tags":[],"class_list":["post-28854","post","type-post","status-publish","format-standard","has-post-thumbnail","hentry","category-egitim","category-genel","category-gundem"],"_links":{"self":[{"href":"https:\/\/marmarayerelhizmet.com\/index.php\/wp-json\/wp\/v2\/posts\/28854","targetHints":{"allow":["GET"]}}],"collection":[{"href":"https:\/\/marmarayerelhizmet.com\/index.php\/wp-json\/wp\/v2\/posts"}],"about":[{"href":"https:\/\/marmarayerelhizmet.com\/index.php\/wp-json\/wp\/v2\/types\/post"}],"author":[{"embeddable":true,"href":"https:\/\/marmarayerelhizmet.com\/index.php\/wp-json\/wp\/v2\/users\/3"}],"replies":[{"embeddable":true,"href":"https:\/\/marmarayerelhizmet.com\/index.php\/wp-json\/wp\/v2\/comments?post=28854"}],"version-history":[{"count":0,"href":"https:\/\/marmarayerelhizmet.com\/index.php\/wp-json\/wp\/v2\/posts\/28854\/revisions"}],"wp:featuredmedia":[{"embeddable":true,"href":"https:\/\/marmarayerelhizmet.com\/index.php\/wp-json\/wp\/v2\/media\/28855"}],"wp:attachment":[{"href":"https:\/\/marmarayerelhizmet.com\/index.php\/wp-json\/wp\/v2\/media?parent=28854"}],"wp:term":[{"taxonomy":"category","embeddable":true,"href":"https:\/\/marmarayerelhizmet.com\/index.php\/wp-json\/wp\/v2\/categories?post=28854"},{"taxonomy":"post_tag","embeddable":true,"href":"https:\/\/marmarayerelhizmet.com\/index.php\/wp-json\/wp\/v2\/tags?post=28854"}],"curies":[{"name":"wp","href":"https:\/\/api.w.org\/{rel}","templated":true}]}}