{"id":28848,"date":"2025-08-05T21:45:55","date_gmt":"2025-08-05T18:45:55","guid":{"rendered":"https:\/\/marmarayerelhizmet.com\/?p=28848"},"modified":"2025-08-05T21:45:55","modified_gmt":"2025-08-05T18:45:55","slug":"akindan-cocuklara-deniz-tatili-mujdesi","status":"publish","type":"post","link":"https:\/\/marmarayerelhizmet.com\/index.php\/2025\/08\/05\/akindan-cocuklara-deniz-tatili-mujdesi\/","title":{"rendered":"Ak\u0131n\u2019dan \u00c7ocuklara Deniz Tatili M\u00fcjdesi"},"content":{"rendered":"<p><strong><span style=\"font-family: arial, helvetica, sans-serif; font-size: 14px;\">\u201cBiz en \u00e7ok \u00e7ocuklar\u0131n belediyesiyiz\u201d diyen ve k\u0131rsaldan merkeze her noktada \u00e7ocuklara f\u0131rsat e\u015fitli\u011fi sa\u011flamak ad\u0131na projeler \u00fcreten Bal\u0131kesir B\u00fcy\u00fck\u015fehir Belediye Ba\u015fkan\u0131 Ahmet Ak\u0131n, kentteki her \u00e7ocu\u011fu denizle bulu\u015fturuyor. Yaz boyunca 7. ve 8. s\u0131n\u0131f \u00f6\u011frencilerine deniz tatili m\u00fcjdesi veren Ba\u015fkan Ak\u0131n \u00f6nc\u00fcl\u00fc\u011f\u00fcnde \u00e7ocuklar unutulmaz bir deneyim ya\u015fayacak.<\/span><\/strong><\/p>\n<p><span style=\"font-family: arial, helvetica, sans-serif; font-size: 14px;\">Halk\u00e7\u0131 belediyecilik anlay\u0131\u015f\u0131yla k\u0131rsaldan merkeze \u015fehrin her noktas\u0131nda vatanda\u015flara e\u015fit ve adil hizmet ula\u015ft\u0131ran Bal\u0131kesir B\u00fcy\u00fck\u015fehir Belediye Ba\u015fkan\u0131 Ahmet Ak\u0131n, \u00f6\u011frencilere y\u00f6nelik hizmetlere bir yenisini daha ekledi. Yaz tatilinde \u00e7ocuklar\u0131n g\u00f6n\u00fcllerince e\u011flenmesi ve bo\u015f zamanlar\u0131n\u0131 verimli ge\u00e7irmesi i\u00e7in t\u00fcm olanaklar\u0131 seferber eden Ak\u0131n, 7. ve 8. s\u0131n\u0131f \u00f6\u011frencilerini yaz boyunca deniz tatili ile bulu\u015fturacak. 12 A\u011fustos 2025 tarihinden itibaren ger\u00e7ekle\u015fecek olan etkinliklerden \u00f6\u011frenciler \u00fccretsiz olarak faydalanabilecek.<\/span><\/p>\n<p><strong><span style=\"font-family: arial, helvetica, sans-serif; font-size: 14px;\">\u201c\u00c7OCUKLARIMIZ HER \u015eEY\u0130N EN G\u00dcZEL\u0130NE LAYIK\u201d<br \/>\n<\/span><\/strong><span style=\"font-family: arial, helvetica, sans-serif; font-size: 14px;\">Bal\u0131kesir\u2019i \u00e7ocuklar i\u00e7in daha ya\u015fan\u0131labilir bir kent haline getirmek ad\u0131na e\u011fitimden ula\u015f\u0131ma, sosyal aktivitelerden beslenmeye kadar bir\u00e7ok \u00f6rnek projeyi hayata ge\u00e7iren Ba\u015fkan Ak\u0131n ba\u015fta k\u0131rsal mahalleler ve denizi hi\u00e7 g\u00f6rmemi\u015f \u00e7ocuklar olmak \u00fczere 7. ve 8. s\u0131n\u0131f \u00f6\u011frencilerini deniz tatiliyle bulu\u015fturuyor. \u201c\u00c7ocuklar\u0131m\u0131z\u0131n ve gen\u00e7lerimizin mutlu oldu\u011fu, e\u011fitim olanaklar\u0131ndan e\u015fit ve adil bir \u015fekilde yararlanabildi\u011fi, hi\u00e7bir eksikliklerinin olmad\u0131\u011f\u0131 bir \u015fehir i\u00e7in var g\u00fcc\u00fcm\u00fczle \u00e7al\u0131\u015f\u0131yoruz. Hayata ge\u00e7irdi\u011fimiz \u00e7al\u0131\u015fmalarla ailelerin omuzlar\u0131ndaki y\u00fck\u00fc hafifletirken \u00e7ocuklar\u0131m\u0131z\u0131 da hi\u00e7bir aktiviteden mahrum etmiyoruz. Bu kapsamda denizle daha \u00f6nce hi\u00e7 tan\u0131\u015fmam\u0131\u015f \u00e7ocuklar\u0131m\u0131z ba\u015fta olmak \u00fczere 7. ve 8. s\u0131n\u0131f \u00f6\u011frencilerimizi doyas\u0131ya e\u011flenecekleri g\u00fczel bir deniz tatiliyle bulu\u015fturaca\u011f\u0131z. \u00c7ocuklar\u0131m\u0131z her \u015feyin en g\u00fczeline lay\u0131k.\u201d ifadelerini kulland\u0131.<\/span><\/p>\n<p><strong><span style=\"font-family: arial, helvetica, sans-serif; font-size: 14px;\">Y\u00dcZME AKT\u0130V\u0130TELER\u0130YLE SINIRSIZ E\u011eLENCE<br \/>\n<\/span><\/strong><span style=\"font-family: arial, helvetica, sans-serif; font-size: 14px;\">Bal\u0131kesir B\u00fcy\u00fck\u015fehir Belediyesi\u2019nin 7. ve 8. s\u0131n\u0131f \u00f6\u011frencilerine y\u00f6nelik deniz tatili etkinli\u011finde cankurtaran e\u015fli\u011finde birbirinden e\u011flenceli y\u00fczme aktiviteleri ger\u00e7ekle\u015fecek. F\u0131r\u0131nta\u015f\u2019ta birbirinden lezzetli yemek ikramlar\u0131yla tatilin tad\u0131n\u0131 \u00e7\u0131karacak olan \u00e7ocuklar, \u00fccretsiz bu etkinlikle deniz tatilinde doyas\u0131ya e\u011flenecek. Bal\u0131kesir B\u00fcy\u00fck\u015fehir Belediyesi G\u00f6me\u00e7 Dal\u0131\u015f K\u00f6y\u00fc\u2019nde ger\u00e7ekle\u015fecek olan deniz tatili etkinli\u011fine kat\u0131lmak isteyenler\u00a0<a href=\"https:\/\/basvur.balikesir.bel.tr\/deniztatili\" rel=\"nofollow noopener\" target=\"_blank\">https:\/\/basvur.balikesir.bel.tr\/deniztatili<\/a>\u00a0linki \u00fczerinden ba\u015fvuru yaparken,\u00a0444 40 10\u00a0numaral\u0131 Yak\u0131n \u00c7\u00f6z\u00fcm Merkezi\u2019nden detayl\u0131 bilgi alabilirler.<\/span><\/p>\n<div class=\"row\">\n<div id=\"\" class=\"col-lg-3 col-md-4 col-sm-12 p-1\"><\/div>\n<\/div>\n","protected":false},"excerpt":{"rendered":"<p>\u201cBiz en \u00e7ok \u00e7ocuklar\u0131n belediyesiyiz\u201d diyen ve k\u0131rsaldan merkeze her noktada \u00e7ocuklara f\u0131rsat e\u015fitli\u011fi sa\u011flamak ad\u0131na projeler \u00fcreten Bal\u0131kesir B\u00fcy\u00fck\u015fehir<\/p>\n","protected":false},"author":3,"featured_media":28849,"comment_status":"open","ping_status":"open","sticky":false,"template":"","format":"standard","meta":{"colormag_page_container_layout":"default_layout","colormag_page_sidebar_layout":"default_layout","footnotes":""},"categories":[45,1,5,8],"tags":[],"class_list":["post-28848","post","type-post","status-publish","format-standard","has-post-thumbnail","hentry","category-egitim","category-genel","category-gundem","category-siyaset"],"_links":{"self":[{"href":"https:\/\/marmarayerelhizmet.com\/index.php\/wp-json\/wp\/v2\/posts\/28848","targetHints":{"allow":["GET"]}}],"collection":[{"href":"https:\/\/marmarayerelhizmet.com\/index.php\/wp-json\/wp\/v2\/posts"}],"about":[{"href":"https:\/\/marmarayerelhizmet.com\/index.php\/wp-json\/wp\/v2\/types\/post"}],"author":[{"embeddable":true,"href":"https:\/\/marmarayerelhizmet.com\/index.php\/wp-json\/wp\/v2\/users\/3"}],"replies":[{"embeddable":true,"href":"https:\/\/marmarayerelhizmet.com\/index.php\/wp-json\/wp\/v2\/comments?post=28848"}],"version-history":[{"count":0,"href":"https:\/\/marmarayerelhizmet.com\/index.php\/wp-json\/wp\/v2\/posts\/28848\/revisions"}],"wp:featuredmedia":[{"embeddable":true,"href":"https:\/\/marmarayerelhizmet.com\/index.php\/wp-json\/wp\/v2\/media\/28849"}],"wp:attachment":[{"href":"https:\/\/marmarayerelhizmet.com\/index.php\/wp-json\/wp\/v2\/media?parent=28848"}],"wp:term":[{"taxonomy":"category","embeddable":true,"href":"https:\/\/marmarayerelhizmet.com\/index.php\/wp-json\/wp\/v2\/categories?post=28848"},{"taxonomy":"post_tag","embeddable":true,"href":"https:\/\/marmarayerelhizmet.com\/index.php\/wp-json\/wp\/v2\/tags?post=28848"}],"curies":[{"name":"wp","href":"https:\/\/api.w.org\/{rel}","templated":true}]}}