{"id":28845,"date":"2025-08-05T21:45:02","date_gmt":"2025-08-05T18:45:02","guid":{"rendered":"https:\/\/marmarayerelhizmet.com\/?p=28845"},"modified":"2025-08-05T21:45:02","modified_gmt":"2025-08-05T18:45:02","slug":"savastepeye-icme-suyu-mujdesi","status":"publish","type":"post","link":"https:\/\/marmarayerelhizmet.com\/index.php\/2025\/08\/05\/savastepeye-icme-suyu-mujdesi\/","title":{"rendered":"Sava\u015ftepe&#8217;ye \u0130\u00e7me Suyu M\u00fcjdesi"},"content":{"rendered":"<p><strong><span style=\"font-family: arial, helvetica, sans-serif; font-size: 14px;\">Bal\u0131kesir Su ve Kanalizasyon \u0130daresi (BASK\u0130) Genel M\u00fcd\u00fcrl\u00fc\u011f\u00fc, Sava\u015ftepe\u2019nin Sar\u0131beyler Mahallesi Kap\u0131dere mevkiinde y\u0131llard\u0131r beklenen i\u00e7me suyu hatt\u0131 yap\u0131m\u0131na ba\u015flad\u0131. Bal\u0131kesir B\u00fcy\u00fck\u015fehir Belediye Ba\u015fkan\u0131 Ahmet Ak\u0131n\u2019\u0131n liderli\u011finde b\u00f6lgenin \u00f6nemli bir ihtiyac\u0131n\u0131 gideren ekipler, mahalle sakinlerinin ta\u015f\u0131ma su \u00e7ilesini de bitiriyor.<\/span><\/strong><\/p>\n<p><span style=\"font-family: arial, helvetica, sans-serif; font-size: 14px;\">S\u00fcrd\u00fcr\u00fclebilir ve sa\u011fl\u0131kl\u0131 su y\u00f6netimi i\u00e7in 20 il\u00e7ede \u00e7al\u0131\u015fmalar\u0131n\u0131 s\u00fcrd\u00fcren Bal\u0131kesir Su ve Kanalizasyon \u0130daresi (BASK\u0130) Genel M\u00fcd\u00fcrl\u00fc\u011f\u00fc, Sava\u015ftepe\u2019nin Sar\u0131beyler Mahallesi\u2019nde y\u0131llard\u0131r s\u00fcren susuzluk sorununu \u00e7\u00f6zmek i\u00e7in Kap\u0131dere mevkiinde 1.000 metrelik yeni i\u00e7me suyu \u015febeke hatt\u0131 imalat\u0131na ba\u015flad\u0131. Bal\u0131kesir B\u00fcy\u00fck\u015fehir Belediye Ba\u015fkan\u0131 Ahmet Ak\u0131n\u2019\u0131n halk\u00e7\u0131 belediyecilik anlay\u0131\u015f\u0131 do\u011frultusunda hizmetlerini s\u00fcrd\u00fcren BASK\u0130, vatanda\u015flar\u0131n yar\u0131m asr\u0131 a\u015fan susuzluk sorununu gidermek i\u00e7in \u00f6nemli bir \u00e7al\u0131\u015fmay\u0131 hayata ge\u00e7irdi.<\/span><\/p>\n<p><strong><span style=\"font-family: arial, helvetica, sans-serif; font-size: 14px;\">VATANDA\u015eLAR SA\u011eLIKLI VE KES\u0130NT\u0130S\u0130Z SUYA KAVU\u015eUYOR<br \/>\n<\/span><\/strong><span style=\"font-family: arial, helvetica, sans-serif; font-size: 14px;\">Bug\u00fcne kadar hi\u00e7 i\u00e7me suyu \u015febeke hatt\u0131 bulunmayan b\u00f6lgede uzun y\u0131llard\u0131r beklenen i\u00e7me suyu hatt\u0131, BASK\u0130\u2019nin giri\u015fimleriyle tamamland\u0131. Daha \u00f6nce ta\u015f\u0131ma suyla ihtiya\u00e7lar\u0131n\u0131 gideren ve sondajlar\u0131n yetersiz kald\u0131\u011f\u0131 Sar\u0131beyler Mahallesi\u2019nin Kap\u0131dere mevkiinde BASK\u0130 ekiplerinin \u00e7al\u0131\u015fmalar\u0131yla projelendirilen 1.000 metrelik i\u00e7me suyu \u015febeke hatt\u0131 imalat\u0131na ba\u015fland\u0131. K\u0131sa s\u00fcrede bitirilmesi hedeflenen \u00e7al\u0131\u015fmalarla birlikte mahalle sakinlerinin su sorununun da kal\u0131c\u0131 bir \u00e7\u00f6z\u00fcme kavu\u015fmas\u0131 hedefleniyor.<\/span><\/p>\n<p><strong><span style=\"font-family: arial, helvetica, sans-serif; font-size: 14px;\">\u201cBA\u015eKANIMIZ AHMET AKIN SAYES\u0130NDE ARTIK SU SORUNU TAR\u0130HE KARI\u015eTI\u201d<br \/>\n<\/span><\/strong><span style=\"font-family: arial, helvetica, sans-serif; font-size: 14px;\">Mahallelerinde ya\u015fanan su sorunun Bal\u0131kesir B\u00fcy\u00fck\u015fehir Belediye Ba\u015fkan\u0131 Ahmet Ak\u0131n sayesinde \u00e7\u00f6z\u00fcme kavu\u015ftu\u011funu s\u00f6yleyen Sar\u0131beyler Mahalle Muhtar\u0131 Dilaver S\u00fcng\u00fc, \u201cYetersiz altyap\u0131 ve meydana gelen patlaklar nedeniyle mahallemizde s\u00fcrekli su kesintileri ya\u015f\u0131yorduk. Yap\u0131lan bu \u00e7al\u0131\u015fma sayesinde art\u0131k bu sorunlar tarihe kar\u0131\u015ft\u0131. Bu konuda bizden deste\u011fini esirgemeyen ba\u015fta Bal\u0131kesir B\u00fcy\u00fck\u015fehir Belediye Ba\u015fkan\u0131m\u0131z Ahmet Ak\u0131n olmak \u00fczere eme\u011fi ge\u00e7en herkese te\u015fekk\u00fcr ederiz.\u201d ifadelerini kulland\u0131.<\/span><\/p>\n<p><strong><span style=\"font-family: arial, helvetica, sans-serif; font-size: 14px;\">\u201cYILLARDIR TA\u015eIMA SUYLA \u0130DARE ED\u0130YORDUK\u201d<br \/>\n<\/span><\/strong><span style=\"font-family: arial, helvetica, sans-serif; font-size: 14px;\">Mahalle sakinleri, su sorununun \u00e7\u00f6z\u00fclmesinden dolay\u0131 mutlu olduklar\u0131n\u0131 dile getirirken \u201cY\u0131llard\u0131r ta\u015f\u0131ma suyla idare ediyorduk. M\u00fcracaat ettik, sesimizi duydular. Ahmet Ba\u015fkan\u0131m\u0131za ve BASK\u0130 Genel M\u00fcd\u00fcr\u00fcm\u00fcze te\u015fekk\u00fcr ederiz.\u201d \u0130fadelerini kulland\u0131lar.<\/span><\/p>\n<div class=\"row\">\n<div id=\"\" class=\"col-lg-3 col-md-4 col-sm-12 p-1\"><\/div>\n<\/div>\n","protected":false},"excerpt":{"rendered":"<p>Bal\u0131kesir Su ve Kanalizasyon \u0130daresi (BASK\u0130) Genel M\u00fcd\u00fcrl\u00fc\u011f\u00fc, Sava\u015ftepe\u2019nin Sar\u0131beyler Mahallesi Kap\u0131dere mevkiinde y\u0131llard\u0131r beklenen i\u00e7me suyu hatt\u0131 yap\u0131m\u0131na ba\u015flad\u0131.<\/p>\n","protected":false},"author":3,"featured_media":28846,"comment_status":"open","ping_status":"open","sticky":false,"template":"","format":"standard","meta":{"colormag_page_container_layout":"default_layout","colormag_page_sidebar_layout":"default_layout","footnotes":""},"categories":[1,5,8],"tags":[],"class_list":["post-28845","post","type-post","status-publish","format-standard","has-post-thumbnail","hentry","category-genel","category-gundem","category-siyaset"],"_links":{"self":[{"href":"https:\/\/marmarayerelhizmet.com\/index.php\/wp-json\/wp\/v2\/posts\/28845","targetHints":{"allow":["GET"]}}],"collection":[{"href":"https:\/\/marmarayerelhizmet.com\/index.php\/wp-json\/wp\/v2\/posts"}],"about":[{"href":"https:\/\/marmarayerelhizmet.com\/index.php\/wp-json\/wp\/v2\/types\/post"}],"author":[{"embeddable":true,"href":"https:\/\/marmarayerelhizmet.com\/index.php\/wp-json\/wp\/v2\/users\/3"}],"replies":[{"embeddable":true,"href":"https:\/\/marmarayerelhizmet.com\/index.php\/wp-json\/wp\/v2\/comments?post=28845"}],"version-history":[{"count":0,"href":"https:\/\/marmarayerelhizmet.com\/index.php\/wp-json\/wp\/v2\/posts\/28845\/revisions"}],"wp:featuredmedia":[{"embeddable":true,"href":"https:\/\/marmarayerelhizmet.com\/index.php\/wp-json\/wp\/v2\/media\/28846"}],"wp:attachment":[{"href":"https:\/\/marmarayerelhizmet.com\/index.php\/wp-json\/wp\/v2\/media?parent=28845"}],"wp:term":[{"taxonomy":"category","embeddable":true,"href":"https:\/\/marmarayerelhizmet.com\/index.php\/wp-json\/wp\/v2\/categories?post=28845"},{"taxonomy":"post_tag","embeddable":true,"href":"https:\/\/marmarayerelhizmet.com\/index.php\/wp-json\/wp\/v2\/tags?post=28845"}],"curies":[{"name":"wp","href":"https:\/\/api.w.org\/{rel}","templated":true}]}}