{"id":28842,"date":"2025-08-04T21:40:13","date_gmt":"2025-08-04T18:40:13","guid":{"rendered":"https:\/\/marmarayerelhizmet.com\/?p=28842"},"modified":"2025-08-05T21:41:03","modified_gmt":"2025-08-05T18:41:03","slug":"balikesirde-kadin-emegi-carsisi","status":"publish","type":"post","link":"https:\/\/marmarayerelhizmet.com\/index.php\/2025\/08\/04\/balikesirde-kadin-emegi-carsisi\/","title":{"rendered":"Bal\u0131kesir&#8217;de Kad\u0131n Eme\u011fi \u00c7ar\u015f\u0131s\u0131"},"content":{"rendered":"<p><strong><span style=\"font-family: arial, helvetica, sans-serif; font-size: 14px;\">Bal\u0131kesir B\u00fcy\u00fck\u015fehir Belediyesi \u00f6nc\u00fcl\u00fc\u011f\u00fcnde Bal\u0131kesir Kent Konseyi koordinasyonunda ve il\u00e7e kent konseylerinin i\u015f birli\u011fiyle hayata ge\u00e7irilen \u201cKad\u0131n Eme\u011fi \u00c7ar\u015f\u0131s\u0131\u201d G\u00f6nen\u2019de kap\u0131lar\u0131n\u0131 a\u00e7t\u0131. Kad\u0131nlar\u0131n \u00fcretimdeki g\u00fcc\u00fcn\u00fc destekleyen ve kad\u0131n \u00fcreticilerin el eme\u011fi \u00fcr\u00fcnlerini kazanca d\u00f6n\u00fc\u015ft\u00fcrecekleri \u201cKad\u0131n Eme\u011fi \u00c7ar\u015f\u0131s\u0131\u201d Band\u0131rma, Ayval\u0131k ve Edremit\u2019te de kurulacak.<\/span><\/strong><\/p>\n<p><span style=\"font-family: arial, helvetica, sans-serif; font-size: 14px;\">Kad\u0131nlar\u0131n giri\u015fimcilere ve \u00fcreticilere verdi\u011fi desteklerle kad\u0131nlar\u0131n \u00fcretimdeki g\u00fcc\u00fcn\u00fc art\u0131rmay\u0131 hedefleyen Bal\u0131kesir B\u00fcy\u00fck\u015fehir Belediye Ba\u015fkan\u0131 Ahmet Ak\u0131n \u00f6nc\u00fcl\u00fc\u011f\u00fcnde, Bal\u0131kesir Kent Konseyi\u2019nin koordinasyonunda ve il\u00e7e kent konseylerinin i\u015f birli\u011finde \u201cKad\u0131n Eme\u011fi \u00c7ar\u015f\u0131s\u0131\u201d G\u00f6nen\u2019de kap\u0131lar\u0131n\u0131 a\u00e7t\u0131. Kad\u0131n \u00fcreticiler, G\u00f6nen Cumhuriyet Meydan\u0131\u2019nda kurulan stantlarda el eme\u011fi \u00fcr\u00fcnlerini sat\u0131\u015fa sundu. \u0130lki G\u00f6nen\u2019de kurulan \u201cKad\u0131n Eme\u011fi \u00c7ar\u015f\u0131s\u0131\u201d; 9-10 A\u011fustos 2025 tarihlerinde Band\u0131rma, 15-16 A\u011fustos 2025 tarihlerinde Ayval\u0131k ve 27-28 A\u011fustos 2025 tarihlerinde de Edremit\u2019te kad\u0131n giri\u015fimcilerin el eme\u011fi, g\u00f6z nuru \u00fcr\u00fcnlerini vatanda\u015flarla bulu\u015fturacak.<\/span><\/p>\n<p><strong><span style=\"font-family: arial, helvetica, sans-serif; font-size: 14px;\">SARI: \u201cTOPLUMUN G\u00dcC\u00dcNE G\u00dc\u00c7 KATAN KADINLARIMIZI Y\u00dcREKTEN KUTLUYORUM\u201d<br \/>\n<\/span><\/strong><span style=\"font-family: arial, helvetica, sans-serif; font-size: 14px;\">G\u00f6nen Cumhuriyet Meydan\u0131\u2019nda kurulan Kad\u0131n Eme\u011fi \u00c7ar\u015f\u0131s\u0131n\u0131n a\u00e7\u0131l\u0131\u015f\u0131n\u0131 ger\u00e7ekle\u015ftirdikten sonra CHP Bal\u0131kesir Milletvekili Serkan Sar\u0131 ile Bal\u0131kesir B\u00fcy\u00fck\u015fehir Belediye Ba\u015fkan Vekili ve Bal\u0131kesir Kent Konseyi Ba\u015fkan\u0131 Sevin\u00e7 Baykan \u00d6zden stantlar\u0131 gezdiler. Kad\u0131n giri\u015fimcileri ba\u015far\u0131l\u0131 \u00e7al\u0131\u015fmalar\u0131ndan dolay\u0131 kutlayan CHP Bal\u0131kesir Milletvekili Serkan Sar\u0131, \u201cKad\u0131nlar\u0131n \u00fcretimde daha g\u00fc\u00e7l\u00fc, daha g\u00f6r\u00fcn\u00fcr ve daha etkin yer almas\u0131 i\u00e7in bu t\u00fcr projeleri son derece de\u011ferli buluyorum. Eme\u011fiyle hayat\u0131 g\u00fczelle\u015ftiren, al\u0131n teriyle toplumun g\u00fcc\u00fcne g\u00fc\u00e7 katan t\u00fcm kad\u0131nlar\u0131m\u0131z\u0131 y\u00fcrekten kutluyor, desteklerinin ve ba\u015far\u0131lar\u0131n\u0131n artarak devam etmesini diliyorum.\u201d ifadelerini kulland\u0131.<\/span><\/p>\n<p><strong><span style=\"font-family: arial, helvetica, sans-serif; font-size: 14px;\">\u00d6ZDEN: \u201cKADINLARIN \u00dcRET\u0130MDEK\u0130 G\u00dcC\u00dcN\u00dc G\u00d6R\u00dcN\u00dcR KILMAYI HEDEFL\u0130YORUZ\u201d<br \/>\n<\/span><\/strong><span style=\"font-family: arial, helvetica, sans-serif; font-size: 14px;\">Kad\u0131nlar\u0131n \u00fcretimdeki rol\u00fcn\u00fcn artmas\u0131yla toplumsal geli\u015fmenin de daha h\u0131zl\u0131 sa\u011flanaca\u011f\u0131n\u0131n alt\u0131n\u0131 \u00e7izen Bal\u0131kesir Kent Konseyi Ba\u015fkan\u0131 Sevin\u00e7 Baykan \u00d6zden, \u201cBal\u0131kesir B\u00fcy\u00fck\u015fehir Belediyemiz ve Bal\u0131kesir Kent Konseyimizin i\u015f birli\u011finde hayata ge\u00e7irdi\u011fimiz Kad\u0131n Eme\u011fi \u00c7ar\u015f\u0131s\u0131, kad\u0131n \u00fcreticilerimizin el eme\u011fi \u00fcr\u00fcnlerini tan\u0131tmas\u0131na ve do\u011frudan halkla bulu\u015fturmas\u0131na olanak sa\u011fl\u0131yor. Kad\u0131nlar\u0131n \u00fcretimdeki g\u00fcc\u00fcn\u00fc g\u00f6r\u00fcn\u00fcr k\u0131lmay\u0131 ve yerel ekonomiye katk\u0131 sunmay\u0131 ama\u00e7layan etkinli\u011fimiz, A\u011fustos ay\u0131 boyunca d\u00f6rt farkl\u0131 il\u00e7ede ziyaret\u00e7ilerini bekliyor. T\u00fcm vatanda\u015flar\u0131m\u0131z\u0131 aram\u0131zda g\u00f6rmekten mutluluk duyar\u0131z.\u201d dedi.<\/span><\/p>\n<div class=\"row\">\n<div id=\"\" class=\"col-lg-3 col-md-4 col-sm-12 p-1\"><\/div>\n<\/div>\n","protected":false},"excerpt":{"rendered":"<p>Bal\u0131kesir B\u00fcy\u00fck\u015fehir Belediyesi \u00f6nc\u00fcl\u00fc\u011f\u00fcnde Bal\u0131kesir Kent Konseyi koordinasyonunda ve il\u00e7e kent konseylerinin i\u015f birli\u011fiyle hayata ge\u00e7irilen \u201cKad\u0131n Eme\u011fi \u00c7ar\u015f\u0131s\u0131\u201d G\u00f6nen\u2019de<\/p>\n","protected":false},"author":3,"featured_media":28843,"comment_status":"open","ping_status":"open","sticky":false,"template":"","format":"standard","meta":{"colormag_page_container_layout":"default_layout","colormag_page_sidebar_layout":"default_layout","footnotes":""},"categories":[1,5,8],"tags":[],"class_list":["post-28842","post","type-post","status-publish","format-standard","has-post-thumbnail","hentry","category-genel","category-gundem","category-siyaset"],"_links":{"self":[{"href":"https:\/\/marmarayerelhizmet.com\/index.php\/wp-json\/wp\/v2\/posts\/28842","targetHints":{"allow":["GET"]}}],"collection":[{"href":"https:\/\/marmarayerelhizmet.com\/index.php\/wp-json\/wp\/v2\/posts"}],"about":[{"href":"https:\/\/marmarayerelhizmet.com\/index.php\/wp-json\/wp\/v2\/types\/post"}],"author":[{"embeddable":true,"href":"https:\/\/marmarayerelhizmet.com\/index.php\/wp-json\/wp\/v2\/users\/3"}],"replies":[{"embeddable":true,"href":"https:\/\/marmarayerelhizmet.com\/index.php\/wp-json\/wp\/v2\/comments?post=28842"}],"version-history":[{"count":0,"href":"https:\/\/marmarayerelhizmet.com\/index.php\/wp-json\/wp\/v2\/posts\/28842\/revisions"}],"wp:featuredmedia":[{"embeddable":true,"href":"https:\/\/marmarayerelhizmet.com\/index.php\/wp-json\/wp\/v2\/media\/28843"}],"wp:attachment":[{"href":"https:\/\/marmarayerelhizmet.com\/index.php\/wp-json\/wp\/v2\/media?parent=28842"}],"wp:term":[{"taxonomy":"category","embeddable":true,"href":"https:\/\/marmarayerelhizmet.com\/index.php\/wp-json\/wp\/v2\/categories?post=28842"},{"taxonomy":"post_tag","embeddable":true,"href":"https:\/\/marmarayerelhizmet.com\/index.php\/wp-json\/wp\/v2\/tags?post=28842"}],"curies":[{"name":"wp","href":"https:\/\/api.w.org\/{rel}","templated":true}]}}