{"id":28833,"date":"2025-07-27T17:55:13","date_gmt":"2025-07-27T14:55:13","guid":{"rendered":"https:\/\/marmarayerelhizmet.com\/?p=28833"},"modified":"2025-07-27T17:55:13","modified_gmt":"2025-07-27T14:55:13","slug":"ak-parti-il-danisma-meclisi-toplantisi","status":"publish","type":"post","link":"https:\/\/marmarayerelhizmet.com\/index.php\/2025\/07\/27\/ak-parti-il-danisma-meclisi-toplantisi\/","title":{"rendered":"AK Parti \u0130l Dan\u0131\u015fma Meclisi Toplant\u0131s\u0131"},"content":{"rendered":"<p style=\"font-weight: 400;\"><span style=\"font-family: arial, helvetica, sans-serif; font-size: 14px;\"><strong>AK Parti Bal\u0131kesir \u0130l Ba\u015fkanl\u0131\u011f\u0131 taraf\u0131ndan d\u00fczenlenen \u0130l Dan\u0131\u015fma Meclisi Toplant\u0131s\u0131, te\u015fkilat mensuplar\u0131n\u0131n yo\u011fun ilgisi ve co\u015fkusuyla ger\u00e7ekle\u015ftirildi. Parti i\u00e7i isti\u015fare ve de\u011ferlendirmelerin yap\u0131ld\u0131\u011f\u0131 ola\u011fan toplant\u0131, birlik ve beraberlik vurgusuyla \u00f6ne \u00e7\u0131kt\u0131.<\/strong><\/span><\/p>\n<p style=\"font-weight: 400;\"><span style=\"font-family: arial, helvetica, sans-serif; font-size: 14px;\">Toplant\u0131n\u0131n divan ba\u015fkanl\u0131\u011f\u0131n\u0131 AK Parti Merkez Karar ve Y\u00f6netim Kurulu (MKYK) \u00dcyesi Kas\u0131m Bostan \u00fcstlenirken, divanda AK Parti Bal\u0131kesir \u0130l Ba\u015fkan\u0131 Mehmet Aydemir, Bal\u0131kesir Milletvekilleri Mustafa Canbey ve Ali Taylan \u00d6ztaylan, \u0130l Kad\u0131n Kollar\u0131 Ba\u015fkan\u0131 M\u00fcnevver G\u00f6zhan, \u0130l Gen\u00e7lik Kollar\u0131 Ba\u015fkan\u0131 Mustafa Bilal D\u00f6nmez yer ald\u0131.<br \/>\nPrograma; il y\u00f6netim kurulu \u00fcyeleri, 20 il\u00e7e ba\u015fkan\u0131, kad\u0131n ve gen\u00e7lik kollar\u0131 il\u00e7e ba\u015fkanlar\u0131, belediye meclis \u00fcyeleri, mahalle temsilcileri, ge\u00e7mi\u015f d\u00f6nem te\u015fkilat mensuplar\u0131 ve \u00e7ok say\u0131da partili kat\u0131ld\u0131.<\/span><\/p>\n<p style=\"font-weight: 400;\"><span style=\"font-family: arial, helvetica, sans-serif; font-size: 14px;\"><strong>Dan\u0131\u015fma Meclislerinde \u00d6ne \u00c7\u0131kan Ortak Ak\u0131l ve \u0130stikamet<br \/>\n<\/strong>AK Parti te\u015fkilatlar\u0131 i\u00e7in b\u00fcy\u00fck \u00f6nem ta\u015f\u0131yan \u0130l Dan\u0131\u015fma Meclisleri, isti\u015fare k\u00fclt\u00fcr\u00fcn\u00fcn en g\u00fc\u00e7l\u00fc \u00f6rneklerinden biri olarak de\u011ferlendiriliyor. Toplant\u0131larda te\u015fkilat\u0131n saha \u00e7al\u0131\u015fmalar\u0131, yerel sorunlar ve \u00e7\u00f6z\u00fcm \u00f6nerileri masaya yat\u0131r\u0131l\u0131rken; gelecek d\u00f6neme dair stratejiler de hep birlikte \u015fekillendiriliyor.<\/span><\/p>\n<p style=\"font-weight: 400;\"><span style=\"font-family: arial, helvetica, sans-serif; font-size: 14px;\"><strong>AK Parti \u0130l Ba\u015fkan\u0131 Mehmet Aydemir: \u201cDan\u0131\u015fma Meclisleri Te\u015fkilat\u0131m\u0131z\u0131n Can Damar\u0131d\u0131r\u201d<br \/>\n<\/strong>AK Parti Bal\u0131kesir \u0130l Ba\u015fkan\u0131 Mehmet Aydemir konu\u015fmas\u0131nda, isti\u015farenin \u00f6nemine dikkat \u00e7ekerek \u015funlar\u0131 s\u00f6yledi: \u00a0\u201cDan\u0131\u015fma meclisleri, te\u015fkilat\u0131m\u0131z\u0131n canl\u0131l\u0131\u011f\u0131n\u0131 koruyan, ortak ak\u0131lla hareket etmemizi sa\u011flayan ve hedeflerimize kararl\u0131l\u0131kla y\u00fcr\u00fcmemize zemin haz\u0131rlayan k\u0131ymetli bulu\u015fmalard\u0131r. Her dan\u0131\u015fma meclisinde yapt\u0131\u011f\u0131m\u0131z isti\u015fareler ve ald\u0131\u011f\u0131m\u0131z kararlarla yol haritam\u0131z g\u00fcncelleniyor. T\u00fcrkiye Y\u00fczy\u0131l\u0131\u2019nda daha g\u00fc\u00e7l\u00fc te\u015fkilatlarla menzile daha yak\u0131n\u0131z.<\/span><\/p>\n<p style=\"font-weight: 400;\"><span style=\"font-family: arial, helvetica, sans-serif; font-size: 14px;\">\u00a0<strong>Milletvekili Ali Taylan \u00d6ztaylan: \u201cDo\u011fru Te\u015fkilatlanma Bizi \u00d6ne \u00c7\u0131kar\u0131r\u201d<br \/>\n<\/strong>Bal\u0131kesir Milletvekili Ali Taylan \u00d6ztaylan, do\u011fru te\u015fkilat yap\u0131s\u0131n\u0131n \u00f6nemine dikkat \u00e7ekerek \u015f\u00f6yle konu\u015ftu: \u201cGenel ba\u015fkandan mahalle ba\u015fkan\u0131na kadar i\u015fleyen bir k\u0131lcal damar sistemi gibi yap\u0131m\u0131z\u0131 do\u011fru i\u015fler hale getirebilirsek, bu bizi sahada ve siyasette rakiplerimize kar\u015f\u0131 \u00f6ne \u00e7\u0131kar\u0131r.\u201d<\/span><\/p>\n<p style=\"font-weight: 400;\"><span style=\"font-family: arial, helvetica, sans-serif; font-size: 14px;\">\u00a0<strong>Milletvekili Mustafa Canbey: \u201cBirlik ve Karde\u015fli\u011fimiz En B\u00fcy\u00fck G\u00fcc\u00fcm\u00fcz\u201d<br \/>\n<\/strong>Bal\u0131kesir Milletvekili Mustafa Canbey, AK Parti\u2019nin birlik ruhuna vurgu yaparak \u015fu ifadeleri kulland\u0131: \u00a0\u201cE\u011fer biz te\u015fkilat olarak karde\u015fli\u011fimizi, birli\u011fimizi g\u00fc\u00e7l\u00fc tutarsak, bizim \u00f6n\u00fcm\u00fczde hi\u00e7bir g\u00fc\u00e7 duramaz. Sahadaki kararl\u0131l\u0131\u011f\u0131n\u0131z ve inanc\u0131n\u0131z en b\u00fcy\u00fck g\u00fcc\u00fcm\u00fczd\u00fcr.\u201d<\/span><\/p>\n<p style=\"font-weight: 400;\"><span style=\"font-family: arial, helvetica, sans-serif; font-size: 14px;\"><strong>Soru-Cevap B\u00f6l\u00fcm\u00fcyle Te\u015fkilat\u0131n Nabz\u0131 Tutuldu<br \/>\n<\/strong>Toplant\u0131n\u0131n sonunda ger\u00e7ekle\u015ftirilen soru-cevap b\u00f6l\u00fcm\u00fcnde te\u015fkilat mensuplar\u0131 kendi b\u00f6lgelerinden aktard\u0131klar\u0131 g\u00f6zlem ve \u00f6nerilerle s\u00fcrece katk\u0131 sundu. Bu b\u00f6l\u00fcm, kat\u0131l\u0131mc\u0131lar\u0131n aktif kat\u0131l\u0131m\u0131yla verimli bir isti\u015fare ortam\u0131na d\u00f6n\u00fc\u015ft\u00fc.<\/span><\/p>\n<p style=\"font-weight: 400;\"><span style=\"font-family: arial, helvetica, sans-serif; font-size: 14px;\"><strong>\u00a0<\/strong><\/span><\/p>\n","protected":false},"excerpt":{"rendered":"<p>AK Parti Bal\u0131kesir \u0130l Ba\u015fkanl\u0131\u011f\u0131 taraf\u0131ndan d\u00fczenlenen \u0130l Dan\u0131\u015fma Meclisi Toplant\u0131s\u0131, te\u015fkilat mensuplar\u0131n\u0131n yo\u011fun ilgisi ve co\u015fkusuyla ger\u00e7ekle\u015ftirildi. Parti i\u00e7i<\/p>\n","protected":false},"author":3,"featured_media":28834,"comment_status":"open","ping_status":"open","sticky":false,"template":"","format":"standard","meta":{"colormag_page_container_layout":"default_layout","colormag_page_sidebar_layout":"default_layout","footnotes":""},"categories":[1,5,8],"tags":[],"class_list":["post-28833","post","type-post","status-publish","format-standard","has-post-thumbnail","hentry","category-genel","category-gundem","category-siyaset"],"_links":{"self":[{"href":"https:\/\/marmarayerelhizmet.com\/index.php\/wp-json\/wp\/v2\/posts\/28833","targetHints":{"allow":["GET"]}}],"collection":[{"href":"https:\/\/marmarayerelhizmet.com\/index.php\/wp-json\/wp\/v2\/posts"}],"about":[{"href":"https:\/\/marmarayerelhizmet.com\/index.php\/wp-json\/wp\/v2\/types\/post"}],"author":[{"embeddable":true,"href":"https:\/\/marmarayerelhizmet.com\/index.php\/wp-json\/wp\/v2\/users\/3"}],"replies":[{"embeddable":true,"href":"https:\/\/marmarayerelhizmet.com\/index.php\/wp-json\/wp\/v2\/comments?post=28833"}],"version-history":[{"count":0,"href":"https:\/\/marmarayerelhizmet.com\/index.php\/wp-json\/wp\/v2\/posts\/28833\/revisions"}],"wp:featuredmedia":[{"embeddable":true,"href":"https:\/\/marmarayerelhizmet.com\/index.php\/wp-json\/wp\/v2\/media\/28834"}],"wp:attachment":[{"href":"https:\/\/marmarayerelhizmet.com\/index.php\/wp-json\/wp\/v2\/media?parent=28833"}],"wp:term":[{"taxonomy":"category","embeddable":true,"href":"https:\/\/marmarayerelhizmet.com\/index.php\/wp-json\/wp\/v2\/categories?post=28833"},{"taxonomy":"post_tag","embeddable":true,"href":"https:\/\/marmarayerelhizmet.com\/index.php\/wp-json\/wp\/v2\/tags?post=28833"}],"curies":[{"name":"wp","href":"https:\/\/api.w.org\/{rel}","templated":true}]}}