{"id":28831,"date":"2025-07-23T15:06:33","date_gmt":"2025-07-23T12:06:33","guid":{"rendered":"https:\/\/marmarayerelhizmet.com\/?p=28831"},"modified":"2025-07-24T01:09:14","modified_gmt":"2025-07-23T22:09:14","slug":"sehirli-yolun-sonu-sampiyonluk-olsun","status":"publish","type":"post","link":"https:\/\/marmarayerelhizmet.com\/index.php\/2025\/07\/23\/sehirli-yolun-sonu-sampiyonluk-olsun\/","title":{"rendered":"\u015eehirli: Yolun Sonu \u015eampiyonluk Olsun"},"content":{"rendered":"<p><strong><span style=\"font-family: arial, helvetica, sans-serif; font-size: 14px;\">Bal\u0131kesirspor, 2025-2026 sezonunun ilk antrenman\u0131n\u0131 Teknik Direkt\u00f6r Cem Kav\u00e7ak y\u00f6netiminde Ali Hikmet Pa\u015fa Tesisleri\u2019nde ger\u00e7ekle\u015ftirdi. Finalde ka\u00e7an \u015fampiyonlu\u011fun ard\u0131ndan yeni sezona y\u00fcksek motivasyonla ba\u015flayan k\u0131rm\u0131z\u0131-beyazl\u0131 ekip, taraftarlara umut veren bir ba\u015flang\u0131\u00e7 yapt\u0131. Sezonun ilk antrenman\u0131na Alt\u0131eyl\u00fcl Belediye Ba\u015fkan\u0131 Hakan \u015eehirli de kat\u0131larak tak\u0131ma Bal\u0131kesir Kaymakl\u0131s\u0131 ikram etti.<br \/>\n<\/span><\/strong><br \/>\n<span style=\"font-family: arial, helvetica, sans-serif; font-size: 14px;\">Finalde kaybedilen \u015fampiyonlu\u011fun ard\u0131ndan yeni sezona b\u00fcy\u00fck umutlarla giri\u015f yapan Bal\u0131kesirspor&#8217;un ilk antrenman\u0131, renkli g\u00f6r\u00fcnt\u00fclere sahne oldu. Sezonun a\u00e7\u0131l\u0131\u015f \u00e7al\u0131\u015fmas\u0131 \u00f6ncesi Bal\u0131kesirspor Ba\u015fkan\u0131 Abdullah Bekki ve y\u00f6netim kurulu \u00fcyeleri ile bulu\u015fan Alt\u0131eyl\u00fcl Belediye Ba\u015fkan\u0131 Hakan \u015eehirli, futbolcular\u0131n antrenman\u0131n\u0131 saha kenar\u0131ndan takip etti. Antrenman sonras\u0131 yeni teknik patron Cem Kav\u00e7ak ve futbolcularla bir araya gelen Ba\u015fkan \u015eehirli, kazas\u0131z belas\u0131z bir sezon dileyerek tak\u0131ma Bal\u0131kesir Kaymakl\u0131s\u0131 ikram etti.<\/span><\/p>\n<p><strong><span style=\"font-family: arial, helvetica, sans-serif; font-size: 14px;\">&#8220;\u015eampiyonluk Hedefimizden Vazge\u00e7meyece\u011fiz&#8221;<\/span><\/strong><br \/>\n<span style=\"font-family: arial, helvetica, sans-serif; font-size: 14px;\">Futbolcularla bir araya gelen Alt\u0131eyl\u00fcl Belediye Ba\u015fkan\u0131 Hakan \u015eehirli, &#8220;Bal\u0131kesirspor \u015fehrimizin gururu ve en b\u00fcy\u00fck markalar\u0131ndan biri. Ge\u00e7en sezon finalde \u00fcz\u00fcnt\u00fcy\u00fc hep birlikte ya\u015fad\u0131k. Ancak bu durum bizim \u015fampiyonluk hedefimizden vazge\u00e7memize neden olmayacak. Yeni sezonun ilk antrenman\u0131nda sizlerin yan\u0131nda olmak istedim. Kazas\u0131z, belas\u0131z en \u00f6nemlisi sakatl\u0131k olmayan bir sezon diliyorum. Sizlere moral vermek ve \u015fehrimizin destek\u00e7isi oldu\u011fumuzu g\u00f6stermek bizim i\u00e7in \u00e7ok \u00f6nemli. Bal\u0131kesir kaymakl\u0131s\u0131 ikram\u0131m\u0131zla da \u015fehrimizin lezzetlerini sizlerle payla\u015ft\u0131k. \u0130n\u015fallah bu sezon \u015fampiyonlu\u011fu Bal\u0131kesir&#8217;e getirece\u011fiz&#8221; dedi.<\/span><\/p>\n<p><strong><span style=\"font-family: arial, helvetica, sans-serif; font-size: 14px;\">&#8220;Taraftar\u0131m\u0131z\u0131n Deste\u011fiyle Ba\u015far\u0131ya Ula\u015faca\u011f\u0131z&#8221;<\/span><\/strong><br \/>\n<span style=\"font-family: arial, helvetica, sans-serif; font-size: 14px;\">Sezon sonunda ipi g\u00f6\u011f\u00fcsleyen taraf olmak istediklerini belirten Bal\u0131kesirspor Ba\u015fkan\u0131 Abdullah Bekki : &#8220;2025-2026 sezonuna b\u00fcy\u00fck umutlarla ba\u015fl\u0131yoruz. Teknik Direkt\u00f6r\u00fcm\u00fcz Cem Kav\u00e7ak ile birlikte olu\u015fturdu\u011fumuz kadromuzdan ve oyun plan\u0131m\u0131zdan \u00e7ok memnunuz. Ge\u00e7en sezonun finaldeki \u00fcz\u00fcnt\u00fcs\u00fcn\u00fc bu sezon \u015fampiyonlukla telafi edece\u011fiz. Alt\u0131eyl\u00fcl Belediye Ba\u015fkan\u0131m\u0131z Hakan \u015eehirli&#8217;nin bu ilk antrenmanda tak\u0131m\u0131m\u0131z\u0131n yan\u0131nda olmas\u0131 bizleri \u00e7ok mutlu etti. \u015eehrimizin t\u00fcm kurumlar\u0131n\u0131n deste\u011fi ile taraftar\u0131m\u0131z\u0131n muhte\u015fem enerjisiyle birlikte bu sezon hedefledi\u011fimiz ba\u015far\u0131ya ula\u015faca\u011f\u0131m\u0131za inan\u0131yorum. Futbolcular\u0131m\u0131zdan da ricam, her ma\u00e7a final havas\u0131nda \u00e7\u0131kmalar\u0131 ve Bal\u0131kesir formas\u0131n\u0131n sorumlulu\u011funu omuzlar\u0131nda hissetmeleri.&#8221; diye konu\u015ftu. Bal\u0131kesirspor, yeni sezonun haz\u0131rl\u0131klar\u0131n\u0131 hafta boyunca yapaca\u011f\u0131 antrenmanlarla s\u00fcrd\u00fcrecek ve ard\u0131ndan\u00a0kampa\u00a0girecek.<\/span><\/p>\n","protected":false},"excerpt":{"rendered":"<p>Bal\u0131kesirspor, 2025-2026 sezonunun ilk antrenman\u0131n\u0131 Teknik Direkt\u00f6r Cem Kav\u00e7ak y\u00f6netiminde Ali Hikmet Pa\u015fa Tesisleri\u2019nde ger\u00e7ekle\u015ftirdi. Finalde ka\u00e7an \u015fampiyonlu\u011fun ard\u0131ndan yeni<\/p>\n","protected":false},"author":3,"featured_media":28832,"comment_status":"open","ping_status":"open","sticky":false,"template":"","format":"standard","meta":{"colormag_page_container_layout":"default_layout","colormag_page_sidebar_layout":"default_layout","footnotes":""},"categories":[1,5,8,9],"tags":[],"class_list":["post-28831","post","type-post","status-publish","format-standard","has-post-thumbnail","hentry","category-genel","category-gundem","category-siyaset","category-spor"],"_links":{"self":[{"href":"https:\/\/marmarayerelhizmet.com\/index.php\/wp-json\/wp\/v2\/posts\/28831","targetHints":{"allow":["GET"]}}],"collection":[{"href":"https:\/\/marmarayerelhizmet.com\/index.php\/wp-json\/wp\/v2\/posts"}],"about":[{"href":"https:\/\/marmarayerelhizmet.com\/index.php\/wp-json\/wp\/v2\/types\/post"}],"author":[{"embeddable":true,"href":"https:\/\/marmarayerelhizmet.com\/index.php\/wp-json\/wp\/v2\/users\/3"}],"replies":[{"embeddable":true,"href":"https:\/\/marmarayerelhizmet.com\/index.php\/wp-json\/wp\/v2\/comments?post=28831"}],"version-history":[{"count":0,"href":"https:\/\/marmarayerelhizmet.com\/index.php\/wp-json\/wp\/v2\/posts\/28831\/revisions"}],"wp:featuredmedia":[{"embeddable":true,"href":"https:\/\/marmarayerelhizmet.com\/index.php\/wp-json\/wp\/v2\/media\/28832"}],"wp:attachment":[{"href":"https:\/\/marmarayerelhizmet.com\/index.php\/wp-json\/wp\/v2\/media?parent=28831"}],"wp:term":[{"taxonomy":"category","embeddable":true,"href":"https:\/\/marmarayerelhizmet.com\/index.php\/wp-json\/wp\/v2\/categories?post=28831"},{"taxonomy":"post_tag","embeddable":true,"href":"https:\/\/marmarayerelhizmet.com\/index.php\/wp-json\/wp\/v2\/tags?post=28831"}],"curies":[{"name":"wp","href":"https:\/\/api.w.org\/{rel}","templated":true}]}}