{"id":28826,"date":"2025-07-19T14:03:25","date_gmt":"2025-07-19T11:03:25","guid":{"rendered":"https:\/\/marmarayerelhizmet.com\/?p=28826"},"modified":"2025-07-19T14:03:25","modified_gmt":"2025-07-19T11:03:25","slug":"akindan-personele-zam-mujdesi","status":"publish","type":"post","link":"https:\/\/marmarayerelhizmet.com\/index.php\/2025\/07\/19\/akindan-personele-zam-mujdesi\/","title":{"rendered":"Ak\u0131n\u2019dan Personele Zam M\u00fcjdesi"},"content":{"rendered":"<p><strong><span style=\"font-size: 14px; font-family: arial, helvetica, sans-serif;\">Bal\u0131kesir B\u00fcy\u00fck\u015fehir Belediyesi ve Belediye-\u0130\u015f Sendikas\u0131 aras\u0131nda yap\u0131lan toplu i\u015f s\u00f6zle\u015fmesi g\u00f6r\u00fc\u015fmelerinde anla\u015fma sa\u011fland\u0131. Bal\u0131kesir i\u00e7in gece g\u00fcnd\u00fcz \u00e7al\u0131\u015fan mesai arkada\u015flar\u0131n\u0131 enflasyona ezdirmeyen Bal\u0131kesir B\u00fcy\u00fck\u015fehir Belediye Ba\u015fkan\u0131 Ahmet Ak\u0131n, belediye personelinin maa\u015flar\u0131nda enflasyon +4 puan refah pay\u0131 oran\u0131nda art\u0131\u015f sa\u011flad\u0131. \u0130mza sonras\u0131 \u00e7al\u0131\u015fanlara seslenen Ak\u0131n, \u00a0\u201c\u015eartlar\u0131 zorlad\u0131k. \u0130sterim ki bu oran \u00e7ok daha fazla olsun. \u0130nan\u0131n bundan kimsenin hi\u00e7bir \u015f\u00fcphesi olmas\u0131n. Sizi, sizden daha \u00e7ok d\u00fc\u015f\u00fcnen bir arkada\u015f\u0131n\u0131z var. \u0130lerleyen s\u00fcre\u00e7te ko\u015fullar\u0131m\u0131z iyile\u015fti\u011finde daha fazlas\u0131n\u0131 yapaca\u011f\u0131z&#8221; dedi.<\/span><\/strong><\/p>\n<p><span style=\"font-size: 14px; font-family: arial, helvetica, sans-serif;\">Bal\u0131kesir B\u00fcy\u00fck\u015fehir Belediye Ba\u015fkan\u0131 Ahmet Ak\u0131n ve Belediye-\u0130\u015f Sendikas\u0131 Genel Ba\u015fkan\u0131 Nihat Yurdakul\u2019un kat\u0131l\u0131m\u0131yla d\u00fczenlenen Toplu \u0130\u015f S\u00f6zle\u015fmesi\u2019nde imzalar at\u0131ld\u0131. Avlu Kongre Merkezinde ger\u00e7ekle\u015fen imza t\u00f6renine Bal\u0131kesir B\u00fcy\u00fck\u015fehir Belediye Ba\u015fkan\u0131 Ahmet Ak\u0131n, Belediye-\u0130\u015f Sendikas\u0131 Genel Ba\u015fkan\u0131 Nihat Yurdakul, CHP Bal\u0131kesir \u0130l Ba\u015fkan\u0131 Erden K\u00f6yba\u015f\u0131, BBB Genel Sekreteri Naki \u00c7etin, Manyas Belediye Ba\u015fkan\u0131 Ahmet Duru, sendika temsilcileri ve belediye personeli kat\u0131ld\u0131. Ba\u015fkan Ak\u0131n, belediye personelini enflasyona ezdirmezken Bal\u0131kesir B\u00fcy\u00fck\u015fehir Belediyesi ve BASK\u0130 Genel M\u00fcd\u00fcrl\u00fc\u011f\u00fcnde g\u00f6rev yapan kadrolu i\u015f\u00e7ilerin maa\u015flar\u0131na enflasyon oran\u0131n\u0131n \u00fczerine 4 puanl\u0131k refah pay\u0131 uygulamas\u0131 yapt\u0131. Ba\u015fkan Ak\u0131n, refah pay\u0131n\u0131n 4 puan olarak belirlendi\u011fini a\u00e7\u0131klarken zam oran\u0131n\u0131n personele hay\u0131rl\u0131 olmas\u0131 temennisinde bulundu. S\u00f6zle\u015fmeyle personelin g\u00fcnl\u00fck yevmiyeleri ve sosyal haklar\u0131nda d\u00fczenleme yap\u0131larak \u00e7al\u0131\u015fanlar enflasyona ezdirilmedi.<\/span><\/p>\n<p><strong><span style=\"font-size: 14px; font-family: arial, helvetica, sans-serif;\">AKIN\u2019DAN MESA\u0130 ARKADA\u015eLARINA TE\u015eEKK\u00dcR<\/span><\/strong><\/p>\n<p><span style=\"font-size: 14px; font-family: arial, helvetica, sans-serif;\">Mesai arkada\u015flar\u0131yla birlikte Bal\u0131kesir\u2019e el birli\u011fiyle hizmet ettiklerini s\u00f6yleyen Bal\u0131kesir B\u00fcy\u00fck\u015fehir Belediye Ba\u015fkan\u0131 Ahmet Ak\u0131n, &#8220;Bizler, ruhuna uygun bir y\u00f6netim sergiliyoruz. Ayr\u0131mc\u0131l\u0131k \u00f6tekile\u015ftirme yok. Kuvay\u0131milliye ruhuna uygun bir \u015fekilde Bal\u0131kesir\u2019i y\u00f6netip T\u00fcrkiye\u2019de bir \u00f6rnek olmak i\u00e7in \u00e7al\u0131\u015f\u0131yoruz. Bu millet ne \u00e7ektiyse ayr\u0131mc\u0131l\u0131ktan ve \u00f6tekile\u015ftirmeden \u00e7ekti. Bal\u0131kesir bu konuda T\u00fcrkiye\u2019nin \u00f6rne\u011fi olacak hem\u015fehrim. S\u00f6z veriyorum. \u0130mkanlar\u0131m\u0131z \u00e7er\u00e7evesinde ailem dedi\u011fim siz mesai arkada\u015flar\u0131m\u0131n en iyi \u015fartlarda ya\u015famas\u0131 en b\u00fcy\u00fck arzumdur. Onun i\u00e7in uzun s\u00fcren bir \u00e7al\u0131\u015fma sonras\u0131nda 2025-2027 toplu i\u015f s\u00f6zle\u015fmemizi imzal\u0131yoruz. \u00a0Bir y\u0131ldan uzun s\u00fcredir sizlerle \u00e7al\u0131\u015f\u0131yoruz. Evimizden ve ailemizden daha \u00e7ok birlikte zaman ge\u00e7iriyoruz, gecemizi g\u00fcnd\u00fcz\u00fcm\u00fcze kat\u0131p Bal\u0131kesir\u2019imize el birli\u011fiyle hizmet ediyoruz. \u00a0\u00d6ncelikle Bal\u0131kesir\u2019imizin kalbinde, yani Bal\u0131kesir B\u00fcy\u00fck\u015fehir Belediyemizde, birlikte mesai yapt\u0131\u011f\u0131m\u0131z bu s\u00fcre\u00e7te, \u015fehrimize ve belediyemize sundu\u011funuz katk\u0131lar nedeniyle hepinize y\u00fcrekten te\u015fekk\u00fcr ediyorum&#8221; diye konu\u015ftu.<\/span><\/p>\n<p><strong><span style=\"font-size: 14px; font-family: arial, helvetica, sans-serif;\">\u201cB\u0130Z\u0130M \u0130\u00c7\u0130N \u00c7OK DE\u011eERL\u0130S\u0130N\u0130Z&#8221;<br \/>\n<\/span><\/strong><span style=\"font-size: 14px; font-family: arial, helvetica, sans-serif;\">Bal\u0131kesir\u2019i T\u00fcrkiye\u2019nin en m\u00fcreffeh, adil ve ya\u015fanabilir kentlerinden biri yapman\u0131n B\u00fcy\u00fck\u015fehir Belediyesi personelinin deste\u011fi ve gayretiyle m\u00fcmk\u00fcn olaca\u011f\u0131n\u0131 vurgulayan Ak\u0131n, bunun bir ekip i\u015fi oldu\u011funu s\u00f6yledi. Bal\u0131kesir\u2019in Kuvay\u0131 Milliye gelene\u011finin birlik, beraberlik ve dayan\u0131\u015fma i\u00e7erisinde olmay\u0131 \u00f6\u011fretti\u011fini belirten Ak\u0131n, &#8220;Bal\u0131kesir emanettir. Emanet kutsald\u0131r. Bizler emanet\u00e7iyiz. Milletimize kar\u015f\u0131 sorumlulu\u011fumuz var. Emanete sahip \u00e7\u0131kan de\u011ferli mesai arkada\u015flar\u0131ma te\u015fekk\u00fcr ederim. Bizler, \u2018Bal\u0131kesir Tak\u0131m\u0131\u2019y\u0131z. Hepimiz \u2018Bal\u0131kesir Tak\u0131m\u0131\u2019n\u0131n bir ferdiyiz. Bug\u00fcn, bu dayan\u0131\u015fmay\u0131 evimizden, yani Bal\u0131kesir B\u00fcy\u00fck\u015fehir Belediyemizden ba\u015flayarak kentimizin d\u00f6rt bir yan\u0131na yay\u0131yoruz. Sizlerin \u00e7al\u0131\u015fma ko\u015fullar\u0131n\u0131 da bu dayan\u0131\u015fma kapsam\u0131nda ele al\u0131yoruz. \u00a0Siz, fedak\u00e2r \u00e7al\u0131\u015fma arkada\u015flar\u0131m\u0131z bizim i\u00e7in \u00e7ok de\u011ferlisiniz. En de\u011ferlimizsiniz. Biz de sizin \u00f6zverili \u00e7al\u0131\u015fmalar\u0131n\u0131z i\u00e7in her t\u00fcrl\u00fc fedak\u00e2rl\u0131\u011f\u0131 yapt\u0131k, yap\u0131yoruz, yapmaya da devam edece\u011fiz. \u00c7\u00fcnk\u00fc \u00e7al\u0131\u015fma arkada\u015flar\u0131m\u0131z huzurlu olursa t\u00fcm \u2018Bal\u0131kesir Ailem\u2019 huzurlu olur&#8221; \u015feklinde konu\u015ftu.<\/span><\/p>\n<p><strong><span style=\"font-size: 14px; font-family: arial, helvetica, sans-serif;\">ENFLASYON +4 PUAN REFAH PAYI<br \/>\n<\/span><\/strong><span style=\"font-size: 14px; font-family: arial, helvetica, sans-serif;\">Toplu i\u015f s\u00f6zle\u015fmesi i\u00e7in sendikayla uzun s\u00fcredir g\u00f6r\u00fc\u015fmeler ger\u00e7ekle\u015ftirdiklerinin bilgisini veren Ak\u0131n &#8220;Bu kapsamda mesai arkada\u015flar\u0131m\u0131z\u0131n \u00e7al\u0131\u015fma \u015fartlar\u0131nda birtak\u0131m iyile\u015ftirmeler sa\u011flad\u0131k. \u00a0Emin olun \u00f6nceli\u011fimiz her zaman sizlerin huzur ve refah\u0131 oldu. Bal\u0131kesir\u2019imizi y\u00f6netirken uygulad\u0131\u011f\u0131m\u0131z halk\u00e7\u0131 modeli, hi\u00e7bir \u00e7al\u0131\u015fma arkada\u015f\u0131m\u0131z\u0131 ma\u011fdur etmeden Bal\u0131kesir B\u00fcy\u00fck\u015fehir Belediyemizde de uygulad\u0131k. \u00a0Bu do\u011frultuda; s\u00f6zle\u015fme s\u00fcremizi iki y\u0131l olarak belirledik. Yevmiyeleri, ilk 6 ay i\u00e7in enflasyon art\u0131 4 puan refah pay\u0131 oran\u0131nda ve sonraki 6 aylar i\u00e7in ise enflasyon art\u0131 2 puan refah pay\u0131 olacak \u015fekilde art\u0131rd\u0131k. \u00a0Sendikal ikramiyeyi toplamda 60 yevmiye olarak belirledik. Ramazan ve Kurban Bayramlar\u0131 \u00f6ncesinde otuzar yevmiye olarak \u00f6deme yapaca\u011f\u0131z&#8221; ifadelerini kulland\u0131.<\/span><\/p>\n<p><strong><span style=\"font-size: 14px; font-family: arial, helvetica, sans-serif;\">1 MAYIS \u0130\u015e\u00c7\u0130 BAYRAMINDA \u0130KRAM\u0130YE M\u00dcJDES\u0130<br \/>\n<\/span><\/strong><span style=\"font-size: 14px; font-family: arial, helvetica, sans-serif;\">Bayram yard\u0131mlar\u0131yla ilgili yap\u0131lan iyile\u015ftirmeler hakk\u0131nda da a\u00e7\u0131klama yapan Ak\u0131n, &#8220;Ramazan Bayram\u0131\u2019nda 1500 TL, Kurban Bayram\u0131\u2019nda 2 bin TL olacak \u015fekilde belirledik. Ve ilave olarak ilk kez i\u015f\u00e7ilerimize, 1 May\u0131s \u0130\u015f\u00e7i Bayram\u0131\u2019nda 1000 TL ikramiye verece\u011fiz. \u00a0S\u00f6zle\u015fme s\u00fcresince uygulanacak zam oranlar\u0131n\u0131, t\u00fcm \u00fccret maddeleri i\u00e7in ge\u00e7erli k\u0131ld\u0131k. Bal\u0131kesir B\u00fcy\u00fck\u015fehir Belediyemiz ve BASK\u0130 Genel M\u00fcd\u00fcrl\u00fc\u011f\u00fcm\u00fczde g\u00f6rev yapan kadrolu i\u015f\u00e7i arkada\u015flar\u0131m\u0131z\u0131n \u00fccretlerinde de ayn\u0131 oranda art\u0131\u015f sa\u011flad\u0131k. \u00a0Toplu i\u015f s\u00f6zle\u015fmemizin t\u00fcm \u00e7al\u0131\u015fma arkada\u015flar\u0131m\u0131z i\u00e7in hay\u0131rl\u0131 olmas\u0131n\u0131 diler, Say\u0131n Genel Ba\u015fkan Nihat Yurdakul\u2019un \u015fahs\u0131nda eme\u011fi ge\u00e7en t\u00fcm Belediye-\u0130\u015f Sendikas\u0131 temsilcilerine te\u015fekk\u00fcr ederim&#8221; diye konu\u015ftu.<\/span><\/p>\n<p><strong><span style=\"font-size: 14px; font-family: arial, helvetica, sans-serif;\">\u201cS\u0130Z\u0130, S\u0130ZDEN DAHA \u00c7OK D\u00dc\u015e\u00dcNEN B\u0130R ARKADA\u015eINIZIM&#8221;<br \/>\n<\/span><\/strong><span style=\"font-size: 14px; font-family: arial, helvetica, sans-serif;\">T\u00fcrkiye\u2019nin parlayan y\u0131ld\u0131z\u0131 olma yolunda emin ad\u0131mlarla ilerleyen Bal\u0131kesir\u2019e kendisiyle birlikte hizmet eden mesai arkada\u015flar\u0131na seslenen Ak\u0131n, &#8220;\u0130sterim ki bu oran \u00e7ok daha fazla olsun. \u0130nan\u0131n kimsenin bundan hi\u00e7bir \u015f\u00fcphesi olmas\u0131n. Sizi, sizden daha \u00e7ok d\u00fc\u015f\u00fcnen bir arkada\u015f\u0131n\u0131z var. Sizlerle omuz omuza ba\u015fard\u0131\u011f\u0131m\u0131z ve bundan sonra da ba\u015faraca\u011f\u0131m\u0131z pek \u00e7ok i\u015f var. Hi\u00e7bir bahane alt\u0131na s\u0131\u011f\u0131nmadan vatanda\u015f\u0131m\u0131za hizmet g\u00f6t\u00fcrece\u011fiz. Bug\u00fcne kadar oldu\u011fu gibi bundan sonra da halk\u0131m\u0131z\u0131n huzur ve refah\u0131 i\u00e7in gece g\u00fcnd\u00fcz demeden, sahada g\u00f6revimizin ba\u015f\u0131nda olmaya devam edece\u011fiz. \u00a0Dayan\u0131\u015fmam\u0131z\u0131 el birli\u011fiyle b\u00fcy\u00fctece\u011fiz. Bal\u0131kesir\u2019imizi \u00e7ocuklar\u0131n mutlu, annelerin umutlu, babalar\u0131n ba\u015f\u0131 dik, emeklilerin y\u00fcz\u00fcn\u00fcn g\u00fcld\u00fc\u011f\u00fc, \u00e7ift\u00e7ilerin zengin oldu\u011fu bir \u015fehir haline hep birlikte getirece\u011fiz. Bug\u00fcne kadar g\u00f6sterdi\u011finiz gayret ve yapt\u0131\u011f\u0131n\u0131z \u00f6zverili \u00e7al\u0131\u015fmalar nedeniyle hepinize tekrar te\u015fekk\u00fcr ediyorum. Toplu i\u015f s\u00f6zle\u015fmemizin hay\u0131rl\u0131 olmas\u0131n\u0131 diliyorum&#8221; ifadelerini kulland\u0131.<\/span><\/p>\n<div class=\"row\">\n<div id=\"\" class=\"col-lg-3 col-md-4 col-sm-12 p-1\"><\/div>\n<\/div>\n","protected":false},"excerpt":{"rendered":"<p>Bal\u0131kesir B\u00fcy\u00fck\u015fehir Belediyesi ve Belediye-\u0130\u015f Sendikas\u0131 aras\u0131nda yap\u0131lan toplu i\u015f s\u00f6zle\u015fmesi g\u00f6r\u00fc\u015fmelerinde anla\u015fma sa\u011fland\u0131. Bal\u0131kesir i\u00e7in gece g\u00fcnd\u00fcz \u00e7al\u0131\u015fan mesai<\/p>\n","protected":false},"author":3,"featured_media":28827,"comment_status":"open","ping_status":"open","sticky":false,"template":"","format":"standard","meta":{"colormag_page_container_layout":"default_layout","colormag_page_sidebar_layout":"default_layout","footnotes":""},"categories":[3,1,5,8],"tags":[],"class_list":["post-28826","post","type-post","status-publish","format-standard","has-post-thumbnail","hentry","category-ekonomi","category-genel","category-gundem","category-siyaset"],"_links":{"self":[{"href":"https:\/\/marmarayerelhizmet.com\/index.php\/wp-json\/wp\/v2\/posts\/28826","targetHints":{"allow":["GET"]}}],"collection":[{"href":"https:\/\/marmarayerelhizmet.com\/index.php\/wp-json\/wp\/v2\/posts"}],"about":[{"href":"https:\/\/marmarayerelhizmet.com\/index.php\/wp-json\/wp\/v2\/types\/post"}],"author":[{"embeddable":true,"href":"https:\/\/marmarayerelhizmet.com\/index.php\/wp-json\/wp\/v2\/users\/3"}],"replies":[{"embeddable":true,"href":"https:\/\/marmarayerelhizmet.com\/index.php\/wp-json\/wp\/v2\/comments?post=28826"}],"version-history":[{"count":0,"href":"https:\/\/marmarayerelhizmet.com\/index.php\/wp-json\/wp\/v2\/posts\/28826\/revisions"}],"wp:featuredmedia":[{"embeddable":true,"href":"https:\/\/marmarayerelhizmet.com\/index.php\/wp-json\/wp\/v2\/media\/28827"}],"wp:attachment":[{"href":"https:\/\/marmarayerelhizmet.com\/index.php\/wp-json\/wp\/v2\/media?parent=28826"}],"wp:term":[{"taxonomy":"category","embeddable":true,"href":"https:\/\/marmarayerelhizmet.com\/index.php\/wp-json\/wp\/v2\/categories?post=28826"},{"taxonomy":"post_tag","embeddable":true,"href":"https:\/\/marmarayerelhizmet.com\/index.php\/wp-json\/wp\/v2\/tags?post=28826"}],"curies":[{"name":"wp","href":"https:\/\/api.w.org\/{rel}","templated":true}]}}