{"id":28820,"date":"2025-07-18T10:14:06","date_gmt":"2025-07-18T07:14:06","guid":{"rendered":"https:\/\/marmarayerelhizmet.com\/?p=28820"},"modified":"2025-07-18T10:14:06","modified_gmt":"2025-07-18T07:14:06","slug":"yanginin-boyutunu-yerinde-inceledi","status":"publish","type":"post","link":"https:\/\/marmarayerelhizmet.com\/index.php\/2025\/07\/18\/yanginin-boyutunu-yerinde-inceledi\/","title":{"rendered":"Yang\u0131n\u0131n Boyutunu Yerinde \u0130nceledi"},"content":{"rendered":"<div class=\"tg-post\">\n<article id=\"post-43828\" class=\"post-43828 post type-post status-publish format-standard has-post-thumbnail hentry category-turizm category-genel category-ilceler category-siyaset\">\n<div class=\"cm-post-content\">\n<div class=\"cm-entry-summary\">\n<p><span style=\"font-family: arial, helvetica, sans-serif; font-size: 14px;\"><strong>Alt\u0131eyl\u00fcl\u2019e ba\u011fl\u0131 Kirazk\u00f6y k\u0131rsal mahallesinde ba\u015flayan ve \u015fiddetli r\u00fczgar\u0131n etkisiyle k\u0131sa s\u00fcrede b\u00fcy\u00fcyen yang\u0131n, Orman B\u00f6lge M\u00fcd\u00fcrl\u00fc\u011f\u00fc ile B\u00fcy\u00fck\u015fehir \u0130tfaiye ekiplerinin h\u0131zl\u0131 ve koordineli m\u00fcdahalesi sayesinde kontrol alt\u0131na al\u0131nd\u0131. Yang\u0131n\u0131n ard\u0131ndan b\u00f6lgede y\u00fcr\u00fct\u00fclen so\u011futma \u00e7al\u0131\u015fmalar\u0131na kat\u0131lan Alt\u0131eyl\u00fcl Belediye Ba\u015fkan\u0131 Hakan \u015eehirli, alanda incelemelerde bulundu.<br \/>\n<\/strong><\/span><br \/>\n<span style=\"font-family: arial, helvetica, sans-serif; font-size: 14px;\">Alt\u0131eyl\u00fcl il\u00e7esine ba\u011fl\u0131 Kirazk\u00f6y k\u0131rsal mahallesinde \u00e7\u0131kan orman yang\u0131n\u0131, r\u00fczgar\u0131n etkisiyle k\u0131sa s\u00fcrede b\u00fcy\u00fcyerek geni\u015f bir alana yay\u0131ld\u0131. Yerle\u015fim yerlerini de tehdit eden yang\u0131na Orman B\u00f6lge M\u00fcd\u00fcrl\u00fc\u011f\u00fc ve Bal\u0131kesir B\u00fcy\u00fck\u015fehir Belediyesi \u0130tfaiye ekipleri karadan ve havadan yo\u011fun m\u00fcdahalede bulundu. Yang\u0131n, ekiplerin b\u00fcy\u00fck \u00f6zverisi ve koordinasyonlu \u00e7al\u0131\u015fmalar\u0131 sonucu kontrol alt\u0131na al\u0131nd\u0131. R\u00fczgar\u0131n \u015fiddetiyle b\u00fcy\u00fcyen alevlerin k\u0131rsal ya\u015fam alanlar\u0131na yakla\u015fmas\u0131, mahalle sakinleri aras\u0131nda k\u0131sa s\u00fcreli pani\u011fe neden oldu. Ancak h\u0131zl\u0131 tahliye ve koordinasyon sayesinde herhangi bir can kayb\u0131 ya\u015fanmad\u0131.<\/span><\/p>\n<p><span style=\"font-family: arial, helvetica, sans-serif; font-size: 14px;\"><strong>Ekipler Seferber Oldu, Yang\u0131n Alan\u0131nda Yo\u011fun M\u00fccadele Verildi<\/strong><\/span><br \/>\n<span style=\"font-family: arial, helvetica, sans-serif; font-size: 14px;\">Yang\u0131na hem karadan hem de havadan m\u00fcdahale edilirken, Bal\u0131kesir Orman B\u00f6lge M\u00fcd\u00fcrl\u00fc\u011f\u00fc ekipleri ile Bal\u0131kesir B\u00fcy\u00fck\u015fehir Belediyesi \u0130tfaiyesi tam anlam\u0131yla seferber oldu. Araz\u00f6zler, yang\u0131n s\u00f6nd\u00fcrme helikopterleri, kep\u00e7e, dozer ve g\u00f6n\u00fcll\u00fc vatanda\u015flar\u0131n deste\u011fiyle alevlerin ilerlemesi durduruldu. Yang\u0131n\u0131n kontrol alt\u0131na al\u0131nmas\u0131n\u0131n ard\u0131ndan b\u00f6lgede detayl\u0131 so\u011futma \u00e7al\u0131\u015fmalar\u0131 ba\u015flat\u0131ld\u0131. Yer yer dumanlar\u0131n y\u00fckseldi\u011fi alanlarda olas\u0131 yeniden tutu\u015fmalar\u0131n \u00f6n\u00fcne ge\u00e7ilmesi i\u00e7in ekipler gece boyunca g\u00f6rev yapt\u0131. Yang\u0131n\u0131n etkiledi\u011fi alanda do\u011fa tahribat\u0131n\u0131n boyutu ise so\u011futma i\u015flemleri sonras\u0131 netlik kazanacak.<\/span><\/p>\n<p><span style=\"font-family: arial, helvetica, sans-serif; font-size: 14px;\"><strong>Ba\u015fkan Hakan \u015eehirli Yang\u0131n B\u00f6lgesinde \u0130ncelemelerde Bulundu<\/strong><\/span><br \/>\n<span style=\"font-family: arial, helvetica, sans-serif; font-size: 14px;\">Yang\u0131n\u0131n ard\u0131ndan olay yerine giden Alt\u0131eyl\u00fcl Belediye Ba\u015fkan\u0131 Hakan \u015eehirli, b\u00f6lgede s\u00fcren so\u011futma \u00e7al\u0131\u015fmalar\u0131na kat\u0131larak hem sahadaki ekiplerle bir araya geldi hem de yetkililerden bilgi ald\u0131. Ba\u015fkan \u015eehirli, ekiplere kumanya deste\u011finde bulunurken, yang\u0131nla m\u00fccadelede g\u00f6rev alan personelin \u00f6zverili \u00e7al\u0131\u015fmalar\u0131 i\u00e7in te\u015fekk\u00fcr etti. Ba\u015fkan \u015eehirli yapt\u0131\u011f\u0131 a\u00e7\u0131klamada \u201cKirazk\u00f6y k\u0131rsal mahallemizde \u00e7\u0131kan yang\u0131n hepimizi derinden \u00fczd\u00fc. Ancak sevindirici olan, herhangi bir can kayb\u0131n\u0131n ya\u015fanmam\u0131\u015f olmas\u0131d\u0131r. Yang\u0131n\u0131n b\u00fcy\u00fckl\u00fc\u011f\u00fcne ra\u011fmen ekiplerimiz ola\u011fan\u00fcst\u00fc bir \u00e7abayla m\u00fcdahale etmi\u015f, yang\u0131n kontrol alt\u0131na al\u0131nm\u0131\u015ft\u0131r. So\u011futma \u00e7al\u0131\u015fmalar\u0131 devam ederken ekiplerimiz h\u00e2l\u00e2 b\u00f6lgede fedak\u00e2rca g\u00f6rev yapmaktad\u0131r. T\u00fcm g\u00f6revli personele, g\u00f6n\u00fcll\u00fc vatanda\u015flar\u0131m\u0131za ve m\u00fcdahale s\u00fcrecinde emek veren herkese y\u00fcrekten te\u015fekk\u00fcr ediyorum. Alt\u0131eyl\u00fcl Belediyesi olarak ihtiya\u00e7 duyulan her noktada destek vermeye devam edece\u011fiz.\u201d dedi. Alt\u0131eyl\u00fcl Belediyesi, ya\u015fanan \u00fcz\u00fcc\u00fc yang\u0131n\u0131n ilk an\u0131ndan itibaren koordineli bir \u015fekilde harekete ge\u00e7ti\u011fi mahalle halk\u0131na ise gerekli destekleri sa\u011fland\u0131. Olas\u0131 benzer olaylara kar\u015f\u0131 haz\u0131rl\u0131kl\u0131 olmak ad\u0131na hem il\u00e7e genelinde hem de k\u0131rsal mahallelerde \u00f6nleyici \u00e7al\u0131\u015fmalar\u00a0artt\u0131r\u0131ld\u0131.<\/span><\/p>\n<\/div>\n<\/div>\n<\/article>\n<\/div>\n<ul class=\"default-wp-page\">\n<li class=\"previous\"><\/li>\n<\/ul>\n","protected":false},"excerpt":{"rendered":"<p>Alt\u0131eyl\u00fcl\u2019e ba\u011fl\u0131 Kirazk\u00f6y k\u0131rsal mahallesinde ba\u015flayan ve \u015fiddetli r\u00fczgar\u0131n etkisiyle k\u0131sa s\u00fcrede b\u00fcy\u00fcyen yang\u0131n, Orman B\u00f6lge M\u00fcd\u00fcrl\u00fc\u011f\u00fc ile B\u00fcy\u00fck\u015fehir \u0130tfaiye<\/p>\n","protected":false},"author":3,"featured_media":28821,"comment_status":"open","ping_status":"open","sticky":false,"template":"","format":"standard","meta":{"colormag_page_container_layout":"default_layout","colormag_page_sidebar_layout":"default_layout","footnotes":""},"categories":[1,5,8],"tags":[],"class_list":["post-28820","post","type-post","status-publish","format-standard","has-post-thumbnail","hentry","category-genel","category-gundem","category-siyaset"],"_links":{"self":[{"href":"https:\/\/marmarayerelhizmet.com\/index.php\/wp-json\/wp\/v2\/posts\/28820","targetHints":{"allow":["GET"]}}],"collection":[{"href":"https:\/\/marmarayerelhizmet.com\/index.php\/wp-json\/wp\/v2\/posts"}],"about":[{"href":"https:\/\/marmarayerelhizmet.com\/index.php\/wp-json\/wp\/v2\/types\/post"}],"author":[{"embeddable":true,"href":"https:\/\/marmarayerelhizmet.com\/index.php\/wp-json\/wp\/v2\/users\/3"}],"replies":[{"embeddable":true,"href":"https:\/\/marmarayerelhizmet.com\/index.php\/wp-json\/wp\/v2\/comments?post=28820"}],"version-history":[{"count":0,"href":"https:\/\/marmarayerelhizmet.com\/index.php\/wp-json\/wp\/v2\/posts\/28820\/revisions"}],"wp:featuredmedia":[{"embeddable":true,"href":"https:\/\/marmarayerelhizmet.com\/index.php\/wp-json\/wp\/v2\/media\/28821"}],"wp:attachment":[{"href":"https:\/\/marmarayerelhizmet.com\/index.php\/wp-json\/wp\/v2\/media?parent=28820"}],"wp:term":[{"taxonomy":"category","embeddable":true,"href":"https:\/\/marmarayerelhizmet.com\/index.php\/wp-json\/wp\/v2\/categories?post=28820"},{"taxonomy":"post_tag","embeddable":true,"href":"https:\/\/marmarayerelhizmet.com\/index.php\/wp-json\/wp\/v2\/tags?post=28820"}],"curies":[{"name":"wp","href":"https:\/\/api.w.org\/{rel}","templated":true}]}}