{"id":28807,"date":"2025-07-11T11:19:55","date_gmt":"2025-07-11T08:19:55","guid":{"rendered":"https:\/\/marmarayerelhizmet.com\/?p=28807"},"modified":"2025-07-12T11:20:43","modified_gmt":"2025-07-12T08:20:43","slug":"gsb-spor-okullari-acildi","status":"publish","type":"post","link":"https:\/\/marmarayerelhizmet.com\/index.php\/2025\/07\/11\/gsb-spor-okullari-acildi\/","title":{"rendered":"GSB Spor Okullar\u0131 A\u00e7\u0131ld\u0131"},"content":{"rendered":"<p><strong><span style=\"font-family: arial, helvetica, sans-serif; font-size: 14px;\">Gen\u00e7lik ve Spor Bakanl\u0131\u011f\u0131 taraf\u0131ndan her y\u0131l T\u00fcrkiye genelinde d\u00fczenlenen GSB Spor Okullar\u0131 ve GSB Engelsiz Spor Okullar\u0131\u2019n\u0131n a\u00e7\u0131l\u0131\u015f t\u00f6reni, Bal\u0131kesir 50. Y\u0131l Spor Park\u0131\u2019nda b\u00fcy\u00fck bir co\u015fku ve renkli g\u00f6r\u00fcnt\u00fcler e\u015fli\u011finde ger\u00e7ekle\u015ftirildi.<\/span><\/strong><\/p>\n<p><span style=\"font-family: arial, helvetica, sans-serif; font-size: 14px;\">Programa kat\u0131lan vatanda\u015flar, sporun enerjisini ve dinamizmini doyas\u0131ya ya\u015farken; spor g\u00f6sterileri ve e\u011flenceli etkinliklerle unutulmaz bir g\u00fcn ya\u015fad\u0131. Etkinlik alan\u0131, sporun birle\u015ftirici g\u00fcc\u00fcyle gen\u00e7ler ve ailelerin bir araya geldi\u011fi keyifli bir atmosfere d\u00f6n\u00fc\u015ft\u00fc. T\u00f6rene; Bal\u0131kesir Valisi \u0130smail Ustao\u011flu, protokol \u00fcyeleri, Gen\u00e7lik ve Spor \u0130l M\u00fcd\u00fcr\u00fc Adem \u00d6zalp, Amat\u00f6r Spor Kul\u00fcpleri Federasyonu Ba\u015fkan\u0131, antren\u00f6rler, bran\u015f temsilcileri, sporcular ve \u00e7ok say\u0131da vatanda\u015f kat\u0131ld\u0131.<br \/>\n<\/span><span style=\"font-family: arial, helvetica, sans-serif; font-size: 14px;\">A\u00e7\u0131l\u0131\u015f seremonisi; sporcu ve antren\u00f6rlerin ge\u00e7i\u015fi, selamlama konu\u015fmalar\u0131 ve etkileyici spor g\u00f6sterileriyle ba\u015flad\u0131. Ard\u0131ndan il protokol\u00fc taraf\u0131ndan spor malzemesi da\u011f\u0131t\u0131m\u0131 ger\u00e7ekle\u015fti. Gen\u00e7lik ve Spor \u0130l M\u00fcd\u00fcrl\u00fc\u011f\u00fc b\u00fcnyesindeki antren\u00f6rler, spor bran\u015flar\u0131n\u0131 tan\u0131tarak gen\u00e7lerin ilgi duyduklar\u0131 bran\u015flarla tan\u0131\u015fmalar\u0131n\u0131 sa\u011flad\u0131.<br \/>\n<\/span><span style=\"font-family: arial, helvetica, sans-serif; font-size: 14px;\">Bal\u0131kesir Valisi \u0130smail Ustao\u011flu, &#8220;Yo\u011fun ge\u00e7en bir e\u011fitim-\u00f6\u011fretim y\u0131l\u0131n\u0131n ard\u0131ndan, gen\u00e7lerimizi spor, bilim, k\u00fclt\u00fcr ve sanat alanlar\u0131ndaki faaliyetlerle desteklemeye devam ediyoruz. Spor salonlar\u0131m\u0131z, sosyal ve k\u00fclt\u00fcrel merkezlerimiz, gen\u00e7lerimizin geli\u015fimi i\u00e7in aktif ve etkili bir \u015fekilde hizmet vermektedir. Milli ve manevi de\u011ferlere \u00f6nem veren bir yakla\u015f\u0131mla, Bal\u0131kesir\u2019den yeni ba\u015far\u0131 hik\u00e2yelerinin do\u011faca\u011f\u0131na y\u00fcrekten inan\u0131yoruz.<br \/>\n<\/span><span style=\"font-family: arial, helvetica, sans-serif; font-size: 14px;\">Engelli gen\u00e7lerimiz i\u00e7in T\u00fcrkiye\u2019de ikinci \u00f6rne\u011fi olacak &#8220;Engelsiz Gen\u00e7lik Merkezi&#8221;ni Bal\u0131kesir\u2019de a\u00e7arak sosyal ve sportif kat\u0131l\u0131mlar\u0131n\u0131 art\u0131rmay\u0131 hedefliyoruz. Devletimiz t\u00fcm imk\u00e2nlar\u0131yla gen\u00e7lerimizin yan\u0131nda; yeter ki inanal\u0131m ve sunulan f\u0131rsatlar\u0131 en iyi \u015fekilde de\u011ferlendirelim.&#8221; ifadelerinde bulundu.<br \/>\n<\/span><span style=\"font-family: arial, helvetica, sans-serif; font-size: 14px;\">Gen\u00e7lik ve Spor \u0130l M\u00fcd\u00fcr\u00fc Adem \u00d6zalp &#8220;GSB Spor Okullar\u0131, GSB Engelsiz Spor Okullar\u0131 ve Y\u00fczme Bilmeyen Kalmas\u0131n projeleriyle her y\u0131l 81 ilde, 7\u2019den 70\u2019e t\u00fcm vatanda\u015flar\u0131m\u0131za \u00fccretsiz spor yapma imkan\u0131 sunuyoruz. Bu yaz, 36 farkl\u0131 bran\u015fta ve 20 il\u00e7ede modern tesislerimizde spor dolu bir yaz d\u00f6nemi planlad\u0131k. \u2019Yaza Hareketli Giriyoruz\u2019 slogan\u0131yla ba\u015flat\u0131lan bu projeyle, gen\u00e7lerimize hem fiziksel hem zihinsel geli\u015fim imkan\u0131 sunuyoruz.<br \/>\n<\/span><span style=\"font-family: arial, helvetica, sans-serif; font-size: 14px;\">Ayr\u0131ca, 9-15 ya\u015f grubuna y\u00f6nelik GSB Yaz Kul\u00fcb\u00fc ile k\u00fclt\u00fcr, sanat, spor ve g\u00f6n\u00fcll\u00fcl\u00fck alanlar\u0131nda dopdolu etkinlikler ger\u00e7ekle\u015ftirece\u011fiz. T\u00fcm gen\u00e7lerimizi ve ailelerimizi sporun, sanat\u0131n ve k\u00fclt\u00fcrel etkinliklerin bulu\u015fma noktas\u0131 olan tesislerimize bekliyoruz.&#8221; \u015feklinde konu\u015ftu.<\/span><\/p>\n","protected":false},"excerpt":{"rendered":"<p>Gen\u00e7lik ve Spor Bakanl\u0131\u011f\u0131 taraf\u0131ndan her y\u0131l T\u00fcrkiye genelinde d\u00fczenlenen GSB Spor Okullar\u0131 ve GSB Engelsiz Spor Okullar\u0131\u2019n\u0131n a\u00e7\u0131l\u0131\u015f t\u00f6reni,<\/p>\n","protected":false},"author":3,"featured_media":28808,"comment_status":"open","ping_status":"open","sticky":false,"template":"","format":"standard","meta":{"colormag_page_container_layout":"default_layout","colormag_page_sidebar_layout":"default_layout","footnotes":""},"categories":[1,5,8],"tags":[],"class_list":["post-28807","post","type-post","status-publish","format-standard","has-post-thumbnail","hentry","category-genel","category-gundem","category-siyaset"],"_links":{"self":[{"href":"https:\/\/marmarayerelhizmet.com\/index.php\/wp-json\/wp\/v2\/posts\/28807","targetHints":{"allow":["GET"]}}],"collection":[{"href":"https:\/\/marmarayerelhizmet.com\/index.php\/wp-json\/wp\/v2\/posts"}],"about":[{"href":"https:\/\/marmarayerelhizmet.com\/index.php\/wp-json\/wp\/v2\/types\/post"}],"author":[{"embeddable":true,"href":"https:\/\/marmarayerelhizmet.com\/index.php\/wp-json\/wp\/v2\/users\/3"}],"replies":[{"embeddable":true,"href":"https:\/\/marmarayerelhizmet.com\/index.php\/wp-json\/wp\/v2\/comments?post=28807"}],"version-history":[{"count":0,"href":"https:\/\/marmarayerelhizmet.com\/index.php\/wp-json\/wp\/v2\/posts\/28807\/revisions"}],"wp:featuredmedia":[{"embeddable":true,"href":"https:\/\/marmarayerelhizmet.com\/index.php\/wp-json\/wp\/v2\/media\/28808"}],"wp:attachment":[{"href":"https:\/\/marmarayerelhizmet.com\/index.php\/wp-json\/wp\/v2\/media?parent=28807"}],"wp:term":[{"taxonomy":"category","embeddable":true,"href":"https:\/\/marmarayerelhizmet.com\/index.php\/wp-json\/wp\/v2\/categories?post=28807"},{"taxonomy":"post_tag","embeddable":true,"href":"https:\/\/marmarayerelhizmet.com\/index.php\/wp-json\/wp\/v2\/tags?post=28807"}],"curies":[{"name":"wp","href":"https:\/\/api.w.org\/{rel}","templated":true}]}}