{"id":28792,"date":"2025-07-10T00:00:53","date_gmt":"2025-07-09T21:00:53","guid":{"rendered":"https:\/\/marmarayerelhizmet.com\/?p=28792"},"modified":"2025-07-08T18:01:04","modified_gmt":"2025-07-08T15:01:04","slug":"baskan-akinin-vizyonu-tatilcilerden-tam-not-aldi","status":"publish","type":"post","link":"https:\/\/marmarayerelhizmet.com\/index.php\/2025\/07\/10\/baskan-akinin-vizyonu-tatilcilerden-tam-not-aldi\/","title":{"rendered":"Ba\u015fkan Ak\u0131n\u2019\u0131n Vizyonu Tatilcilerden Tam Not Ald\u0131"},"content":{"rendered":"<p><strong><span style=\"font-family: arial, helvetica, sans-serif; font-size: 14px;\">Turizm sezonunda vatanda\u015flar\u0131n temiz ve sa\u011fl\u0131kl\u0131 plajlarda denizin keyfini \u00e7\u0131karabilmesi i\u00e7in t\u00fcm imk\u00e2nlar\u0131 seferber eden Bal\u0131kesir B\u00fcy\u00fck\u015fehir Belediye Ba\u015fkan\u0131 Ahmet Ak\u0131n\u2019\u0131n vizyonuyla il genelinde 48, Bal\u0131kesir B\u00fcy\u00fck\u015fehir Belediyesi b\u00fcnyesindeki 22 Mavi Bayrakl\u0131 plajda B\u00fcy\u00fck\u015fehir Belediyesi\u2019nin \u00e7al\u0131\u015fmalar\u0131 tatilcilerden tam not ald\u0131.<\/span><\/strong><\/p>\n<p><span style=\"font-family: arial, helvetica, sans-serif; font-size: 14px;\">Do\u011fal g\u00fczellikleri ve e\u015fsiz co\u011frafyas\u0131yla her y\u0131l \u00e7ok say\u0131da yerli ve yabanc\u0131 turisti a\u011f\u0131rlayan kentte sahilleri yaza haz\u0131rlayan Bal\u0131kesir B\u00fcy\u00fck\u015fehir Belediyesi, cankurtaran hizmetinden sahil d\u00fczenlemesine, \u00e7evre temizli\u011finden bak\u0131m ve onar\u0131ma kadar her alanda hummal\u0131 bir \u00e7al\u0131\u015fma ger\u00e7ekle\u015ftiriyor. \u015eehrin turizm potansiyelini art\u0131rmak i\u00e7in s\u00fcrd\u00fcr\u00fclebilir \u00e7evreci projeleri art\u0131ran Bal\u0131kesir B\u00fcy\u00fck\u015fehir Belediye Ba\u015fkan\u0131 Ahmet Ak\u0131n liderli\u011finde yaz sezonunda hizmet veren plajlar, tatilcilerin de be\u011fenisini kazand\u0131. \u0130l genelindeki 48, B\u00fcy\u00fck\u015fehir Belediyesi b\u00fcnyesindeki 22 Mavi Bayrakl\u0131 plajda rutin temizlik ve denetim \u00e7al\u0131\u015fmalar\u0131n\u0131 s\u00fcrd\u00fcren B\u00fcy\u00fck\u015fehir Belediyesi ekipleri, halk\u0131n istek ve ihtiya\u00e7lar\u0131na \u00e7\u00f6z\u00fcm \u00fcretmek ad\u0131na 7\/24 g\u00f6rev ba\u015f\u0131nda. D\u00fczenli olarak temizlenen plajlarda, eskiyen du\u015f ve soyunma kabinleri yenilenirken mavi bayrak y\u00f6nlendirme levhalar\u0131n\u0131n da montaj\u0131 tamamlan\u0131yor. Bal\u0131kesir B\u00fcy\u00fck\u015fehir Belediyesi\u2019nin Ayval\u0131k\u2019ta 5, G\u00f6me\u00e7\u2019te 1, Burhaniye\u2019de 3, Edremit\u2019te 7, Erdek\u2019te 4 ve Marmara Adalar\u2019da 2 olmak \u00fczere toplam 22 Mavi Bayrakl\u0131 Plaj\u0131, vatanda\u015flardan da tam not ald\u0131.<\/span><\/p>\n<p><strong><span style=\"font-family: arial, helvetica, sans-serif; font-size: 14px;\">MAV\u0130 BAYRAKTA L\u0130DER \u201cBALIKES\u0130R B\u00dcY\u00dcK\u015eEH\u0130R BELED\u0130YES\u0130\u201d<br \/>\n<\/span><\/strong><span style=\"font-family: arial, helvetica, sans-serif; font-size: 14px;\">Bal\u0131kesir B\u00fcy\u00fck\u015fehir Belediyesi \u00c7evre Koruma ve Kontrol Dairesi Ba\u015fkanl\u0131\u011f\u0131 koordinasyonunda sahillerde ba\u015flayan kapsaml\u0131 temizlik ve bak\u0131m \u00e7al\u0131\u015fmalar\u0131 yaz boyunca devam edecek. Bal\u0131kesir 2025 y\u0131l\u0131nda T\u00fcrkiye\u2019nin en fazla Mavi Bayra\u011fa sahip d\u00f6rd\u00fcnc\u00fc ili olurken Bal\u0131kesir B\u00fcy\u00fck\u015fehir Belediyesi de en fazla Mavi Bayra\u011fa sahip \u015fehir olarak \u00f6nemli bir ba\u015far\u0131 elde etti. Sezon boyunca \u00e7evre bilinci ve fark\u0131ndal\u0131\u011f\u0131n\u0131 art\u0131rmak ad\u0131na \u00e7al\u0131\u015fmalar y\u00fcr\u00fcten Bal\u0131kesir B\u00fcy\u00fck\u015fehir Belediyesi\u2019nin cankurtaranlar\u0131 da vatanda\u015flar\u0131n can g\u00fcvenli\u011fi ve ilk yard\u0131m m\u00fcdahaleleri i\u00e7in plajlarda g\u00f6rev ba\u015f\u0131ndalar.<\/span><\/p>\n<p><strong><span style=\"font-family: arial, helvetica, sans-serif; font-size: 14px;\">\u201cGE\u00c7M\u0130\u015e D\u00d6NEMLERE G\u00d6RE \u00c7ALI\u015eMALAR HAR\u0130KA\u201d<br \/>\n<\/span><\/strong><span style=\"font-family: arial, helvetica, sans-serif; font-size: 14px;\">Ge\u00e7mi\u015f d\u00f6nemlere bak\u0131ld\u0131\u011f\u0131nda plajlardaki \u00e7al\u0131\u015fmalar\u0131n bu y\u0131l \u00e7ok daha iyi oldu\u011funu s\u00f6yleyen Kadir Okay, \u201cEskiye g\u00f6re \u00e7al\u0131\u015fmalar \u00e7ok iyi \u00e7\u00fcnk\u00fc eskiden buras\u0131 \u00e7\u00f6pl\u00fckt\u00fc. Bu hizmetler muazzam yani\u201d diyerek memnuniyetini dile getirdi.<\/span><\/p>\n<p><strong><span style=\"font-family: arial, helvetica, sans-serif; font-size: 14px;\">\u201c\u00c7OK TEM\u0130Z VE D\u00dcZENL\u0130 B\u0130R PLAJ\u201d<br \/>\n<\/span><\/strong><span style=\"font-family: arial, helvetica, sans-serif; font-size: 14px;\">Bal\u0131kesir B\u00fcy\u00fck\u015fehir Belediyesi\u2019nin plajlardaki g\u00f6lgelik, du\u015f ve soyunma kabini gibi uygulamalar\u0131n\u0131 \u00e7ok be\u011fendi\u011fini belirten Melike G\u00f6kt\u00fcrk, \u201cBu plaja ilk kez geliyorum. \u00c7ok temiz ve g\u00fczel g\u00f6rd\u00fcm. Bu haliyle harika bir plaj.\u201d diyerek \u00e7al\u0131\u015fmalardan dolay\u0131 Bal\u0131kesir B\u00fcy\u00fck\u015fehir Belediye Ba\u015fkan\u0131 Ahmet Ak\u0131n\u2019a te\u015fekk\u00fcr etti.<\/span><\/p>\n<p><strong><span style=\"font-family: arial, helvetica, sans-serif; font-size: 14px;\">\u201cBU KADAR G\u00dcZEL B\u0130R SAH\u0130L D\u00dcZENLEMES\u0130 G\u00d6RMED\u0130M\u201d<br \/>\n<\/span><\/strong><span style=\"font-family: arial, helvetica, sans-serif; font-size: 14px;\">Tatil i\u00e7in \u0130stanbul\u2019dan Bal\u0131kesir\u2019e geldi\u011fini ve plajlardaki \u00e7al\u0131\u015fmalar\u0131 \u00e7ok be\u011fendi\u011fini s\u00f6yleyen Metin Tanba\u015f, \u201c\u00d6nce Ak\u00e7ay sonra da Sar\u0131msakl\u0131\u2019ya geldik. Sahile bay\u0131ld\u0131k, d\u00fczenleme \u00e7ok g\u00fczel\u201d s\u00f6zleriyle \u00f6zellikle g\u00f6lgelik, du\u015f ve soyunma kabinlerinin yap\u0131lmas\u0131ndan memnuniyet duydu\u011funu s\u00f6yledi. Tanba\u015f, \u201cBen tatil i\u00e7in \u00e7ok fazla yere gittim. Antalya\u2019ya da ba\u015fka yere de gittim ama Bal\u0131kesir\u2019in plajlar\u0131n\u0131n temizli\u011fi bir ba\u015fka. Ben b\u00f6yle bir sahil d\u00fczenlemesini \u015fu ana kadar hi\u00e7 g\u00f6rmedim. Modern ve \u00e7ok g\u00fczel bir \u00e7al\u0131\u015fma olmu\u015f.\u201d diyerek Ba\u015fkan Ak\u0131n\u2019a te\u015fekk\u00fcrlerini sundu.<\/span><\/p>\n","protected":false},"excerpt":{"rendered":"<p>Turizm sezonunda vatanda\u015flar\u0131n temiz ve sa\u011fl\u0131kl\u0131 plajlarda denizin keyfini \u00e7\u0131karabilmesi i\u00e7in t\u00fcm imk\u00e2nlar\u0131 seferber eden Bal\u0131kesir B\u00fcy\u00fck\u015fehir Belediye Ba\u015fkan\u0131 Ahmet<\/p>\n","protected":false},"author":3,"featured_media":28793,"comment_status":"open","ping_status":"open","sticky":false,"template":"","format":"standard","meta":{"colormag_page_container_layout":"default_layout","colormag_page_sidebar_layout":"default_layout","footnotes":""},"categories":[1,5,8],"tags":[],"class_list":["post-28792","post","type-post","status-publish","format-standard","has-post-thumbnail","hentry","category-genel","category-gundem","category-siyaset"],"_links":{"self":[{"href":"https:\/\/marmarayerelhizmet.com\/index.php\/wp-json\/wp\/v2\/posts\/28792","targetHints":{"allow":["GET"]}}],"collection":[{"href":"https:\/\/marmarayerelhizmet.com\/index.php\/wp-json\/wp\/v2\/posts"}],"about":[{"href":"https:\/\/marmarayerelhizmet.com\/index.php\/wp-json\/wp\/v2\/types\/post"}],"author":[{"embeddable":true,"href":"https:\/\/marmarayerelhizmet.com\/index.php\/wp-json\/wp\/v2\/users\/3"}],"replies":[{"embeddable":true,"href":"https:\/\/marmarayerelhizmet.com\/index.php\/wp-json\/wp\/v2\/comments?post=28792"}],"version-history":[{"count":0,"href":"https:\/\/marmarayerelhizmet.com\/index.php\/wp-json\/wp\/v2\/posts\/28792\/revisions"}],"wp:featuredmedia":[{"embeddable":true,"href":"https:\/\/marmarayerelhizmet.com\/index.php\/wp-json\/wp\/v2\/media\/28793"}],"wp:attachment":[{"href":"https:\/\/marmarayerelhizmet.com\/index.php\/wp-json\/wp\/v2\/media?parent=28792"}],"wp:term":[{"taxonomy":"category","embeddable":true,"href":"https:\/\/marmarayerelhizmet.com\/index.php\/wp-json\/wp\/v2\/categories?post=28792"},{"taxonomy":"post_tag","embeddable":true,"href":"https:\/\/marmarayerelhizmet.com\/index.php\/wp-json\/wp\/v2\/tags?post=28792"}],"curies":[{"name":"wp","href":"https:\/\/api.w.org\/{rel}","templated":true}]}}