{"id":28785,"date":"2025-07-08T17:57:46","date_gmt":"2025-07-08T14:57:46","guid":{"rendered":"https:\/\/marmarayerelhizmet.com\/?p=28785"},"modified":"2025-07-08T17:57:46","modified_gmt":"2025-07-08T14:57:46","slug":"altieylulde-ornek-dayanisma","status":"publish","type":"post","link":"https:\/\/marmarayerelhizmet.com\/index.php\/2025\/07\/08\/altieylulde-ornek-dayanisma\/","title":{"rendered":"Alt\u0131eyl\u00fcl&#8217;de \u00d6rnek Dayan\u0131\u015fma"},"content":{"rendered":"<p><strong><span style=\"font-family: arial, helvetica, sans-serif; font-size: 14px;\">Alt\u0131eyl\u00fcl Belediyesi ile T\u00fcrk K\u0131z\u0131lay\u2019\u0131 i\u015f birli\u011finde d\u00fczenlenen \u201cKom\u015funun Kan\u0131nda Hayat Var\u201d projesi kapsam\u0131nda, vatanda\u015flar ve belediye personelleri kan ba\u011f\u0131\u015f\u0131nda bulundu. Alt\u0131eyl\u00fcl Belediye Hizmet Binas\u0131 ile Gazi Mustafa Kemal Atat\u00fcrk Ya\u015fam Kompleksi\u2019nde konu\u015fland\u0131r\u0131lan K\u0131z\u0131lay\u2019a ait mobil kan ba\u011f\u0131\u015f\u0131 ara\u00e7lar\u0131, g\u00fcn boyunca ba\u011f\u0131\u015f\u00e7\u0131lar\u0131 a\u011f\u0131rlad\u0131.<br \/>\n<\/span><\/strong><br \/>\n<span style=\"font-family: arial, helvetica, sans-serif; font-size: 14px;\">Alt\u0131eyl\u00fcl Belediyesi, T\u00fcrk K\u0131z\u0131lay i\u015fbirli\u011fi ile anlaml\u0131 bir sosyal sorumluluk projesine imza att\u0131. Alt\u0131eyl\u00fcl Belediye Hizmet Binas\u0131 ve Gazi Mustafa Kemal Atat\u00fcrk Ya\u015fam Kompleksi&#8217;nde kurulan kan ba\u011f\u0131\u015f\u0131 ara\u00e7lar\u0131nda vatanda\u015flar ve belediye personeli kan ba\u011f\u0131\u015f\u0131nda bulundu Alt\u0131eyl\u00fcl Belediye Ba\u015fkan\u0131 Hakan \u015eehirli ve e\u015fi H\u00fcveyla \u015eehirli de bu anlaml\u0131 projeye kat\u0131larak kan ba\u011f\u0131\u015f\u0131nda bulundu.<\/span><\/p>\n<p><strong><span style=\"font-family: arial, helvetica, sans-serif; font-size: 14px;\">BA\u015eKAN \u015eEH\u0130RL\u0130: KAN BA\u011eI\u015eI TOPLUMSAL SORUMLULUK<\/span><\/strong><br \/>\n<span style=\"font-family: arial, helvetica, sans-serif; font-size: 14px;\">Etkinlik hakk\u0131nda a\u00e7\u0131klamalarda bulunan Alt\u0131eyl\u00fcl Belediye Ba\u015fkan\u0131 Hakan \u015eehirli, &#8220;Kom\u015funun Kan\u0131nda Hayat Var\u201d projesi ile bir kez daha toplumsal dayan\u0131\u015fman\u0131n g\u00fczel bir \u00f6rne\u011fini sergiledik. Kan ba\u011f\u0131\u015f\u0131, sadece bir sa\u011fl\u0131k hizmeti de\u011fil, ayn\u0131 zamanda kom\u015fumuza, hem\u015fehrimize ve t\u00fcm insanl\u0131\u011fa kar\u015f\u0131 en b\u00fcy\u00fck yard\u0131mla\u015fma \u00f6rne\u011fidir&#8221; dedi. Alt\u0131eyl\u00fcl\u2019de sosyal sorumluluk projelerine \u00f6nc\u00fcl\u00fck etmeye devam edeceklerini belirten Ba\u015fkan \u015eehirli, &#8220;Belediye olarak her zaman toplumsal sorumluluk projelerine \u00f6nc\u00fcl\u00fck etmeye devam edece\u011fiz. Bug\u00fcn hem vatanda\u015flar\u0131m\u0131z\u0131n hem de belediye personelimizin g\u00f6sterdi\u011fi bu duyarl\u0131l\u0131k beni \u00e7ok mutlu etti. E\u015fim H\u00fcveyla Han\u0131m ile birlikte biz de bu anlaml\u0131 projeye destek olmak i\u00e7in kan ba\u011f\u0131\u015f\u0131nda bulunduk. Bir \u00fcnite kan ba\u011f\u0131\u015f\u0131 ile \u00fc\u00e7 ki\u015finin hayat\u0131n\u0131 kurtarabiliriz. Bu nedenle vatanda\u015flar\u0131m\u0131z\u0131 d\u00fczenli kan ba\u011f\u0131\u015f\u0131 yapmaya davet ediyoruz. K\u0131z\u0131lay ile bu konuda i\u015fbirli\u011fimiz devam edecek&#8221; dedi. Etkinli\u011fin sonunda ba\u011f\u0131\u015f\u00e7\u0131lara K\u0131z\u0131lay taraf\u0131ndan \u00e7e\u015fitli bilgilendirme bro\u015f\u00fcrleri ile ikramlar da sunuldu. D\u00fczenli kan ba\u011f\u0131\u015f\u00e7\u0131s\u0131 olan Alt\u0131eyl\u00fcl Belediye Ba\u015fkan\u0131 Hakan \u015eehirli\u2019ye K\u0131z\u0131lay taraf\u0131ndan hediye\u00a0takdim\u00a0edildi.<\/span><\/p>\n","protected":false},"excerpt":{"rendered":"<p>Alt\u0131eyl\u00fcl Belediyesi ile T\u00fcrk K\u0131z\u0131lay\u2019\u0131 i\u015f birli\u011finde d\u00fczenlenen \u201cKom\u015funun Kan\u0131nda Hayat Var\u201d projesi kapsam\u0131nda, vatanda\u015flar ve belediye personelleri kan ba\u011f\u0131\u015f\u0131nda<\/p>\n","protected":false},"author":3,"featured_media":28786,"comment_status":"open","ping_status":"open","sticky":false,"template":"","format":"standard","meta":{"colormag_page_container_layout":"default_layout","colormag_page_sidebar_layout":"default_layout","footnotes":""},"categories":[1,5,7,8],"tags":[],"class_list":["post-28785","post","type-post","status-publish","format-standard","has-post-thumbnail","hentry","category-genel","category-gundem","category-saglik","category-siyaset"],"_links":{"self":[{"href":"https:\/\/marmarayerelhizmet.com\/index.php\/wp-json\/wp\/v2\/posts\/28785","targetHints":{"allow":["GET"]}}],"collection":[{"href":"https:\/\/marmarayerelhizmet.com\/index.php\/wp-json\/wp\/v2\/posts"}],"about":[{"href":"https:\/\/marmarayerelhizmet.com\/index.php\/wp-json\/wp\/v2\/types\/post"}],"author":[{"embeddable":true,"href":"https:\/\/marmarayerelhizmet.com\/index.php\/wp-json\/wp\/v2\/users\/3"}],"replies":[{"embeddable":true,"href":"https:\/\/marmarayerelhizmet.com\/index.php\/wp-json\/wp\/v2\/comments?post=28785"}],"version-history":[{"count":0,"href":"https:\/\/marmarayerelhizmet.com\/index.php\/wp-json\/wp\/v2\/posts\/28785\/revisions"}],"wp:featuredmedia":[{"embeddable":true,"href":"https:\/\/marmarayerelhizmet.com\/index.php\/wp-json\/wp\/v2\/media\/28786"}],"wp:attachment":[{"href":"https:\/\/marmarayerelhizmet.com\/index.php\/wp-json\/wp\/v2\/media?parent=28785"}],"wp:term":[{"taxonomy":"category","embeddable":true,"href":"https:\/\/marmarayerelhizmet.com\/index.php\/wp-json\/wp\/v2\/categories?post=28785"},{"taxonomy":"post_tag","embeddable":true,"href":"https:\/\/marmarayerelhizmet.com\/index.php\/wp-json\/wp\/v2\/tags?post=28785"}],"curies":[{"name":"wp","href":"https:\/\/api.w.org\/{rel}","templated":true}]}}