{"id":28782,"date":"2025-07-05T00:00:13","date_gmt":"2025-07-04T21:00:13","guid":{"rendered":"https:\/\/marmarayerelhizmet.com\/?p=28782"},"modified":"2025-07-04T17:22:14","modified_gmt":"2025-07-04T14:22:14","slug":"bereketli-topraklarin-sifali-festivali-kapilarini-acti","status":"publish","type":"post","link":"https:\/\/marmarayerelhizmet.com\/index.php\/2025\/07\/05\/bereketli-topraklarin-sifali-festivali-kapilarini-acti\/","title":{"rendered":"Bereketli Topraklar\u0131n \u015eifal\u0131 Festivali Kap\u0131lar\u0131n\u0131 A\u00e7t\u0131"},"content":{"rendered":"<p><span style=\"font-size: 14px;\"><strong><span style=\"font-family: arial, helvetica, sans-serif;\">Bal\u0131kesir B\u00fcy\u00fck\u015fehir Belediye Ba\u015fkan\u0131 Ahmet Ak\u0131n\u2019\u0131n vizyonuyla uluslararas\u0131 boyuta ta\u015f\u0131nan ve d\u00fcnyan\u0131n d\u00f6rt bir yan\u0131ndan bilim insan\u0131, sekt\u00f6r temsilcileri ile aromaterapi tutkunlar\u0131n\u0131 bulu\u015fturan Uluslararas\u0131 6. Bal\u0131kesir Aromaterapi Festivali g\u00f6rkemli bir a\u00e7\u0131l\u0131\u015fla ba\u015flad\u0131.<\/span><\/strong><\/span><\/p>\n<p><span style=\"font-family: arial, helvetica, sans-serif; font-size: 14px;\">Bal\u0131kesir B\u00fcy\u00fck\u015fehir Belediye Ba\u015fkan\u0131 Ahmet Ak\u0131n\u2019\u0131n bu y\u0131l uluslararas\u0131 boyuta ta\u015f\u0131d\u0131\u011f\u0131 Uluslararas\u0131 6. Bal\u0131kesir Aromaterapi Festivali, g\u00f6rkemli bir t\u00f6renle a\u00e7\u0131ld\u0131. Aromaterapi merakl\u0131lar\u0131n\u0131 bulu\u015fturan ve\u00a0 \u201cD\u00f6rt Element Bir \u00c2lem\u201d temas\u0131yla d\u00fczenlenen festivalin a\u00e7\u0131l\u0131\u015f t\u00f6renine Bal\u0131kesir B\u00fcy\u00fck\u015fehir Belediye Ba\u015fkan\u0131 Ahmet Ak\u0131n ve e\u015fi Arbil Ak\u0131n\u2019\u0131n yan\u0131 s\u0131ra; 25. ve 26. D\u00f6nem CHP Bal\u0131kesir Milletvekili Mehmet T\u00fcm, Birle\u015fmi\u015f Milletler G\u0131da ve Tar\u0131m \u00d6rg\u00fct\u00fc\/ FAO T\u00fcrkiye Temsilcisi Yard\u0131mc\u0131s\u0131 Ay\u015feg\u00fcl Sel\u0131\u015f\u0131k, Ayval\u0131k Belediye Ba\u015fkan\u0131 Mesut Ergin, G\u00f6me\u00e7 Belediye Ba\u015fkan\u0131 Melih Ba\u011fc\u0131, Sava\u015ftepe Belediye Ba\u015fkan\u0131 Ali Koyuncu, \u0130vrindi Belediye Ba\u015fkan\u0131 \u00d6nder Lapanta, Edremit Belediye Ba\u015fkan\u0131 Mehmet Erta\u015f, Burhaniye Belediye Ba\u015fkan Vekili Tar\u0131k Erdil, Burhaniye Belediye Ba\u015fkan Yard\u0131mc\u0131s\u0131 Oktay Erbalaban, Bal\u0131kesir Kent Konseyi Ba\u015fkan\u0131 Sevin\u00e7 Baykan \u00d6zden, BBB Genel Sekreteri Naki \u00c7etin, meclis \u00fcyeleri, yurtd\u0131\u015f\u0131ndan ve yurti\u00e7inden \u00e7ok say\u0131da davetli kat\u0131ld\u0131.\u00a0\u00a0<\/span><\/p>\n<p><span style=\"font-family: arial, helvetica, sans-serif; font-size: 14px;\"><strong>KARNAVAL G\u0130B\u0130 FEST\u0130VAL<br \/>\n<\/strong><\/span><span style=\"font-family: arial, helvetica, sans-serif; font-size: 14px;\">Amerika, Avusturya, Hindistan, H\u0131rvatistan, Rusya, \u0130ngiltere ve Kuzey K\u0131br\u0131s olmak \u00fczere 7 \u00fclkeden ve T\u00fcrkiye\u2019den de 32 farkl\u0131 ilden davetlinin kat\u0131l\u0131m\u0131yla ger\u00e7ekle\u015fen Uluslararas\u0131 6. Bal\u0131kesir Aromaterapi Festivali b\u00fcy\u00fck bir co\u015fkuyla ba\u015flad\u0131. BA\u00c7EM\u2019de \u201cLavanta At\u00f6lyesi\u201d adl\u0131 resim sergisini gezen Bal\u0131kesir B\u00fcy\u00fck\u015fehir Belediye Ba\u015fkan\u0131 Ahmet Ak\u0131n, sonras\u0131nda davetlilerle birlikte BA\u00c7EM\u2019de y\u0131l\u0131n ilk hasad\u0131 olan Hint Fesle\u011feni ve Ayn\u0131sefa hasad\u0131n\u0131 ger\u00e7ekle\u015ftirdi. D\u00fcnyan\u0131n d\u00f6rt bir yan\u0131ndan gelen bilim insanlar\u0131, ara\u015ft\u0131rmac\u0131lar ve sekt\u00f6r profesyonellerini a\u011f\u0131rlayan festivalde Ba\u015fkan Ak\u0131n, \u00d6ren Meydan\u0131\u2019nda kurulan Aromaterapi \u00c7ar\u015f\u0131s\u0131\u2019ndaki stantlar\u0131 ziyaret etti. B\u00f6lgenin e\u015fsiz bitkileri ve aromatik kokular\u0131 e\u015fli\u011finde ger\u00e7ekle\u015fen kortej y\u00fcr\u00fcy\u00fc\u015f\u00fcne kat\u0131lan Ba\u015fkan Ak\u0131n, festival a\u00e7\u0131l\u0131\u015f\u0131n\u0131 ger\u00e7ekle\u015ftirdi.<\/span><\/p>\n<p><span style=\"font-family: arial, helvetica, sans-serif; font-size: 14px;\"><strong>SELI\u015eIK: \u201cAHMET BA\u015eKAN\u2019A FARKINDALI\u011eI <\/strong><\/span><span style=\"font-family: arial, helvetica, sans-serif; font-size: 14px;\"><strong>ARTIRDI\u011eI \u0130\u00c7\u0130N TE\u015eEKK\u00dcR ED\u0130YORUM\u201d<br \/>\n<\/strong><\/span><span style=\"font-family: arial, helvetica, sans-serif; font-size: 14px;\">Birle\u015fmi\u015f Milletler G\u0131da ve Tar\u0131m \u00d6rg\u00fct\u00fc\/ FAO T\u00fcrkiye Temsilcisi\u00a0 Yard\u0131mc\u0131s\u0131 Ay\u015feg\u00fcl Sel\u0131\u015f\u0131k yapt\u0131\u011f\u0131 konu\u015fmas\u0131nda \u015funlar\u0131 s\u00f6yledi:\u00a0 \u201cT\u0131bbi aromatik bitkiler g\u00fcn\u00fcm\u00fczde \u00e7ok \u00f6nemli. T\u00fcrkiye\u2019nin de \u00e7ok \u00f6nemli bir katma de\u011fer varl\u0131\u011f\u0131. Bal\u0131kesir B\u00fcy\u00fck\u015fehir Belediyesi \u00c7ift\u00e7i E\u011fitim Merkezi\u2019nin \u00e7al\u0131\u015fmalar\u0131 da \u00e7ok g\u00fczel. \u00c7ok g\u00fczel bir \u00f6rneksiniz. Ben yap\u0131lan t\u00fcm bu \u00e7al\u0131\u015fmalar\u0131n \u00e7ok \u00f6nemli oldu\u011funu d\u00fc\u015f\u00fcn\u00fcyorum. Bal\u0131kesir B\u00fcy\u00fck\u015fehir Belediye Ba\u015fkan\u0131 Ahmet Ak\u0131n\u2019\u0131 b\u00f6yle g\u00fczel bir festivali d\u00fczenli olarak yap\u0131p herkesin bu konuda fark\u0131ndal\u0131\u011f\u0131n\u0131 art\u0131rd\u0131\u011f\u0131 i\u00e7in de te\u015fekk\u00fcr etmek istiyorum. \u00c7\u00fcnk\u00fc t\u0131bbi aromatik bitkiler hem sa\u011fl\u0131\u011f\u0131m\u0131z i\u00e7in \u00f6nemli hem gelece\u011fimiz i\u00e7in \u00f6nemli.\u201d \u015feklinde konu\u015ftu.<\/span><\/p>\n<p><span style=\"font-family: arial, helvetica, sans-serif; font-size: 14px;\"><strong>\u201c20 \u0130L\u00c7EM\u0130Z\u0130N HEPS\u0130 AYRI G\u00dcZEL\u201d<br \/>\n<\/strong><\/span><span style=\"font-family: arial, helvetica, sans-serif; font-size: 14px;\">E\u015fsiz do\u011fas\u0131 ve zengin co\u011frafyas\u0131yla Bal\u0131kesir\u2019in benzersiz bir \u015fehir oldu\u011funu s\u00f6yleyen Bal\u0131kesir B\u00fcy\u00fck\u015fehir Belediye Ba\u015fkan\u0131 Ahmet Ak\u0131n \u201cBal\u0131kesir\u2019imiz \u00e7ok b\u00fcy\u00fck bir co\u011frafyaya sahip. 20 il\u00e7emizin hepsinin ayr\u0131 g\u00fczellikleriyle ger\u00e7ekten T\u00fcrkiye\u2019nin bir modeli gibi. Farkl\u0131l\u0131klar\u0131 olan ve farkl\u0131l\u0131klar\u0131yla zenginle\u015fmeyi bilen bir yer Bal\u0131kesir. Bal\u0131kesir\u2019imiz Kuvay\u0131milliye \u015fehridir. \u0130lk kur\u015funun ve son kur\u015funun at\u0131ld\u0131\u011f\u0131 yerdir. Onun i\u00e7in Bal\u0131kesir\u2019de birlik, beraberlik esast\u0131r. Bizler de bu birli\u011fi, beraberli\u011fi b\u00fcy\u00fctmek i\u00e7in b\u00fct\u00fcn belediye ba\u015fkanlar\u0131mla birlikte tam bir isti\u015fare halinde \u00e7al\u0131\u015fmalar\u0131m\u0131za devam ediyoruz.\u201d dedi.<\/span><\/p>\n<p><span style=\"font-family: arial, helvetica, sans-serif; font-size: 14px;\"><strong>\u201cTOPRAK \u00dcRET\u0130R, SU ARINDIRIR, <\/strong><\/span><span style=\"font-family: arial, helvetica, sans-serif; font-size: 14px;\"><strong>ATE\u015e D\u00d6N\u00dc\u015eT\u00dcR\u00dcR, HAVA CAN VER\u0130R\u201d<br \/>\n<\/strong><\/span><span style=\"font-family: arial, helvetica, sans-serif; font-size: 14px;\">\u201cKuzey Ege\u2019nin esintisiyle, Kazda\u011flar\u0131 ve Madra Da\u011flar\u0131n\u0131n eteklerinde, \u00d6ren\u2019in me\u015fe a\u011fa\u00e7lar\u0131n\u0131n g\u00f6lgesinde Uluslararas\u0131 6. Bal\u0131kesir Aromaterapi Festivalimizin a\u00e7\u0131l\u0131\u015f\u0131n\u0131 ger\u00e7ekle\u015ftiriyoruz.\u201d diyen Ak\u0131n s\u00f6zlerini \u015f\u00f6yle s\u00fcrd\u00fcrd\u00fc; \u201cTarih, \u015fifa ve k\u00fclt\u00fcr\u00fcn birle\u015fti\u011fi Uluslararas\u0131 6. Bal\u0131kesir Aromaterapi Festivalimizi, bu y\u0131l \u201cD\u00f6rt element, bir \u00e2lem\u201d temas\u0131yla ger\u00e7ekle\u015ftiriyoruz. \u00c7\u00fcnk\u00fc biz inan\u0131yoruz ki toprak \u00fcretir, su ar\u0131nd\u0131r\u0131r, ate\u015f d\u00f6n\u00fc\u015ft\u00fcr\u00fcr, hava can verir; t\u0131pk\u0131 Aromaterapi gibi, t\u0131pk\u0131 Bal\u0131kesir\u2019imiz gibi\u2026 Bal\u0131kesir \u015fifad\u0131r, Bal\u0131kesir huzurdur, Bal\u0131kesir birliktir, Bal\u0131kesir g\u00fczelliktir.\u201d<\/span><\/p>\n<p><span style=\"font-family: arial, helvetica, sans-serif; font-size: 14px;\"><strong>\u201cT\u00dcRK\u0130YE\u2019N\u0130N TEK AROMATERAP\u0130 FEST\u0130VAL\u0130\u201d<br \/>\n<\/strong><\/span><span style=\"font-family: arial, helvetica, sans-serif; font-size: 14px;\">T\u00fcrkiye\u2019ye \u00f6rnek bir festivali uluslararas\u0131 d\u00fczeyde ger\u00e7ekle\u015ftirdiklerini s\u00f6yleyen Ak\u0131n, \u201cBal\u0131kesir\u2019imiz, d\u00fcnyan\u0131n oksijen deposu Kazda\u011flar\u0131n\u0131n evi, t\u0131bbi ve aromatik bitkilerin topra\u011f\u0131d\u0131r. Biz de topra\u011f\u0131m\u0131za kar\u015f\u0131 vefam\u0131z\u0131 bu g\u00fczel festivali lay\u0131k\u0131yla ger\u00e7ekle\u015ftirerek g\u00f6steriyoruz. \u00dclkemizde tek olan festivalimizin daha etkili olmas\u0131 i\u00e7in bu y\u0131l ilk defa Aromaterapi\u2019yi uluslararas\u0131 d\u00fczenliyoruz. Kuzey K\u0131br\u0131s T\u00fcrk Cumhuriyeti, Amerika Birle\u015fik Devletleri, Hindistan, \u0130ngiltere ve Rusya\u2019dan gelen konuklar\u0131m\u0131z bilgilerini bizlerle payla\u015facaklar. Burada de\u011ferli bilim insanlar\u0131, de\u011ferli \u00fcreticiler yurtd\u0131\u015f\u0131ndaki o deneyimlerini bizlerle payla\u015facaklar. Bal\u0131kesir\u2019imizi d\u00fcnya \u00e7a\u011f\u0131nda tan\u0131tacak ve parlatacak ad\u0131m ve bunu \u00e7ok \u00f6nemsiyoruz. Festivaller birka\u00e7 stant ve m\u00fczik dinletisinden ibaret olmamal\u0131d\u0131r.. Festivaller bir kentin k\u00fclt\u00fcr\u00fcd\u00fcr, sembol\u00fcd\u00fcr, d\u00fcnyaya a\u00e7\u0131lan kap\u0131s\u0131d\u0131r\u2026 Bu \u015fekilde T\u00fcrkiye\u2019de bir model olan BA\u00c7EM\u2019i de d\u00fcnyaya tan\u0131tm\u0131\u015f oluyoruz.\u201d ifadelerini kulland\u0131.<\/span><\/p>\n<p><span style=\"font-family: arial, helvetica, sans-serif; font-size: 14px;\"><strong>\u201cBU \u015e\u0130FAYI D\u00dcNYAYA YAYMAYI HEDEFL\u0130YORUZ\u201d<br \/>\n<\/strong><\/span><span style=\"font-family: arial, helvetica, sans-serif; font-size: 14px;\">T\u0131bbi ve aromatik bitkilerin katma de\u011ferinin art\u0131r\u0131lmas\u0131n\u0131n \u00f6nemine de\u011finen Ak\u0131n \u201cBunun bir de ticari a\u011f\u0131 eksik. Bunun ticari a\u011f\u0131yla ilgili Sevgili E\u015fim Arbil Ak\u0131n\u2019\u0131n \u00f6nderli\u011finde, aromaterapiye g\u00f6n\u00fcl veren bilim insanlar\u0131yla bir araya geldik. Ulusal ve uluslararas\u0131 ticaret a\u011flar\u0131yla bir araya geldik ve yeni bir modelle bunu hayata ge\u00e7iriyoruz. Ger\u00e7ekten \u00e7ok \u015fifal\u0131 bitkilerimiz var. Bu \u015fifay\u0131 sadece Bal\u0131kesir\u2019imizde tutmak bence b\u00fcy\u00fck bir bencillik. Bu \u015fifay\u0131 hem d\u00fcnyaya yaymak hem de \u00fclkemize yaymak i\u00e7in biz de B\u00fcy\u00fck\u015fehir Belediyesi olarak il\u00e7e belediye ba\u015fkanlar\u0131m\u0131zla hep birlikte bu konuyla ilgili bir sistem olu\u015fturduk. Bu sistem \u015fu anda T\u00fcrkiye\u2019de tek. Bununla vatanda\u015flar\u0131m\u0131z \u00e7ok rahat bir \u015fekilde ula\u015fabilecekler ve bu \u015fifadan kendileri de yararlanabilecek. Sadece vatanda\u015flar\u0131m\u0131z de\u011fil bununla ilgili ticaret yapan \u015firketler, uluslararas\u0131 ihracat yapan kurumlar da bundan faydalanabilecek.\u201d dedi.<\/span><\/p>\n<p><span style=\"font-family: arial, helvetica, sans-serif; font-size: 14px;\"><strong>\u201cBALIKES\u0130R\u2019\u0130N KAD\u0130M B\u0130LGEL\u0130\u011e\u0130N\u0130 D\u00dcNYAYLA PAYLA\u015eACA\u011eIZ\u201d<br \/>\n<\/strong><\/span><span style=\"font-family: arial, helvetica, sans-serif; font-size: 14px;\">D\u00fcnyan\u0131n d\u00f6rt bir yan\u0131ndan gelen bilim insanlar\u0131 ve sekt\u00f6r temsilcilerini Bal\u0131kesir\u2019de a\u011f\u0131rlamaktan mutluluk duydu\u011funu dile getiren Ak\u0131n \u201cAromaterapi Festivalimiz boyunca burada, Bal\u0131kesir\u2019imizin do\u011fal g\u00fczelliklerini, il\u00e7elerimizin de\u011ferlerini, zeytini, zeytinya\u011f\u0131n\u0131, sanat\u0131, k\u00fclt\u00fcr\u00fc ve Bal\u0131kesir\u2019in kadim bilgeli\u011fini d\u00fcnya ile payla\u015faca\u011f\u0131z. Ulusal ve uluslararas\u0131 d\u00fczeyde seminerlerin yan\u0131 s\u0131ra \u00d6ren Meydan\u2019da ve BA\u00c7EM\u2019de 200\u2019\u00fcn \u00fczerinde fazla kat\u0131l\u0131mc\u0131 stantlar\u0131m\u0131z, at\u00f6lyelerimiz ve sergilerimiz olacak; b\u00fcy\u00fck\u015fehir belediyelerimizin ve il\u00e7e belediyelerimizin stantlar\u0131 olacak. T\u00fcrkiye\u2019nin en \u00f6zg\u00fcn, en \u015fifal\u0131 Aromaterapi \u00c7ar\u015f\u0131s\u0131 ile \u00d6ren, d\u00f6rt g\u00fcn boyunca ya\u015fayan bir do\u011fa ve k\u00fclt\u00fcr sahnesi olacak. \u015eimdiden herkese bol \u015fifal\u0131, ho\u015f kokulu ve e\u011flenceli bir festival diliyorum.\u201d diyerek festivali her ge\u00e7en g\u00fcn daha da co\u015fkulu bir \u015fekilde hayata ge\u00e7ireceklerini dile getirdi. Bal\u0131kesir B\u00fcy\u00fck\u015fehir Belediye Bandosu\u2019nun \u015fark\u0131lar\u0131 ve mar\u015flar\u0131yla renklenen festivale 7\u2019den 70\u2019e vatanda\u015flar yo\u011fun ilgi g\u00f6sterdi.<\/span><\/p>\n","protected":false},"excerpt":{"rendered":"<p>Bal\u0131kesir B\u00fcy\u00fck\u015fehir Belediye Ba\u015fkan\u0131 Ahmet Ak\u0131n\u2019\u0131n vizyonuyla uluslararas\u0131 boyuta ta\u015f\u0131nan ve d\u00fcnyan\u0131n d\u00f6rt bir yan\u0131ndan bilim insan\u0131, sekt\u00f6r temsilcileri ile<\/p>\n","protected":false},"author":3,"featured_media":28783,"comment_status":"open","ping_status":"open","sticky":false,"template":"","format":"standard","meta":{"colormag_page_container_layout":"default_layout","colormag_page_sidebar_layout":"default_layout","footnotes":""},"categories":[1,5,8],"tags":[],"class_list":["post-28782","post","type-post","status-publish","format-standard","has-post-thumbnail","hentry","category-genel","category-gundem","category-siyaset"],"_links":{"self":[{"href":"https:\/\/marmarayerelhizmet.com\/index.php\/wp-json\/wp\/v2\/posts\/28782","targetHints":{"allow":["GET"]}}],"collection":[{"href":"https:\/\/marmarayerelhizmet.com\/index.php\/wp-json\/wp\/v2\/posts"}],"about":[{"href":"https:\/\/marmarayerelhizmet.com\/index.php\/wp-json\/wp\/v2\/types\/post"}],"author":[{"embeddable":true,"href":"https:\/\/marmarayerelhizmet.com\/index.php\/wp-json\/wp\/v2\/users\/3"}],"replies":[{"embeddable":true,"href":"https:\/\/marmarayerelhizmet.com\/index.php\/wp-json\/wp\/v2\/comments?post=28782"}],"version-history":[{"count":0,"href":"https:\/\/marmarayerelhizmet.com\/index.php\/wp-json\/wp\/v2\/posts\/28782\/revisions"}],"wp:featuredmedia":[{"embeddable":true,"href":"https:\/\/marmarayerelhizmet.com\/index.php\/wp-json\/wp\/v2\/media\/28783"}],"wp:attachment":[{"href":"https:\/\/marmarayerelhizmet.com\/index.php\/wp-json\/wp\/v2\/media?parent=28782"}],"wp:term":[{"taxonomy":"category","embeddable":true,"href":"https:\/\/marmarayerelhizmet.com\/index.php\/wp-json\/wp\/v2\/categories?post=28782"},{"taxonomy":"post_tag","embeddable":true,"href":"https:\/\/marmarayerelhizmet.com\/index.php\/wp-json\/wp\/v2\/tags?post=28782"}],"curies":[{"name":"wp","href":"https:\/\/api.w.org\/{rel}","templated":true}]}}