{"id":28779,"date":"2025-07-02T17:58:50","date_gmt":"2025-07-02T14:58:50","guid":{"rendered":"https:\/\/marmarayerelhizmet.com\/?p=28779"},"modified":"2025-07-02T17:58:50","modified_gmt":"2025-07-02T14:58:50","slug":"buyuksehirden-trafik-hamlesi","status":"publish","type":"post","link":"https:\/\/marmarayerelhizmet.com\/index.php\/2025\/07\/02\/buyuksehirden-trafik-hamlesi\/","title":{"rendered":"B\u00fcy\u00fck\u015fehir&#8217;den Trafik Hamlesi"},"content":{"rendered":"<div class=\"tg-post\">\n<article id=\"post-43527\" class=\"post-43527 post type-post status-publish format-standard has-post-thumbnail hentry category-genel category-ilceler category-siyaset\">\n<div class=\"cm-post-content\">\n<div class=\"cm-entry-summary\">\n<p><span style=\"font-family: arial, helvetica, sans-serif; font-size: 14px;\"><strong>Bal\u0131kesir B\u00fcy\u00fck\u015fehir Belediye Ba\u015fkan\u0131 Ahmet Ak\u0131n, kent genelinde trafik sorununun ya\u015fand\u0131\u011f\u0131 b\u00f6lgelerde yapt\u0131\u011f\u0131 \u00e7al\u0131\u015fmalarla s\u00fcr\u00fcc\u00fclerin ve yayalar\u0131n hayat\u0131n\u0131 kolayla\u015ft\u0131r\u0131yor. Bu kapsamda Ba\u015fkan Ak\u0131n\u2019\u0131n talimatlar\u0131yla G\u00fcm\u00fc\u015f\u00e7e\u015fme Mahallesi 339. Sokak \u00fczerinde bulunan bord\u00fcr\u00fc, Aquapark \u00f6n\u00fcne kadar uzatan ekipler, kazalar\u0131n da ya\u015fand\u0131\u011f\u0131 b\u00f6lgede ara\u00e7 ge\u00e7i\u015fini kolayla\u015ft\u0131rmay\u0131 hedefliyor.<\/strong><\/span><\/p>\n<p><span style=\"font-family: arial, helvetica, sans-serif; font-size: 14px;\">Kent genelinde modern ve konforlu yollar olu\u015fturan Bal\u0131kesir B\u00fcy\u00fck\u015fehir Belediye Ba\u015fkan\u0131 Ahmet Ak\u0131n, \u015fehir i\u00e7i trafi\u011fi rahatlatmak amac\u0131yla \u00f6nemli \u00e7al\u0131\u015fmalara imza at\u0131yor. \u00d6zellikle trafik kazalar\u0131n\u0131n yo\u011fun olarak ya\u015fand\u0131\u011f\u0131 b\u00f6lgelerde uzman g\u00f6r\u00fc\u015flerine de dayanarak alternatifler olu\u015fturan Bal\u0131kesir B\u00fcy\u00fck\u015fehir Belediyesi, Alt\u0131eyl\u00fcl il\u00e7esine ba\u011fl\u0131 G\u00fcm\u00fc\u015f\u00e7e\u015fme Mahallesi\u2019ndeki 339. Sokakta bulunan bord\u00fcr\u00fc, trafik yard\u0131mc\u0131 malzemeleriyle Aquapark \u00f6n\u00fcne kadar uzatt\u0131. Bal\u0131kesir B\u00fcy\u00fck\u015fehir Belediyesi Ula\u015f\u0131m Planlama Rayl\u0131 Sistemler Dairesi Ba\u015fkanl\u0131\u011f\u0131 koordinesinde yap\u0131lan \u00e7al\u0131\u015fmayla birlikte Avlu Ya\u015fam ve Kongre Merkezi\u2019ndeki trafik yo\u011funlu\u011funun azalt\u0131lmas\u0131 ve b\u00f6lgede ya\u015fanan trafik kazalar\u0131n\u0131n da \u00f6n\u00fcne ge\u00e7ilmesi hedefleniyor.<\/span><\/p>\n<p><span style=\"font-family: arial, helvetica, sans-serif; font-size: 14px;\"><strong>PA\u015eAALANI VE ALTIEYL\u00dcL \u0130ST\u0130KAMETLER\u0130NE ULA\u015eIM KOLAYLA\u015eTI<br \/>\n<\/strong>Bal\u0131kesir \u0130l Emniyet M\u00fcd\u00fcrl\u00fc\u011f\u00fc Kav\u015fa\u011f\u0131\u2019ndan ve A\u011f\u0131r Bak\u0131m Kav\u015fa\u011f\u0131\u2019ndan gelen ara\u00e7lar\u0131n, Avlu Ya\u015fam ve Kongre Merkezi\u2019nden \u00e7\u0131k\u0131\u015f yapacak ara\u00e7lara ge\u00e7i\u015f izni vermemesi ve \u00e7ok say\u0131da trafik kazas\u0131na sebep olmas\u0131 nedeniyle, 339. Sokak \u00fczerinde bulunan bord\u00fcr, trafik yard\u0131mc\u0131 malzemeleri vas\u0131tas\u0131yla Aquapark \u00f6n\u00fcne kadar uzat\u0131ld\u0131. Bu uygulamayla birlikte Avlu\u2019dan \u00e7\u0131k\u0131\u015f yap\u0131p Pa\u015faalan\u0131 Mahallesi istikametine gidecek olan ara\u00e7lar Aquapark istikametinde Alparslan T\u00fcrke\u015f Spor Kompleksi\u2019nin \u00e7evresinden Emniyet Kav\u015fa\u011f\u0131\u2019na gidecekler. Ayn\u0131 zamanda Alt\u0131eyl\u00fcl il\u00e7esi istikametinden Avlu\u2019ya gelen ara\u00e7lar Emniyet Kav\u015fa\u011f\u0131\u2019ndan d\u00f6n\u00fc\u015f yaparak Avlu Ya\u015fam ve Kongre Merkezi\u2019ne giri\u015f yapabilecekler. Bu sayede trafik \u00f6nemli \u00f6l\u00e7\u00fcde g\u00fcvenli hale getirilip, ara\u00e7 ge\u00e7i\u015fleri sa\u011flanacak. \u00d6n\u00fcm\u00fczdeki g\u00fcnlerde bord\u00fcr imalat\u0131n\u0131n da tamamlanmas\u0131yla trafik d\u00fczenlemeleri de devam edecek.<\/span><\/p>\n<p><span style=\"font-family: arial, helvetica, sans-serif; font-size: 14px;\"><strong>\u201c\u0130LERLEYEN ZAMANLARDA SAB\u0130T B\u0130R UYGULAMA YAPACA\u011eIZ\u201d<br \/>\n<\/strong>Uygulaman\u0131n s\u00fcr\u00fcc\u00fclere ve yayalara sa\u011flad\u0131\u011f\u0131 avantajlardan bahseden Bal\u0131kesir B\u00fcy\u00fck\u015fehir Belediyesi Trafik Hizmetleri \u015eube M\u00fcd\u00fcr Vekili Bur\u00e7in B\u00f6l\u00fckler, \u201cG\u00fcm\u00fc\u015f\u00e7e\u015fme Mahallesi 339. Sokakta, Avlu Kongre ve K\u00fclt\u00fcr Merkezi\u2019nin giri\u015f noktas\u0131nda s\u00fcr\u00fcc\u00fclerin giri\u015f \u00e7\u0131k\u0131\u015flar\u0131nda \u00e7ok fazla kar\u0131\u015f\u0131kl\u0131k olu\u015fuyordu. Emniyet Kav\u015fa\u011f\u0131 ve alt k\u0131s\u0131mdaki kav\u015faktan gelen ara\u00e7larla beraber Avlu\u2019dan \u00e7\u0131k\u0131\u015f yapacak vatanda\u015flar\u0131m\u0131z zorluk ya\u015f\u0131yorlard\u0131. Burada bir\u00e7ok trafik kazas\u0131na da \u015fahit olduk. Bu uygulamayla birlikte kar\u015f\u0131dan kar\u015f\u0131ya ge\u00e7i\u015fleri s\u0131n\u0131rlam\u0131\u015f olduk. Pa\u015faalan\u0131 Mahallesi\u2019ne gidecek istikamette Avlu\u2019dan \u00e7\u0131k\u0131\u015f yapacak olan vatanda\u015flar, Alparslan T\u00fcrke\u015f Spor Kompleksi\u2019ni dola\u015farak ayn\u0131 istikamete gidecekler, Alt\u0131eyl\u00fcl il\u00e7esi istikametine gidecekler de \u00e7\u0131k\u0131\u015f yapt\u0131ktan sonra A\u011f\u0131r Bak\u0131m Kav\u015fa\u011f\u0131\u2019ndan k\u00f6pr\u00fcy\u00fc kullanarak ge\u00e7mi\u015f olacaklar. Burada ilerleyen zamanlarda sabit bir uygulama yapaca\u011f\u0131z. \u015eu anda trafik yard\u0131mc\u0131 malzemeleriyle buray\u0131 kapatt\u0131k. \u00d6n\u00fcm\u00fczdeki g\u00fcnlerde de sabit bord\u00fcr uygulamas\u0131n\u0131 ger\u00e7ekle\u015ftirmeyi hedefliyoruz. Bu sayede yayalar\u0131m\u0131z\u0131n da kar\u015f\u0131dan kar\u015f\u0131ya ge\u00e7i\u015flerini daha g\u00fcvenli hale getirece\u011fiz.\u201d ifadelerini kulland\u0131.<\/span><\/p>\n<\/div>\n<\/div>\n<\/article>\n<\/div>\n<ul class=\"default-wp-page\">\n<li class=\"previous\"><\/li>\n<\/ul>\n","protected":false},"excerpt":{"rendered":"<p>Bal\u0131kesir B\u00fcy\u00fck\u015fehir Belediye Ba\u015fkan\u0131 Ahmet Ak\u0131n, kent genelinde trafik sorununun ya\u015fand\u0131\u011f\u0131 b\u00f6lgelerde yapt\u0131\u011f\u0131 \u00e7al\u0131\u015fmalarla s\u00fcr\u00fcc\u00fclerin ve yayalar\u0131n hayat\u0131n\u0131 kolayla\u015ft\u0131r\u0131yor. Bu<\/p>\n","protected":false},"author":3,"featured_media":28780,"comment_status":"open","ping_status":"open","sticky":false,"template":"","format":"standard","meta":{"colormag_page_container_layout":"default_layout","colormag_page_sidebar_layout":"default_layout","footnotes":""},"categories":[1],"tags":[],"class_list":["post-28779","post","type-post","status-publish","format-standard","has-post-thumbnail","hentry","category-genel"],"_links":{"self":[{"href":"https:\/\/marmarayerelhizmet.com\/index.php\/wp-json\/wp\/v2\/posts\/28779","targetHints":{"allow":["GET"]}}],"collection":[{"href":"https:\/\/marmarayerelhizmet.com\/index.php\/wp-json\/wp\/v2\/posts"}],"about":[{"href":"https:\/\/marmarayerelhizmet.com\/index.php\/wp-json\/wp\/v2\/types\/post"}],"author":[{"embeddable":true,"href":"https:\/\/marmarayerelhizmet.com\/index.php\/wp-json\/wp\/v2\/users\/3"}],"replies":[{"embeddable":true,"href":"https:\/\/marmarayerelhizmet.com\/index.php\/wp-json\/wp\/v2\/comments?post=28779"}],"version-history":[{"count":0,"href":"https:\/\/marmarayerelhizmet.com\/index.php\/wp-json\/wp\/v2\/posts\/28779\/revisions"}],"wp:featuredmedia":[{"embeddable":true,"href":"https:\/\/marmarayerelhizmet.com\/index.php\/wp-json\/wp\/v2\/media\/28780"}],"wp:attachment":[{"href":"https:\/\/marmarayerelhizmet.com\/index.php\/wp-json\/wp\/v2\/media?parent=28779"}],"wp:term":[{"taxonomy":"category","embeddable":true,"href":"https:\/\/marmarayerelhizmet.com\/index.php\/wp-json\/wp\/v2\/categories?post=28779"},{"taxonomy":"post_tag","embeddable":true,"href":"https:\/\/marmarayerelhizmet.com\/index.php\/wp-json\/wp\/v2\/tags?post=28779"}],"curies":[{"name":"wp","href":"https:\/\/api.w.org\/{rel}","templated":true}]}}