{"id":28776,"date":"2025-07-01T17:59:40","date_gmt":"2025-07-01T14:59:40","guid":{"rendered":"https:\/\/marmarayerelhizmet.com\/?p=28776"},"modified":"2025-07-01T17:59:40","modified_gmt":"2025-07-01T14:59:40","slug":"balikesirde-12-gunde-971-yangin","status":"publish","type":"post","link":"https:\/\/marmarayerelhizmet.com\/index.php\/2025\/07\/01\/balikesirde-12-gunde-971-yangin\/","title":{"rendered":"Bal\u0131kesir&#8217;de 12 G\u00fcnde 971 Yang\u0131n"},"content":{"rendered":"<div class=\"tg-post\">\n<article id=\"post-43504\" class=\"post-43504 post type-post status-publish format-standard has-post-thumbnail hentry category-turizm category-genel category-ilceler category-siyaset\">\n<div class=\"cm-post-content\">\n<div class=\"cm-entry-summary\">\n<p><span style=\"font-family: arial, helvetica, sans-serif; font-size: 14px;\"><strong>Bal\u0131kesir \u0130tfaiye Daire Ba\u015fkanl\u0131\u011f\u0131\u2019na ba\u011fl\u0131 683 personel taraf\u0131ndan son 12 g\u00fcnde meydana gelen 971 yang\u0131n, ba\u015far\u0131l\u0131 m\u00fcdahalelerle k\u0131sa s\u00fcrede s\u00f6nd\u00fcr\u00fcld\u00fc.<\/strong><\/span><\/p>\n<p><span style=\"font-family: arial, helvetica, sans-serif; font-size: 14px;\">Bal\u0131kesir\u2019de son 12 g\u00fcnde meydana gelen yang\u0131nlar, Bal\u0131kesir \u0130tfaiyesi\u2019nin 683 kahraman personeliyle k\u0131sa s\u00fcrede s\u00f6nd\u00fcr\u00fcld\u00fc. Bal\u0131kesir\u2019de son 72 saatte; Bigadi\u00e7, Band\u0131rma, Kepsut, Alt\u0131eyl\u00fcl, Karesi, Sava\u015ftepe, Susurluk, Ayval\u0131k, Burhaniye, Marmara, G\u00f6nen, Havran, Edremit il\u00e7elerindeki k\u0131rsal mahallelerde meydana gelen yang\u0131nlarda toplam 28 noktaya itfaiye ekipleri taraf\u0131ndan m\u00fcdahalede bulunuldu. Yang\u0131nlara an\u0131nda m\u00fcdahale ederek k\u0131sa s\u00fcrede kontrol alt\u0131na al\u0131nmas\u0131 i\u00e7in 682 personel ve 178 modern teknik ara\u00e7larla sahada \u00e7al\u0131\u015fmalar\u0131n\u0131 s\u00fcrd\u00fcren Bal\u0131kesir \u0130tfaiyesi, havadan ve karadan m\u00fcdahalelerle yang\u0131nlar\u0131 kontrol alt\u0131na ald\u0131. \u0130l genelindeki yang\u0131nlar\u0131n yan\u0131 s\u0131ra Bal\u0131kesir B\u00fcy\u00fck\u015fehir Belediyesi, Bursa\u2019n\u0131n Mustafa Kemal Pa\u015fa il\u00e7esindeki kimya fabrikas\u0131nda \u00e7\u0131kan yang\u0131na da 5 itfaiye arac\u0131, 2 motopomp ve 20 personel ile s\u00f6nd\u00fcrme \u00e7al\u0131\u015fmalar\u0131na destek verdi.<\/span><\/p>\n<p><span style=\"font-family: arial, helvetica, sans-serif; font-size: 14px;\"><strong>\u201cEkiplerimiz teyakkuz halinde\u201d<br \/>\n<\/strong>Yaz aylar\u0131nda artan yang\u0131nlar nedeniyle itfaiye ba\u015fta olmak \u00fczere belediyenin t\u00fcm birimlerinin teyakkuz halinde oldu\u011funu s\u00f6yleyen Ba\u015fkan Ahmet Ak\u0131n, \u201c\u015eehrimizde meydana gelen yang\u0131nlardan etkilenen hem\u015fehrilerimize ge\u00e7mi\u015f olsun dileklerimi iletiyor, yang\u0131n s\u00f6nd\u00fcrme \u00e7al\u0131\u015fmalar\u0131n\u0131 y\u00fcr\u00fcten ekiplere kolaylar diliyorum. B\u00f6lgenin en b\u00fcy\u00fck ve T\u00fcrkiye\u2019nin d\u00f6rd\u00fcnc\u00fc b\u00fcy\u00fck itfaiyesi olma hedefine ad\u0131m ad\u0131m ilerleyen g\u00fc\u00e7l\u00fc itfaiye te\u015fkilat\u0131m\u0131z\u0131n kahraman personeli yang\u0131nlar\u0131 s\u00f6nd\u00fcrmek i\u00e7in canla ba\u015fla \u00e7al\u0131\u015f\u0131yor. Belediyemiz, ilgili birimleriyle tecr\u00fcbeli personeli ve tam te\u00e7hizatl\u0131 modern ekipmanlar\u0131yla teyakkuz halinde.\u201d diyerek vatanda\u015flar\u0131n da yang\u0131n risklerine kar\u015f\u0131 duyarl\u0131 olmas\u0131 gerekti\u011fini dile getirdi.<\/span><\/p>\n<p><span style=\"font-family: arial, helvetica, sans-serif; font-size: 14px;\"><strong>Bir ihmal bir felakete d\u00f6n\u00fc\u015febilir<br \/>\n<\/strong>Orman yang\u0131nlar\u0131n\u0131n do\u011fal etkenlerin yan\u0131 s\u0131ra insanlardan kaynakl\u0131 da \u00e7\u0131kabildi\u011fine dikkat \u00e7eken Bal\u0131kesir \u0130tfaiye Daire Ba\u015fkanl\u0131\u011f\u0131, tarla ve bah\u00e7elerde ate\u015f yak\u0131lmamas\u0131 konusunda vatanda\u015flar\u0131 uyard\u0131. \u00d6zellikle \u00fcreticilerin an\u0131z ve kuru otlar\u0131 tutu\u015fturmas\u0131yla alevlerin t\u00fcm araziyi sarabilece\u011fini de s\u00f6yleyen yetkililer, kaynak ve kesim i\u015flerinde k\u0131v\u0131lc\u0131m riskine dikkat edilmesi gerekti\u011fini belirttiler. \u201cBir ihmal, bir felakete d\u00f6n\u00fc\u015febilir\u201d denilerek yap\u0131lan uyar\u0131larda bi\u00e7erd\u00f6ver ve balya makinesi kullan\u0131m\u0131nda dikkatli olunmas\u0131 uyar\u0131s\u0131nda bulunuldu. \u0130zmaritlerin yere at\u0131lmamas\u0131, piknik gibi aktivitelerde ate\u015fe dikkat edilmesi, evden \u00e7\u0131karken elektrik \u015falterinin kapat\u0131lmas\u0131 gerekti\u011fini belirten yetkililer, su ve do\u011falgaz vanalar\u0131n\u0131n kontrol edilmesi konusunda vatanda\u015flar\u0131 uyard\u0131. Trakt\u00f6r arkas\u0131nda su tankeri ve en az iki yang\u0131n t\u00fcp\u00fc bulundurulmas\u0131 \u00e7a\u011fr\u0131s\u0131n\u0131 yapan Bal\u0131kesir \u0130tfaiyesi, vatanda\u015flar\u0131n koku ve duman fark ettikleri anda 112 Acil \u00c7a\u011fr\u0131 Merkezi\u2019ni aramalar\u0131 uyar\u0131s\u0131nda bulundu. \u0130HA<\/span><\/p>\n<\/div>\n<\/div>\n<\/article>\n<\/div>\n<ul class=\"default-wp-page\">\n<li class=\"previous\"><\/li>\n<\/ul>\n","protected":false},"excerpt":{"rendered":"<p>Bal\u0131kesir \u0130tfaiye Daire Ba\u015fkanl\u0131\u011f\u0131\u2019na ba\u011fl\u0131 683 personel taraf\u0131ndan son 12 g\u00fcnde meydana gelen 971 yang\u0131n, ba\u015far\u0131l\u0131 m\u00fcdahalelerle k\u0131sa s\u00fcrede s\u00f6nd\u00fcr\u00fcld\u00fc.<\/p>\n","protected":false},"author":3,"featured_media":28777,"comment_status":"open","ping_status":"open","sticky":false,"template":"","format":"standard","meta":{"colormag_page_container_layout":"default_layout","colormag_page_sidebar_layout":"default_layout","footnotes":""},"categories":[1,5,8],"tags":[],"class_list":["post-28776","post","type-post","status-publish","format-standard","has-post-thumbnail","hentry","category-genel","category-gundem","category-siyaset"],"_links":{"self":[{"href":"https:\/\/marmarayerelhizmet.com\/index.php\/wp-json\/wp\/v2\/posts\/28776","targetHints":{"allow":["GET"]}}],"collection":[{"href":"https:\/\/marmarayerelhizmet.com\/index.php\/wp-json\/wp\/v2\/posts"}],"about":[{"href":"https:\/\/marmarayerelhizmet.com\/index.php\/wp-json\/wp\/v2\/types\/post"}],"author":[{"embeddable":true,"href":"https:\/\/marmarayerelhizmet.com\/index.php\/wp-json\/wp\/v2\/users\/3"}],"replies":[{"embeddable":true,"href":"https:\/\/marmarayerelhizmet.com\/index.php\/wp-json\/wp\/v2\/comments?post=28776"}],"version-history":[{"count":0,"href":"https:\/\/marmarayerelhizmet.com\/index.php\/wp-json\/wp\/v2\/posts\/28776\/revisions"}],"wp:featuredmedia":[{"embeddable":true,"href":"https:\/\/marmarayerelhizmet.com\/index.php\/wp-json\/wp\/v2\/media\/28777"}],"wp:attachment":[{"href":"https:\/\/marmarayerelhizmet.com\/index.php\/wp-json\/wp\/v2\/media?parent=28776"}],"wp:term":[{"taxonomy":"category","embeddable":true,"href":"https:\/\/marmarayerelhizmet.com\/index.php\/wp-json\/wp\/v2\/categories?post=28776"},{"taxonomy":"post_tag","embeddable":true,"href":"https:\/\/marmarayerelhizmet.com\/index.php\/wp-json\/wp\/v2\/tags?post=28776"}],"curies":[{"name":"wp","href":"https:\/\/api.w.org\/{rel}","templated":true}]}}