{"id":28770,"date":"2025-07-02T00:00:14","date_gmt":"2025-07-01T21:00:14","guid":{"rendered":"https:\/\/marmarayerelhizmet.com\/?p=28770"},"modified":"2025-07-01T17:57:14","modified_gmt":"2025-07-01T14:57:14","slug":"balikesirin-en-sifali-festivali","status":"publish","type":"post","link":"https:\/\/marmarayerelhizmet.com\/index.php\/2025\/07\/02\/balikesirin-en-sifali-festivali\/","title":{"rendered":"Bal\u0131kesir\u2019in En \u015eifal\u0131 Festivali"},"content":{"rendered":"<p><strong><span style=\"font-family: arial, helvetica, sans-serif; font-size: 14px;\">Bal\u0131kesir B\u00fcy\u00fck\u015fehir Belediye Ba\u015fkan\u0131 Ahmet Ak\u0131n\u2019\u0131n bu y\u0131l uluslararas\u0131 boyuta ta\u015f\u0131d\u0131\u011f\u0131 Uluslararas\u0131 6. Bal\u0131kesir Aromaterapi Festivali, 7 \u00fclkeden ve 32 \u015fehirden \u00e7ok say\u0131da davetlinin kat\u0131l\u0131m\u0131yla ger\u00e7ekle\u015fecek. \u201cD\u00f6rt Element Bir \u00c2lem\u201d temas\u0131yla d\u00fczenlenecek olan festival, \u015fehrin tan\u0131t\u0131m\u0131na katk\u0131 sa\u011flarken, aromaterapi merakl\u0131lar\u0131n\u0131 da \u015fifa dolu bir yolculu\u011fa \u00e7\u0131karacak.<\/span><\/strong><\/p>\n<p><span style=\"font-family: arial, helvetica, sans-serif; font-size: 14px;\">E\u015fsiz do\u011fas\u0131, benzersiz co\u011frafyas\u0131 ve bereketli topraklar\u0131yla turizmin ve ekolojik tar\u0131m\u0131n \u00f6nemli merkezlerinden olan Bal\u0131kesir\u2019de bu y\u0131l alt\u0131nc\u0131s\u0131 d\u00fczenlenen Aromaterapi Festivali, Bal\u0131kesir B\u00fcy\u00fck\u015fehir Belediye Ba\u015fkan\u0131 Ahmet Ak\u0131n\u2019\u0131n giri\u015fimleriyle uluslararas\u0131 boyuta ta\u015f\u0131nd\u0131. Endemik ve t\u0131bbi aromatik bitli varl\u0131\u011f\u0131 a\u00e7\u0131s\u0131ndan olduk\u00e7a zengin olan Bal\u0131kesir\u2019de 3-6 Temmuz 2025 tarihleri aras\u0131nda Burhaniye\u2019de \u201cD\u00f6rt Element Bir \u00c2lem\u201d temas\u0131yla d\u00fczenlenecek olan Uluslararas\u0131 6. Bal\u0131kesir Aromaterapi Festivali, g\u00f6rkemli bir a\u00e7\u0131l\u0131\u015fla yar\u0131n davetlileri a\u011f\u0131rlamaya ba\u015flayacak. Amerika, Avusturya, Hindistan, H\u0131rvatistan, Rusya, \u0130ngiltere ve Kuzey K\u0131br\u0131s olmak \u00fczere 7 \u00fclkeden kat\u0131l\u0131mc\u0131n\u0131n yer alaca\u011f\u0131 festivalde T\u00fcrkiye\u2019nin 32 \u015fehrinden de davetliler kat\u0131lacak. D\u00fcnyan\u0131n ve T\u00fcrkiye\u2019nin d\u00f6rt bir yan\u0131ndan gelen bilim insanlar\u0131, ara\u015ft\u0131rmac\u0131lar ve sekt\u00f6r profesyonelleri kadim bilgilerle modern bilimin harmanland\u0131\u011f\u0131 festivalde \u015fifa dolu bir yolculu\u011fa \u00e7\u0131kacak. Festivalle ilgili program detaylar\u0131na https:\/\/bacem.com.tr\/storage\/files\/shares\/ProgramAkisi.pdf linki \u00fczerinden ula\u015f\u0131labilecek.<\/span><\/p>\n<p><strong><span style=\"font-family: arial, helvetica, sans-serif; font-size: 14px;\">SEM\u0130NER PROGRAMI \u201cHAVA\u201d TEMASIYLA BA\u015eLIYOR<\/span><\/strong><br \/>\n<span style=\"font-family: arial, helvetica, sans-serif; font-size: 14px;\">Bal\u0131kesir B\u00fcy\u00fck\u015fehir Belediyesi \u00c7ift\u00e7i E\u011fitim Merkezi (BA\u00c7EM) festivalin ilk g\u00fcn\u00fc \u201cHava\u201d temal\u0131 seminer program\u0131na ev sahipli\u011fi yapacak. Festival Koordinat\u00f6r\u00fc ve BA\u00c7EM \u015eube M\u00fcd\u00fcr\u00fc Naz\u0131m Tanr\u0131kulu\u2019nun a\u00e7\u0131l\u0131\u015f konu\u015fmas\u0131yla ba\u015flayacak seminer programlar\u0131nda panelistler Robert Paget ve Soizig Paget Le Guennec, Dr. Ne\u015fe Erdin\u00e7, Dr. Funda Ak\u00e7ay Ko\u00e7, G\u00fcne\u015fin Oya Aydemir, Dr. Rana Baba\u00e7 \u00c7elebi, Dr. Elif Zeynep Balakbabalar ve Dr. Mohammed Faisal M.D (AYU) online ve y\u00fcz y\u00fcze kat\u0131l\u0131mlarla aromaterapinin gizemli d\u00fcnyas\u0131na \u0131\u015f\u0131k tutacak. Seminer ve at\u00f6lyelere kat\u0131lmak isteyen vatanda\u015flar, festival s\u00fcresince her g\u00fcn BA\u00c7EM\u2019de d\u00fczenlenecek olan at\u00f6lye ve seminer programlar\u0131na kontenjanlar d\u00e2hilinde kay\u0131t masalar\u0131nda kay\u0131t olu\u015fturabilecekler.<\/span><\/p>\n<p><strong><span style=\"font-family: arial, helvetica, sans-serif; font-size: 14px;\">FEST\u0130VALE YAKI\u015eIR G\u00d6RKEML\u0130 KORTEJ<\/span><\/strong><br \/>\n<span style=\"font-family: arial, helvetica, sans-serif; font-size: 14px;\">Festivalin ilk g\u00fcn\u00fc \u00f6\u011fleden sonra BA\u00c7EM\u2019de ger\u00e7ekle\u015fecek at\u00f6lyelerde e\u011fitmenler; Derya \u00d6ncel, M\u00fcbeyyen Erol, Sabire Bozku\u015f, Emine Ku\u015f\u00e7ul, Tu\u011f\u00e7e Aydo\u011fdu ve Dilek Mutlut\u00fcrk taraf\u0131ndan \u201cZehirsiz Temizlik At\u00f6lyesi, \u201cEco Print ve \u00c7arpana At\u00f6lyesi\u201d, \u201cTahta Bask\u0131 At\u00f6lyesi\u201d, \u201cHatha Yoga ile Bedenleme At\u00f6lyesi\u201d ve \u201cDo\u011fan Malzemeler ile G\u00fczellik ve Makyaj At\u00f6lyesi\u201d e\u011fitimleri ger\u00e7ekle\u015ftirilecek. At\u00f6lyeler sonras\u0131 Hint Fesle\u011feni ve Limon \u00c7imeni hasad\u0131 yap\u0131lmas\u0131n\u0131n ard\u0131ndan festivale yak\u0131\u015f\u0131r g\u00f6rkemli kortej ile festival a\u00e7\u0131l\u0131\u015f\u0131 ger\u00e7ekle\u015ftirilecek. Ayr\u0131ca \u00fcnl\u00fc ressamlar Dil\u015fad Atasoy, Reyhan Abac\u0131o\u011flu, Sayit G\u00fcm\u00fc\u015fyay ve Latife Ak\u0131n taraf\u0131ndan olu\u015fturulan \u201c4 Element 1 Alem\u201d resim sergisi sanatseverleri a\u011f\u0131rlayacak.<\/span><\/p>\n<p><strong><span style=\"font-family: arial, helvetica, sans-serif; font-size: 14px;\">FEST\u0130VAL \u00c7E\u015e\u0130TL\u0130 ETK\u0130NL\u0130KLERLE RENKLENECEK<\/span><\/strong><br \/>\n<span style=\"font-family: arial, helvetica, sans-serif; font-size: 14px;\">Festivalin ilk g\u00fcn\u00fcnde Burhaniye\u2019nin \u00d6ren Meydan\u0131\u2019nda saat 21.00\u2019de ger\u00e7ekle\u015fecek festival a\u00e7\u0131l\u0131\u015f\u0131n\u0131n ard\u0131ndan \u0130zmir B\u00fcy\u00fck\u015fehir Belediye Bandosu ve Bodoslama m\u00fczik grubu \u00d6ren Sahne\u2019de unutulmaz bir konsere imza atacak. \u00d6ren Amfi Tiyatroda ise ayn\u0131 g\u00fcn saat 21.00\u2019de \u0130zmir B\u00fcy\u00fck\u015fehir Belediyesi \u00dcrkmez Kad\u0131n Tiyatrosu\u2019nun \u201cPi\u015fti\u201d oyunu perde diyecek. 4 Temmuz Cuma g\u00fcn\u00fc festivalin ikinci g\u00fcn\u00fc ise \u00c7ocuk Ritim At\u00f6lyesi benzersiz bir konser ger\u00e7ekle\u015ftirecek. Selluka ve Kehribar m\u00fczik gruplar\u0131n\u0131n ard\u0131ndan \u00fcnl\u00fc caz m\u00fczisyeni Yavuz Dar\u0131dere \u00d6ren Sahne\u2019de m\u00fczikseverlerle bulu\u015facak. Ayn\u0131 g\u00fcn saat 21.00\u2019de ise Manisa B\u00fcy\u00fck\u015fehir Belediye Tiyatrosu\u2019nun \u201cKoca Nasreddin\u201d adl\u0131 oyunu sahnelenecek.<\/span><\/p>\n<p><strong><span style=\"font-family: arial, helvetica, sans-serif; font-size: 14px;\">SANAT VE M\u00dcZ\u0130K B\u0130R ARADA<\/span><\/strong><br \/>\n<span style=\"font-family: arial, helvetica, sans-serif; font-size: 14px;\">5 Temmuz Cumartesi \u00d6ren Meydan\u0131\u2019nda saat 18.00\u2019de ba\u015flayan \u00c7ocuk Zumbas\u0131\u2019n\u0131n ard\u0131ndan Bal\u0131kesir B\u00fcy\u00fck\u015fehir Belediyesi Halk Oyunlar\u0131 Toplulu\u011fu, Celal Toraman Anadolu Lisesi M\u00fczik Grubu ve Bal\u0131kesir Ritim At\u00f6lyesi sahne alacak. \u201cBitkilerle M\u00fczik: Me\u015felerin F\u0131s\u0131lt\u0131s\u0131\u201d adl\u0131 konserin ard\u0131ndan Barr\u0131scello ve M\u00f6sy\u00f6 m\u00fczik gruplar\u0131 m\u00fczikseverlerle bir araya gelecek. \u00d6ren Amfi Tiyatroda ise saat 21.00\u2019de Eski\u015fehir Sui Generis Tiyatro Toplulu\u011funun \u201cA\u00e7\u0131k Denizde\u201d isimli oyunu sahnelenecek. 6 Temmuz Pazar g\u00fcn\u00fc festivalin son g\u00fcn\u00fcnde Burhaniye \u00d6ren Meydan\u0131\u2019nda \u00c7ocuk Karaokesi, Ezgi Abac\u0131, Anastasia ve Ladies First konserleri ger\u00e7ekle\u015fecek. \u00d6ren Amfi Tiyatro\u2019da Bursa B\u00fcy\u00fck\u015fehir Belediyesi Tiyatrosu\u2019nun \u201cAnt\u0131gone\u201d adl\u0131 oyunu tiyatroseverlerle bulu\u015facak.<\/span><\/p>\n<p><strong><span style=\"font-family: arial, helvetica, sans-serif; font-size: 14px;\">SEM\u0130NER PROGRAMININ \u0130K\u0130NC\u0130 OTURUMU \u201cATE\u015e\u201d TEMALI<\/span><\/strong><br \/>\n<span style=\"font-family: arial, helvetica, sans-serif; font-size: 14px;\">Festivalinin ikinci g\u00fcn\u00fcnde 4 Temmuz Cuma g\u00fcn\u00fc BA\u00c7EM E\u011fitim Salonu\u2019nda panelistler; Robert Tisserand, Slobodanka Postic, Prof. Dr. Evrim \u00d6l\u00e7er \u00d6z\u00fcnel, Dr. \u00d6\u011fr. \u00dcy. \u015eeyma Ulusoy, Ar. G\u00f6r. Dr. Ebrar \u0130nal, Prof. Dr. Murat Kartal, Anna Drobina, Ecz. Zeynep Cans\u0131n Geli\u015fli, Dr. F\u00fcsun Tezcan, Prof. Dr. Serdar Tezcan ve \u00d6ktem Aykut taraf\u0131ndan \u201cAte\u015f\u201d temal\u0131 oturumda online ve y\u00fcz y\u00fcze kat\u0131l\u0131mlarla u\u00e7ucu ya\u011flar, \u015fifal\u0131 bitkiler ve s\u00fcrd\u00fcr\u00fclebilir turizm modelinde botank ve bitkiler unsuru ele al\u0131nacak. At\u00f6lye program\u0131nda ise e\u011fitmenler; Zehra Karabulut, Afra Acar, Melis \u00c7il Korkmaz, Deniz Tun\u00e7ezer, Emre Saka, Ay\u015fe T\u00fcmen Arpac\u0131, Beg\u00fcm Kurt, Latife Ak\u0131n, Ezgi Erkan ve Melisa Ata\u00e7 taraf\u0131ndan bilgilendirici at\u00f6lyeler ger\u00e7ekle\u015ftirilecek.<\/span><\/p>\n<p><strong><span style=\"font-family: arial, helvetica, sans-serif; font-size: 14px;\">\u201cSU\u201d DURULU\u011eU AROMATERAP\u0130N\u0130N G\u0130ZEML\u0130 D\u00dcNYASIYLA BULU\u015eUYOR<\/span><\/strong><br \/>\n<span style=\"font-family: arial, helvetica, sans-serif; font-size: 14px;\">5 Temmuz Cumartesi festivalin \u00fc\u00e7\u00fcnc\u00fc g\u00fcn\u00fcnde panelistler; Prof. Dr. Selami Selvi, Prof. Dr. Sabri Erba\u015f, Klinik Psk. Tu\u011f\u00e7e Is\u0131yel, Prof. Dr. K. H\u00fcsn\u00fc Can Ba\u015fer, Dr. \u00d6\u011fr. \u00dcy. Ezgi Ersoy, Prof. Dr. \u00d6zlem Y\u0131lmaz, B. Zafer \u00d6zg\u00fcnay, Prof. Dr. Didem Deliorman Orhan taraf\u0131ndan Aromaterapinin sa\u011fl\u0131k \u00fczerine etkileri \u00e7ok boyutu olarak incelenecek.Sonras\u0131nda Bal\u0131kesir B\u00fcy\u00fck\u015fehir Belediyesi K\u0131rsal Hizmetler Daire Ba\u015fkan\u0131 G\u00fclnaz \u00c7elikyurt Uzuner\u2019in moderat\u00f6rl\u00fc\u011f\u00fcnde; Ankara B\u00fcy\u00fck\u015fehir Belediyesi Genel Sekreter Yard\u0131mc\u0131s\u0131 A. Mekin T\u00fcz\u00fcn, \/\u0130stanbul B\u00fcy\u00fck\u015fehir Belediyesi Tar\u0131msal Hizmetler Daire Ba\u015fkan\u0131 Ahmet Atal\u0131k ve Mu\u011fla B\u00fcy\u00fck\u015fehir Belediyesi Tar\u0131msal Hizmetler Dairesi Ba\u015fkan\u0131 Buket Kallem\u2019in kat\u0131l\u0131m\u0131yla saat 17.00\u2019de \u201cD\u00f6rt Elementin \u0130zinde: B\u00fcy\u00fck\u015fehirlerin Ye\u015fil Tar\u0131m Vizyonu\u201d adl\u0131 panel d\u00fczenlenecek.\u00a0 At\u00f6lye programlar\u0131 ise e\u011fitmenler; Bahar \u00d6zy\u00f6r\u00fck, Beg\u00fcm Ya\u011fc\u0131 Takta\u015f, Ersan Kuzgun, Miray Kervan Ekici, G\u00fczide Arslan, Beyza Yavuz, Ali Kaya, Asl\u0131 Acar Kaya, Bahad\u0131r- Asiye Y\u0131ld\u0131r\u0131m, Dr. M\u00fccahit K\u0131vrak, Aydan \u00d6ks\u00fcz, Melda G\u00fcndo\u011fdu, Bu\u011fra- Dila Erdem\u2019in e\u011flenceli sunumlar\u0131yla ger\u00e7ekle\u015fecek.<\/span><\/p>\n<p><strong><span style=\"font-family: arial, helvetica, sans-serif; font-size: 14px;\">\u201cTOPRAK\u201d VE B\u0130L\u0130MSEL KANITA DAYALI AROMATERAP\u0130 PANELLERDE MASAYA YATIRILACAK<\/span><\/strong><br \/>\n<span style=\"font-family: arial, helvetica, sans-serif; font-size: 14px;\">BA\u00c7EM E\u011fitim Salonu\u2019nda festivalin son g\u00fcn\u00fc olan 6 Temmuz Pazar ger\u00e7ekle\u015fecek panellerde; Biolive Kurucu ortak ve CEO\u2019su Duygu Y\u0131lmaz, Prof. Dr. P\u0131nar D\u00f6nmez Fedakar, Kozmetik \u00dcreticileri ve Ara\u015ft\u0131rmalar\u0131 Derne\u011fi (K\u00dcAD) Ba\u015fkan\u0131 Levent Kahr\u0131man, Dr. Ecz. \u00c7i\u011fdem Bilgi, Prof Dr. \u0130brahim T\u00fcmen, Romy Fraser, Dr. Kelly Ablard, Prof. Dr. Sabriye \u00c7elik U\u011fuz, bilimsel kan\u0131ta dayal\u0131 aromaterapi ve bitkilerin \u00e7e\u015fitli sekt\u00f6rlerde kullan\u0131m\u0131 masaya yat\u0131r\u0131lacak. Panellerin ard\u0131ndan ger\u00e7ekle\u015fecek at\u00f6lyelerde e\u011fitmenler; \u00c7a\u011fr\u0131 Salon, Bestesu Co\u015fkunlar, \u0130pek Somer, Z\u00fclal Ta\u00e7ar, Semra Ye\u015fil, Eda Naz Girgin, G\u00fclbahar Pay, Dilek Himam, Sebile D\u0131\u015fkaya, Gizem G\u00fcrcan taraf\u0131ndan \u00e7e\u015fitli bitkilerle yap\u0131labilecek \u00e7al\u0131\u015fmalar uygulamal\u0131 olarak anlat\u0131lacak.<\/span><\/p>\n<p>&nbsp;<\/p>\n<p>&nbsp;<\/p>\n<p>&nbsp;<\/p>\n","protected":false},"excerpt":{"rendered":"<p>Bal\u0131kesir B\u00fcy\u00fck\u015fehir Belediye Ba\u015fkan\u0131 Ahmet Ak\u0131n\u2019\u0131n bu y\u0131l uluslararas\u0131 boyuta ta\u015f\u0131d\u0131\u011f\u0131 Uluslararas\u0131 6. Bal\u0131kesir Aromaterapi Festivali, 7 \u00fclkeden ve 32<\/p>\n","protected":false},"author":3,"featured_media":28771,"comment_status":"open","ping_status":"open","sticky":false,"template":"","format":"standard","meta":{"colormag_page_container_layout":"default_layout","colormag_page_sidebar_layout":"default_layout","footnotes":""},"categories":[1,5,6,8],"tags":[],"class_list":["post-28770","post","type-post","status-publish","format-standard","has-post-thumbnail","hentry","category-genel","category-gundem","category-kultur-sanat","category-siyaset"],"_links":{"self":[{"href":"https:\/\/marmarayerelhizmet.com\/index.php\/wp-json\/wp\/v2\/posts\/28770","targetHints":{"allow":["GET"]}}],"collection":[{"href":"https:\/\/marmarayerelhizmet.com\/index.php\/wp-json\/wp\/v2\/posts"}],"about":[{"href":"https:\/\/marmarayerelhizmet.com\/index.php\/wp-json\/wp\/v2\/types\/post"}],"author":[{"embeddable":true,"href":"https:\/\/marmarayerelhizmet.com\/index.php\/wp-json\/wp\/v2\/users\/3"}],"replies":[{"embeddable":true,"href":"https:\/\/marmarayerelhizmet.com\/index.php\/wp-json\/wp\/v2\/comments?post=28770"}],"version-history":[{"count":0,"href":"https:\/\/marmarayerelhizmet.com\/index.php\/wp-json\/wp\/v2\/posts\/28770\/revisions"}],"wp:featuredmedia":[{"embeddable":true,"href":"https:\/\/marmarayerelhizmet.com\/index.php\/wp-json\/wp\/v2\/media\/28771"}],"wp:attachment":[{"href":"https:\/\/marmarayerelhizmet.com\/index.php\/wp-json\/wp\/v2\/media?parent=28770"}],"wp:term":[{"taxonomy":"category","embeddable":true,"href":"https:\/\/marmarayerelhizmet.com\/index.php\/wp-json\/wp\/v2\/categories?post=28770"},{"taxonomy":"post_tag","embeddable":true,"href":"https:\/\/marmarayerelhizmet.com\/index.php\/wp-json\/wp\/v2\/tags?post=28770"}],"curies":[{"name":"wp","href":"https:\/\/api.w.org\/{rel}","templated":true}]}}